{"id":131352,"date":"2026-01-07T17:37:53","date_gmt":"2026-01-07T17:37:53","guid":{"rendered":"https:\/\/www.europesays.com\/no\/131352\/"},"modified":"2026-01-07T17:37:53","modified_gmt":"2026-01-07T17:37:53","slug":"prisvekst-pa-malet-e24","status":"publish","type":"post","link":"https:\/\/www.europesays.com\/no\/131352\/","title":{"rendered":"Prisvekst p\u00e5 m\u00e5let \u2013 E24"},"content":{"rendered":"<p class=\"fullWidthDesktop hyperion-css-71ztg2\" data-test-tag=\"lead-text\">Inflasjonen i landene som bruker euro falt til 2 prosent i desember, if\u00f8lge Eurostat. <\/p>\n<p><img decoding=\"async\" class=\"image-asset hyperion-css-r3zy8a\" data-test-tag=\"image-asset\" src=\"https:\/\/www.europesays.com\/no\/wp-content\/uploads\/2026\/01\/c5e3257c-a574-4cf7-b241-6a2101a1ffea.jpeg\"  alt=\"Julemarked p\u00e5 Breitscheidplatz i Berlin, Tyskland. Bildet er fra 22. desember i fjor. \"  loading=\"eager\" fetchpriority=\"high\" style=\"aspect-ratio:1900 \/ 1267\"\/>Julemarked p\u00e5 Breitscheidplatz i Berlin, Tyskland. Bildet er fra 22. desember i fjor. Foto: JOHN MACDOUGALL \/ AFP \/ NTBPublisert: Publisert: <\/p>\n<p>For mindre enn 40 minutter siden<\/p>\n<p>Kortversjonen<\/p>\n<ul class=\"hyperion-css-pkq1ci\" data-test-tag=\"list\">\n<li class=\"hyperion-css-12h2ush\">Inflasjonen i euroland falt til n\u00f8yaktig 2 prosent i desember, som er inflasjonsm\u00e5let til Den europeiske sentralbanken.<\/li>\n<li class=\"hyperion-css-12h2ush\">Tjenester og mat driver fortsatt prisene opp, mens energiprisene falt 1,9 prosent sammenlignet med i fjor.<\/li>\n<li class=\"hyperion-css-12h2ush\">ESB holder renten p\u00e5 2 prosent og er komfortable med dagens niv\u00e5, med terskelen h\u00f8y for ytterligere kutt, if\u00f8lge Handelsbanken. <\/li>\n<\/ul>\n<p class=\"hyperion-css-10lbhat\">Oppsummeringen er laget av AI-verkt\u00f8yet ChatGPT og kvalitetssikret av E24s journalister<\/p>\n<p>Vis mer <\/p>\n<ul class=\"hyperion-css-pte5x0\">\n<li aria-label=\"link\" class=\"narrow-button hyperion-css-1sz7d3n\">Kopier lenke<\/li>\n<li aria-label=\"link\" class=\"wide-button hyperion-css-1sz7d3n\">Kopier lenke<\/li>\n<li aria-label=\"facebook\" class=\"narrow-button hyperion-css-1sz7d3n\">Del p\u00e5 Facebook<\/li>\n<li aria-label=\"facebook\" class=\"wide-button hyperion-css-1sz7d3n\">Del p\u00e5 Facebook<\/li>\n<li aria-label=\"email\" class=\"narrow-button hyperion-css-1sz7d3n\">Del med e-post<\/li>\n<li aria-label=\"email\" class=\"wide-button hyperion-css-1sz7d3n\">Del med e-post<\/li>\n<\/ul>\n<p class=\"hyperion-css-1lemvax\">Det er n\u00f8yaktig p\u00e5 inflasjonsm\u00e5let til Den europeiske sentralbanken (ESB) og det samme som flertallet av analytikerne i en Bloomberg-unders\u00f8kelse hadde ventet. <\/p>\n<p><a data-test-tag=\"teaser-small:link-internal\" href=\"https:\/\/e24.no\/privatoekonomi\/i\/m0RoMp\/olav-chen-her-ville-han-investert-100-000\" class=\"imagePosition-top inline hyperion-css-6238vu\" rel=\"nofollow noopener\" target=\"\" aria-label=\"Olav Chen: Her ville han investert 100.000\"><\/p>\n<p>Les p\u00e5 E24+<\/p>\n<p>Olav Chen: Her ville han investert 100.000<\/p>\n<p><\/a>Tjenester og mat trekker opp<\/p>\n<p class=\"hyperion-css-1lemvax\">Fortsatt er det prisene p\u00e5 tjenester som stiger mest, etterfulgt av prisene p\u00e5 mat, alkohol og tobakk, skriver Eurostat i en pressemelding. <\/p>\n<p class=\"hyperion-css-1lemvax\">Energiprisene har falt noe sammenlignet med i fjor, og var 1,9 prosent lavere i desember 2025 i forhold til desember 2024. <\/p>\n<p class=\"hyperion-css-1lemvax\">Kjerneinflasjonen, som ser bort fra prisene p\u00e5 energivarer, mat, alkohol og tobakk, falt til 2,3 prosent. Det var ned fra 2,4 prosent i november og et hakk lavere enn hva analytikerne hadde ventet (ogs\u00e5 2,4 prosent), if\u00f8lge Bloomberg. <\/p>\n<p>\u00abKomfortable med dagens renteniv\u00e5\u00bb<\/p>\n<p class=\"hyperion-css-1lemvax\">Kort tid f\u00f8r jul holdt ESB styringsrenten i eurosonen <a data-test-tag=\"internal-link\" href=\"https:\/\/e24.no\/internasjonal-oekonomi\/i\/j0P8qe\/den-europeiske-sentralbanken-holder-renten-uendret\" class=\"hyperion-css-1rezu2g\" rel=\"nofollow noopener\" target=\"\" aria-label=\"uendret p\u00e5 2 prosent\">uendret p\u00e5 2 prosent<\/a>. Der har den ligget siden juni. <\/p>\n<p class=\"hyperion-css-1lemvax\">Den \u00f8konomiske utviklingen i EU har v\u00e6rt forsiktig, men stabil over lengre tid. <\/p>\n<p class=\"hyperion-css-1lemvax\">F\u00f8r jul jekket ESB sine prognosene noe opp. Banken venter n\u00e5 en BNP-vekst p\u00e5 1,4 prosent i 2026. <\/p>\n<p class=\"hyperion-css-1lemvax\">Staben i ESB venter samtidig at prisveksten i en periode vil falle under m\u00e5let, if\u00f8lge Handelsbanken. <\/p>\n<p class=\"hyperion-css-1lemvax\">\u00abESB er da ogs\u00e5 komfortable med dagens renteniv\u00e5, og terskelen er noks\u00e5 h\u00f8y for at renten skal kuttes noe videre fra dagens niv\u00e5. Rentemarkedet snuser heller mer p\u00e5 muligheten for at neste bevegelse er oppover\u00bb, skrev sjef\u00f8konom Marius Gonsholt Hov i en morgenrapport onsdag. <\/p>\n","protected":false},"excerpt":{"rendered":"Inflasjonen i landene som bruker euro falt til 2 prosent i desember, if\u00f8lge Eurostat. Julemarked p\u00e5 Breitscheidplatz i&hellip;\n","protected":false},"author":2,"featured_media":131353,"comment_status":"","ping_status":"","sticky":false,"template":"","format":"standard","meta":{"footnotes":""},"categories":[56],"tags":[60,61,62,30,28,29],"class_list":{"0":"post-131352","1":"post","2":"type-post","3":"status-publish","4":"format-standard","5":"has-post-thumbnail","7":"category-naeringsliv","8":"tag-business","9":"tag-economy","10":"tag-naeringsliv","11":"tag-no","12":"tag-norge","13":"tag-norway"},"share_on_mastodon":{"url":"https:\/\/pubeurope.com\/@no\/115855039117211353","error":""},"_links":{"self":[{"href":"https:\/\/www.europesays.com\/no\/wp-json\/wp\/v2\/posts\/131352","targetHints":{"allow":["GET"]}}],"collection":[{"href":"https:\/\/www.europesays.com\/no\/wp-json\/wp\/v2\/posts"}],"about":[{"href":"https:\/\/www.europesays.com\/no\/wp-json\/wp\/v2\/types\/post"}],"author":[{"embeddable":true,"href":"https:\/\/www.europesays.com\/no\/wp-json\/wp\/v2\/users\/2"}],"replies":[{"embeddable":true,"href":"https:\/\/www.europesays.com\/no\/wp-json\/wp\/v2\/comments?post=131352"}],"version-history":[{"count":0,"href":"https:\/\/www.europesays.com\/no\/wp-json\/wp\/v2\/posts\/131352\/revisions"}],"wp:featuredmedia":[{"embeddable":true,"href":"https:\/\/www.europesays.com\/no\/wp-json\/wp\/v2\/media\/131353"}],"wp:attachment":[{"href":"https:\/\/www.europesays.com\/no\/wp-json\/wp\/v2\/media?parent=131352"}],"wp:term":[{"taxonomy":"category","embeddable":true,"href":"https:\/\/www.europesays.com\/no\/wp-json\/wp\/v2\/categories?post=131352"},{"taxonomy":"post_tag","embeddable":true,"href":"https:\/\/www.europesays.com\/no\/wp-json\/wp\/v2\/tags?post=131352"}],"curies":[{"name":"wp","href":"https:\/\/api.w.org\/{rel}","templated":true}]}}