{"id":131356,"date":"2026-01-07T17:42:26","date_gmt":"2026-01-07T17:42:26","guid":{"rendered":"https:\/\/www.europesays.com\/no\/131356\/"},"modified":"2026-01-07T17:42:26","modified_gmt":"2026-01-07T17:42:26","slug":"ashley-tisdale-avslorer-drama-i-mammagruppen-ryktene-florerer","status":"publish","type":"post","link":"https:\/\/www.europesays.com\/no\/131356\/","title":{"rendered":"Ashley Tisdale avsl\u00f8rer drama i mammagruppen \u2013 ryktene florerer"},"content":{"rendered":"<p class=\"kicker t20\" style=\"\">Ashley Tisdale French:<\/p>\n<p>  Da Disney-ikonet tok et offentlig oppgj\u00f8r med mammagruppen sin, eksploderte ryktene og overskriftene.<\/p>\n<p>\n    OPPGJ\u00d8R: Ashley Tisdale French har blitt m\u00f8tt med rykter, st\u00f8tte og spekulasjoner etter hennes oppgj\u00f8r med vennegruppen for m\u00f8dre som hun var en del av. Foto: Michael Tullberg\/Getty Images\/NTB\n  <\/p>\n<p>Etter \u00e5 ha f\u00f8dt sin f\u00f8rste datter Jupiter (4) i mars 2021, lengtet artisten og skuespillerprofilen Ashley Tisdale French (40) etter kontakt med andre m\u00f8dre.\u00a0<\/p>\n<p>    <a itemprop=\"url\" href=\"https:\/\/www.seher.no\/kjendis\/sjokknyhet-bytter-navn\/83880940\" rel=\"nofollow noopener\" target=\"_blank\"><\/p>\n<p>        <img loading=\"lazy\" decoding=\"async\" src=\"https:\/\/www.europesays.com\/no\/wp-content\/uploads\/2026\/01\/1767807739_400_83880856.webp.webp\" width=\"980\" height=\"441\" title=\"Sjokknyhet: Bytter navn\" alt=\"\" class=\"lazyload\" style=\"--aspect-ratio-image: 2.22; \"\/><\/p>\n<p>        Sjokknyhet: Bytter navn<\/p>\n<p>    <\/a><\/p>\n<p> Hun \u00f8nsket \u00e5 finne noen hun kunne snakke med om alt fra hvilken stelleveske man burde kj\u00f8pe, til hvordan man f\u00e5r gjort noe som helst n\u00e5r man skal \u00absove n\u00e5r babyen sover.\u00bb<\/p>\n<p>Derfor f\u00f8lte hun seg heldig da en venninne satte sammen en gruppe med nye m\u00f8dre. <\/p>\n<p>    <a itemprop=\"url\" href=\"https:\/\/www.seher.no\/kjendis\/avslorer-diagnose-etter-antakelse\/79931448\" rel=\"nofollow noopener\" target=\"_blank\"><\/p>\n<p>        <img loading=\"lazy\" decoding=\"async\" src=\"https:\/\/www.europesays.com\/no\/wp-content\/uploads\/2026\/01\/79931465.webp.webp\" width=\"980\" height=\"441\" title=\"Avsl\u00f8rer diagnose etter antakelse\" alt=\"\" class=\"lazyload\" style=\"--aspect-ratio-image: 2.22; \"\/><\/p>\n<p>        Avsl\u00f8rer diagnose etter antakelse<\/p>\n<p>    <\/a><\/p>\n<p>\u00abJeg var sikker p\u00e5 at jeg hadde funnet mitt nettverk\u00bb, skriver French i et innlegg i magasinet <a href=\"https:\/\/www.thecut.com\/article\/ashley-tisdale-french-mom-group-mean-girls-parenting.html\" rel=\"nofollow noopener\" target=\"_blank\">The Cut<\/a>\u00a0publisert 1. januar.<\/p>\n<p class=\"font-weight-bold m-font-weight-bold\" data-lab-font_weight=\"font-weight-bold\">Videre i innlegget tar hun et oppgj\u00f8r med mammagruppen og \u00e5pner opp om hvordan hun m\u00e5tte forlate den.<\/p>\n<p>        <img loading=\"lazy\" decoding=\"async\" src=\"https:\/\/www.europesays.com\/no\/wp-content\/uploads\/2026\/01\/1767807741_883_84061986.webp.webp\" width=\"667\" height=\"474\" title=\"VENNEGRUPPE: Det spekuleres i om det er denne gruppen Ashley Tisdale French har tatt et oppgj\u00f8r med. Foto: skjermbilde: @hilaryduff \/ Instagram\" alt=\"\" class=\"\" style=\"--aspect-ratio-image: 1.41; \"\/><\/p>\n<p>\n        VENNEGRUPPE: Det spekuleres i om det er denne gruppen Ashley Tisdale French har tatt et oppgj\u00f8r med. Foto: skjermbilde: @hilaryduff \/ Instagram\n    <\/p>\n<p class=\"font-weight-normal m-font-weight-normal\" data-lab-font_weight=\"font-weight-normal\">Det har f\u00f8rt til ville spekulasjoner p\u00e5 nettet.<\/p>\n<p>Fryst ut av gruppen\t<\/p>\n<p>40-\u00e5ringen skriver at hun var imponert over kvinnene i gruppen og alt det fantastiske de hadde p\u00e5 gang, som \u00e5 drive egne selskaper, bygge merkevarer og lansere kreative prosjekter. I tillegg til at de var sm\u00e5barnsm\u00f8dre.<\/p>\n<p>        \u00abFARMEN KJENDIS\u00bb: Produksjonen ga deltakerne streng beskjed om dette f\u00f8r de ankom g\u00e5rden. Video: \u00abFarmen kjendis\u00bb\/TV 2, R\u00f8d L\u00f8per\/Nora Skavhaug<\/p>\n<p class=\"font-weight-bold m-font-weight-bold\" data-lab-font_weight=\"font-weight-bold\">Men mammagruppe-idyllen skulle vise seg \u00e5 ikke vare.<\/p>\n<p class=\"font-weight-bold m-font-weight-bold\" data-lab-font_weight=\"font-weight-bold\">For da French plutselig oppdaget via <a href=\"https:\/\/www.instagram.com\/ashleytisdalefrench\/\" rel=\"nofollow noopener\" target=\"_blank\">Instagram<\/a>\u00a0at hun hadde blitt utelatt fra flere mammam\u00f8ter med gruppen, begynte hun \u00e5 lure p\u00e5 om dette virkelig var hennes nettverk likevel.<\/p>\n<p>    <a itemprop=\"url\" href=\"https:\/\/www.seher.no\/kjendis\/avslorte-sin-egen-bloff\/76146251\" rel=\"nofollow noopener\" target=\"_blank\"><\/p>\n<p>        <img loading=\"lazy\" decoding=\"async\" src=\"https:\/\/www.europesays.com\/no\/wp-content\/uploads\/2026\/01\/76146973.webp.webp\" width=\"980\" height=\"441\" title=\"Avsl\u00f8rte sin egen bl\u00f8ff\" alt=\"\" class=\"lazyload\" style=\"--aspect-ratio-image: 2.22; \"\/><\/p>\n<p>        Avsl\u00f8rte sin egen bl\u00f8ff<\/p>\n<p>    <\/a><\/p>\n<p class=\"font-weight-bold m-font-weight-bold\" data-lab-font_weight=\"font-weight-bold\">Etter hvert begynte hun \u00e5 legge merke til alle m\u00e5tene gruppen tilsynelatende ekskluderte henne p\u00e5.<\/p>\n<p>        <img loading=\"lazy\" decoding=\"async\" src=\"https:\/\/www.europesays.com\/no\/wp-content\/uploads\/2026\/01\/1767807743_127_84061669.webp.webp\" width=\"667\" height=\"1001\" title=\"GIFT: Ahsley Tisdale French er gift og har to barn med komponisten Christopher French. Foto: James Atoa\/UPI\/Shutterstock\/NTB\" alt=\"\" class=\"\" style=\"--aspect-ratio-image: 0.67; \"\/><\/p>\n<p>\n        GIFT: Ahsley Tisdale French er gift og har to barn med komponisten Christopher French. Foto: James Atoa\/UPI\/Shutterstock\/NTB\n    <\/p>\n<p>\u00abJeg fortalte meg selv at det var innbilning, og at det ikke var noen stor sak. Likevel kunne jeg kjenne en \u00f8kende avstand mellom meg og de andre medlemmene av gruppen, som ikke engang virket \u00e5 bry seg om at jeg ikke var der s\u00e5 mye\u00bb, skriver hun.<\/p>\n<p> P\u00e5 et tidspunkt bestemte hun seg for \u00e5 sende en melding til gruppen der det skal ha st\u00e5tt f\u00f8lgende: <\/p>\n<p>        ANGSTANFALL: Det ble en dramatisk start p\u00e5 \u00abFarmen kjendis\u00bb-oppholdet for komiker Jonas Lihaug Fredriksen. Reporter: Nora Skavhaug. Video: Sanne Holt\/ TV 2\/ R\u00f8d L\u00f8per<\/p>\n<p>\u00abDette er for mye videreg\u00e5ende for meg, og jeg vil ikke v\u00e6re en del av det lenger.\u00bb<\/p>\n<p>Avviser spekulasjoner\t<\/p>\n<p>Reaksjonene har ikke latt vente p\u00e5 seg siden \u00abHigh School Musical\u00bb-stjerna kom ut med mammagruppe-historien p\u00e5 livsstilsbloggen sin \u00ab<a href=\"https:\/\/archive.is\/FRD7W\" rel=\"nofollow noopener\" target=\"_blank\">By Ashley French<\/a>\u00bb.<\/p>\n<p>    <a itemprop=\"url\" href=\"https:\/\/www.seher.no\/kjendis\/disney-stjernen-ble-mamma\/73569571\" rel=\"nofollow noopener\" target=\"_blank\"><\/p>\n<p>        <img loading=\"lazy\" decoding=\"async\" src=\"https:\/\/www.europesays.com\/no\/wp-content\/uploads\/2026\/01\/73569586.webp.webp\" width=\"980\" height=\"441\" title=\"Disney-stjernen ble mamma\" alt=\"\" class=\"lazyload\" style=\"--aspect-ratio-image: 2.22; \"\/><\/p>\n<p>        Disney-stjernen ble mamma<\/p>\n<p>    <\/a><\/p>\n<p>\u00abDet er et tema som har f\u00e5tt telefonen min til \u00e5 eksplodere siden jeg f\u00f8rst skrev om det for noen uker siden. Kvinner har sendt meg meldinger hvor de sier &#8216;jeg f\u00f8ler meg sett&#8217; og deler sine mest f\u00f8lelsesladde historier med meg\u00bb, skriver 40-\u00e5ringen i The Cut.<\/p>\n<p class=\"font-weight-bold m-font-weight-bold\" data-lab-font_weight=\"font-weight-bold\">Rykter og spekulasjoner om hvilke m\u00f8dre French snakker om i innlegget har ogs\u00e5 eksplodert. Tre gjentakende navn er Mandy Moore (41), Hilary Duff (38) og Meghan Trainor (32).<\/p>\n<p>        <img loading=\"lazy\" decoding=\"async\" src=\"https:\/\/www.europesays.com\/no\/wp-content\/uploads\/2026\/01\/1767807744_55_84061672.webp.webp\" width=\"667\" height=\"447\" title=\"RYKTE: Hilary Duff er \u00e9n av tre det har blitt spekulert i om var en del av vennegruppen som French tok et oppgj\u00f8r med. Foto: Alessandro Garofalo\/Reuters\/NTB\" alt=\"\" class=\"\" style=\"--aspect-ratio-image: 1.49; \"\/><\/p>\n<p>\n        RYKTE: Hilary Duff er \u00e9n av tre det har blitt spekulert i om var en del av vennegruppen som French tok et oppgj\u00f8r med. Foto: Alessandro Garofalo\/Reuters\/NTB\n    <\/p>\n<p>Disse spekulasjonene har French&#8217; representant avvist overfor\u00a0<a href=\"https:\/\/www.tmz.com\/2026\/01\/05\/ashley-tisdale-responds-mom-article-drama-republican\/\" rel=\"nofollow noopener\" target=\"_blank\">TMZ<\/a>, og hevder at det er null sannhet i det \u00abnettdetektivene\u00bb p\u00e5st\u00e5r.<\/p>\n<p>    <a itemprop=\"url\" href=\"https:\/\/www.seher.no\/kjendis\/bryter-tausheten-om-sosteren\/83828137\" rel=\"nofollow noopener\" target=\"_blank\"><\/p>\n<p>        <img loading=\"lazy\" decoding=\"async\" src=\"https:\/\/www.europesays.com\/no\/wp-content\/uploads\/2026\/01\/83828267.webp.webp\" width=\"980\" height=\"441\" title=\"Bryter tausheten om s\u00f8steren\" alt=\"\" class=\"lazyload\" style=\"--aspect-ratio-image: 2.22; \"\/><\/p>\n<p>        Bryter tausheten om s\u00f8steren<\/p>\n<p>    <\/a><\/p>\n<p>Mange hoppet ogs\u00e5 til konklusjonen om at konflikten skyldtes politikk, og at French skal v\u00e6re en hardbarket Trump-tilhenger. Dette avvises ogs\u00e5 p\u00e5 det sterkeste.<\/p>\n<p>&#8211; Det er fullstendig usant, spesielt siden hun er registrert demokrat, sier representanten.<\/p>\n<p>    <a itemprop=\"url\" href=\"https:\/\/www.seher.no\/kjendis\/ville-aldri-gjort-det-igjen\/83796206\" rel=\"nofollow noopener\" target=\"_blank\"><\/p>\n<p>        <img loading=\"lazy\" decoding=\"async\" src=\"https:\/\/www.europesays.com\/no\/wp-content\/uploads\/2026\/01\/83794565.webp.webp\" width=\"980\" height=\"441\" title=\"Angrer p\u00e5 dette\" alt=\"\" class=\"lazyload\" style=\"--aspect-ratio-image: 2.22; \"\/><\/p>\n<p>        Angrer p\u00e5 dette<\/p>\n<p>    <\/a><\/p>\n<p>Representanten sl\u00e5r fast at innlegget i The Cut handlet om French&#8217; egne erfaringer med \u00e5 bli utestengt fra sosiale sammenkomster av en helt annen vennegruppe.<\/p>\n<p><script async src=\"\/\/www.instagram.com\/embed.js\"><\/script><\/p>\n","protected":false},"excerpt":{"rendered":"Ashley Tisdale French: Da Disney-ikonet tok et offentlig oppgj\u00f8r med mammagruppen sin, eksploderte ryktene og overskriftene. OPPGJ\u00d8R: Ashley&hellip;\n","protected":false},"author":2,"featured_media":131357,"comment_status":"","ping_status":"","sticky":false,"template":"","format":"standard","meta":{"footnotes":""},"categories":[58],"tags":[15198,15197,71,8507,479,2543,8508,11328,7400,30,28,29,72,15199],"class_list":{"0":"post-131356","1":"post","2":"type-post","3":"status-publish","4":"format-standard","5":"has-post-thumbnail","7":"category-underholdning","8":"tag-ashley-tisdale","9":"tag-christopher-french","10":"tag-entertainment","11":"tag-hillary-duff","12":"tag-kjendis","13":"tag-kjendisdesken","14":"tag-mandy-moore","15":"tag-meghan-trainor","16":"tag-modre","17":"tag-no","18":"tag-norge","19":"tag-norway","20":"tag-underholdning","21":"tag-vennegrupper"},"share_on_mastodon":{"url":"https:\/\/pubeurope.com\/@no\/115855054855117792","error":""},"_links":{"self":[{"href":"https:\/\/www.europesays.com\/no\/wp-json\/wp\/v2\/posts\/131356","targetHints":{"allow":["GET"]}}],"collection":[{"href":"https:\/\/www.europesays.com\/no\/wp-json\/wp\/v2\/posts"}],"about":[{"href":"https:\/\/www.europesays.com\/no\/wp-json\/wp\/v2\/types\/post"}],"author":[{"embeddable":true,"href":"https:\/\/www.europesays.com\/no\/wp-json\/wp\/v2\/users\/2"}],"replies":[{"embeddable":true,"href":"https:\/\/www.europesays.com\/no\/wp-json\/wp\/v2\/comments?post=131356"}],"version-history":[{"count":0,"href":"https:\/\/www.europesays.com\/no\/wp-json\/wp\/v2\/posts\/131356\/revisions"}],"wp:featuredmedia":[{"embeddable":true,"href":"https:\/\/www.europesays.com\/no\/wp-json\/wp\/v2\/media\/131357"}],"wp:attachment":[{"href":"https:\/\/www.europesays.com\/no\/wp-json\/wp\/v2\/media?parent=131356"}],"wp:term":[{"taxonomy":"category","embeddable":true,"href":"https:\/\/www.europesays.com\/no\/wp-json\/wp\/v2\/categories?post=131356"},{"taxonomy":"post_tag","embeddable":true,"href":"https:\/\/www.europesays.com\/no\/wp-json\/wp\/v2\/tags?post=131356"}],"curies":[{"name":"wp","href":"https:\/\/api.w.org\/{rel}","templated":true}]}}