{"id":131358,"date":"2026-01-07T17:51:16","date_gmt":"2026-01-07T17:51:16","guid":{"rendered":"https:\/\/www.europesays.com\/no\/131358\/"},"modified":"2026-01-07T17:51:16","modified_gmt":"2026-01-07T17:51:16","slug":"bilulykke-pa-e39-ved-sunnfjord","status":"publish","type":"post","link":"https:\/\/www.europesays.com\/no\/131358\/","title":{"rendered":"Bilulykke p\u00e5 E39 ved Sunnfjord"},"content":{"rendered":"\n<p class=\"_lead_o9xde_2 _lead_xtcu6_50 layout-component text-serif-m layout-normal text-serif-l layout-component layout-wide layout-padded _wide_17hqh_1 layout-padded\">To personer er skadet etter at en bilf\u00f8rer ikke oppdaget manuell dirigering og krasjet i en ventende bil p\u00e5 E39 ved Sunnfjord.<\/p>\n<ul aria-hidden=\"true\" class=\"_images_ntbth_112\">\n<li><a class=\"_link_ntbth_117\" href=\"https:\/\/www.vg.no\/forfatter\/jarle-grivi-brenna\" style=\"z-index:1\" title=\"Jarle Grivi Brenna\" rel=\"nofollow noopener\" target=\"_blank\"><img alt=\"Bilde av Jarle Grivi Brenna\" class=\"_image_ntbth_93\" fetchpriority=\"low\" loading=\"lazy\" decoding=\"async\" itemprop=\"image\"  src=\"https:\/\/www.europesays.com\/no\/wp-content\/uploads\/2026\/01\/1767808274_631_4c504afa-f58d-49a8-b071-dbd347a6f9c2.jpeg\"  width=\"480\"\/><\/a><\/li>\n<\/ul>\n<p> Oppdatert onsdag 7. januar kl. 13:59     <\/p>\n<p class=\"_paragraph_o9xde_4 _paragraph_xtcu6_10 layout-component text-serif-m layout-normal text-serif-m layout-padded\">Det var manuell dirigering p\u00e5 stedet p\u00e5 grunn av p\u00e5g\u00e5ende veiarbeid. En bil hadde stoppet foran trafikkdirigenten som sperret veien i den retningen.<\/p>\n<p class=\"_paragraph_o9xde_4 _paragraph_xtcu6_10 layout-component text-serif-m layout-normal text-serif-m layout-padded\">\u2013 Den neste bilen f\u00e5r ikke med seg dette, kommer susende inn og treffer bilen som st\u00e5r parkert, forteller operasjonsleder Frode Kolltveit i Vest politidistrikt til VG.<\/p>\n<p class=\"_paragraph_o9xde_4 _paragraph_xtcu6_10 layout-component text-serif-m layout-normal text-serif-m layout-padded\">Da bilf\u00f8reren krasjet inn i bilen foran seg, ble denne skj\u00f8vet fremover slik at den traff bilen til trafikkdirigenten.<\/p>\n<p class=\"_paragraph_o9xde_4 _paragraph_xtcu6_10 layout-component text-serif-m layout-normal text-serif-m layout-padded\">\u2013 Han sto p\u00e5 utsiden og ble ikke truffet, forteller Kolltveit.<\/p>\n<p class=\"_paragraph_o9xde_4 _paragraph_xtcu6_10 layout-component text-serif-m layout-normal text-serif-m layout-padded\">Ulykken skjedde i 80-sonen langs Ykslandsvatnet. Fartsgrensen var satt ned til 50 km\/t p\u00e5 grunn av veiarbeidet.<\/p>\n<p class=\"_paragraph_o9xde_4 _paragraph_xtcu6_10 layout-component text-serif-m layout-normal text-serif-m layout-padded\">B\u00e5de den som befant seg i bilen som stoppet, og bilf\u00f8reren som kj\u00f8rte p\u00e5 bakfra, er skadet. If\u00f8lge politiet dreier det seg om ryggsmerter, samt smerter i mage og sjokk.<\/p>\n<p class=\"_paragraph_o9xde_4 _paragraph_xtcu6_10 layout-component text-serif-m layout-normal text-serif-m layout-padded\">Begge ble kj\u00f8rt til sykehus med ambulanse for n\u00e6rmere unders\u00f8kelser.<\/p>\n<p>Aktiver kart<br \/>\n    <img decoding=\"async\" alt=\"Tips oss illustrasjon\" src=\"https:\/\/www.europesays.com\/no\/wp-content\/uploads\/2025\/10\/pssst-small.webp.webp\"\/>    <\/p>\n<p class=\"title-serif-s\">Har du tips?<\/p>\n<p class=\"text-sans-m\">Send oss informasjon, bilder eller video.<\/p>\n<p>  <a href=\"https:\/\/www.vg.no\/tips-oss\" rel=\"nofollow noopener\" target=\"_blank\"> Tips oss <\/a>      <\/p>\n","protected":false},"excerpt":{"rendered":"To personer er skadet etter at en bilf\u00f8rer ikke oppdaget manuell dirigering og krasjet i en ventende bil&hellip;\n","protected":false},"author":2,"featured_media":131359,"comment_status":"","ping_status":"","sticky":false,"template":"","format":"standard","meta":{"footnotes":""},"categories":[10],"tags":[20,21,24,25,15,22,23,13,30,28,29,14,16,1466,26,27,51],"class_list":{"0":"post-131358","1":"post","2":"type-post","3":"status-publish","4":"format-standard","5":"has-post-thumbnail","7":"category-norge","8":"tag-breaking-news","9":"tag-breakingnews","10":"tag-featured-news","11":"tag-featurednews","12":"tag-headlines","13":"tag-latest-news","14":"tag-latestnews","15":"tag-news","16":"tag-no","17":"tag-norge","18":"tag-norway","19":"tag-nyheter","20":"tag-overskrifter","21":"tag-sunnfjord","22":"tag-top-stories","23":"tag-topstories","24":"tag-ulykke"},"share_on_mastodon":{"url":"https:\/\/pubeurope.com\/@no\/115855090164235949","error":""},"_links":{"self":[{"href":"https:\/\/www.europesays.com\/no\/wp-json\/wp\/v2\/posts\/131358","targetHints":{"allow":["GET"]}}],"collection":[{"href":"https:\/\/www.europesays.com\/no\/wp-json\/wp\/v2\/posts"}],"about":[{"href":"https:\/\/www.europesays.com\/no\/wp-json\/wp\/v2\/types\/post"}],"author":[{"embeddable":true,"href":"https:\/\/www.europesays.com\/no\/wp-json\/wp\/v2\/users\/2"}],"replies":[{"embeddable":true,"href":"https:\/\/www.europesays.com\/no\/wp-json\/wp\/v2\/comments?post=131358"}],"version-history":[{"count":0,"href":"https:\/\/www.europesays.com\/no\/wp-json\/wp\/v2\/posts\/131358\/revisions"}],"wp:featuredmedia":[{"embeddable":true,"href":"https:\/\/www.europesays.com\/no\/wp-json\/wp\/v2\/media\/131359"}],"wp:attachment":[{"href":"https:\/\/www.europesays.com\/no\/wp-json\/wp\/v2\/media?parent=131358"}],"wp:term":[{"taxonomy":"category","embeddable":true,"href":"https:\/\/www.europesays.com\/no\/wp-json\/wp\/v2\/categories?post=131358"},{"taxonomy":"post_tag","embeddable":true,"href":"https:\/\/www.europesays.com\/no\/wp-json\/wp\/v2\/tags?post=131358"}],"curies":[{"name":"wp","href":"https:\/\/api.w.org\/{rel}","templated":true}]}}