{"id":131362,"date":"2026-01-07T17:59:11","date_gmt":"2026-01-07T17:59:11","guid":{"rendered":"https:\/\/www.europesays.com\/no\/131362\/"},"modified":"2026-01-07T17:59:11","modified_gmt":"2026-01-07T17:59:11","slug":"fjorden-kadettangen-lene-raser-en-skandale-at-isen-ikke-sjekkes-og-merkes","status":"publish","type":"post","link":"https:\/\/www.europesays.com\/no\/131362\/","title":{"rendered":"Fjorden, Kadettangen | Lene raser: \u2013 En skandale at isen ikke sjekkes og merkes"},"content":{"rendered":"\n<p>\u2013 Tusenvis av mennesker har hatt stor glede av at fjordisen merkes med granbusker n\u00e5r den er trygg, sier Lene Schmidt (73) p\u00e5 Fornebu.<\/p>\n<p>Hun mener det er en skandale at kommunen har lagt ned Isoppsynet og ikke merker trygge ruter mellom \u00f8yene.<\/p>\n<p>En kvinne i 20-\u00e5rene p\u00e5 tur med hunden<a href=\"https:\/\/www.budstikka.no\/gikk-gjennom-isen\/s\/5-55-2176879\" rel=\"Follow nofollow noopener\" target=\"_blank\"> gikk tirsdag kveld gjennom isen mellom Kalv\u00f8ya og Saraholmen.<\/a> Politiet fikk melding om hendelsen rett f\u00f8r klokken 18.<\/p>\n<p>Hun kom seg opp for egen maskin, opplyste operasjonsleder Rune Hekkelstrand i politiet.<\/p>\n<p>Hunden skal ikke ha g\u00e5tt gjennom isen.<\/p>\n<p>Kvinnen kom seg inn til land ved Henie Onstad Kunstsenter. Hun var kald og fikk tilsyn av ambulansepersonell.<\/p>\n<p>            R\u00e5d og tips for ferdsel p\u00e5 islagt vann<\/p>\n<ul>\n<li>Du b\u00f8r aldri ferdes p\u00e5 islagt vann alene, men s\u00f8rge for at dere er minimum to, slik at hjelpen er n\u00e6r om det skulle skje noe.<\/li>\n<li>Alle som beveger seg p\u00e5 islagte vann, b\u00f8r ha ispigger tilgjengelig. I tillegg kan det v\u00e6re lurt \u00e5 legge mobilen i en vanntett pose, slik at den ikke blir \u00f8delagt av vannet. <\/li>\n<li>Et raskt varsel er helt avgj\u00f8rende for utfallet av en hendelse. N\u00f8l derfor aldri med \u00e5 ringe brannvesenet p\u00e5 n\u00f8dnummer 110, skulle du se noen som er i n\u00f8d. Om mulig kan du kan ringe etter hjelp selv hvis du befinner deg alene p\u00e5 hendelsestidspunktet.<\/li>\n<li>V\u00e6r \u00e5rv\u00e5ken overfor de omgivelsene du befinner deg i. Mange kan forsvinne ut av syne uten at man tenker over det. Jo raskere et redningsoppdrag kan iverksettes, jo st\u00f8rre sjanse er det for at personen(e) kan reddes uten \u00e5 f\u00e5 varig m\u00e9n eller omkomme. Vi har alle en plikt til \u00e5 bidra p\u00e5 en eller annen m\u00e5te, hvis vi ser at noen er i n\u00f8d.<\/li>\n<li>Sjekk alltid nettsider som <a href=\"https:\/\/varsom.no\/\" rel=\"nofollow noopener\" target=\"_blank\">www.varsom.no<\/a> og <a href=\"https:\/\/www.skiforeningen.no\/utimarka\/foremelding\/\" rel=\"nofollow noopener\" target=\"_blank\">Skiforeningen<\/a> for siste oppdaterte informasjon om isen.<br \/>Kilde: Brannvesenet<\/li>\n<\/ul>\n<p>Brannvesenet unders\u00f8kte hvor den aktuelle r\u00e5ken der kvinnen gikk gjennom var, men fant den ikke.<\/p>\n<p>  <a href=\"https:\/\/www.budstikka.no\/5-55-2172777\" class=\"related-teaser has-image default-story-teaser article--c-eRUmMG article--c-eRUmMG-jKCPdD-design-default\" rel=\"nofollow noopener\" target=\"_blank\"><\/p>\n<p>    <img decoding=\"async\" loading=\"lazy\"  src=\"https:\/\/www.europesays.com\/no\/wp-content\/uploads\/2026\/01\/Image_20250205_112127.jpeg\" alt=\"\" class=\"brick-c-cFOWSL\" style=\"\"\/><\/p>\n<p>\n            Les ogs\u00e5<\/p>\n<p>              Advarer om fjordisen: \u2013 Bekymret\n        <\/p>\n<p>  <\/a><\/p>\n<p>Politikerne vedtok i fjor \u00e5 avvikle oppsynet av fjordisen fra 1. januar i \u00e5r for \u00e5 spare penger.<\/p>\n<p>Avviklingen vil spare kommunen for 300.000 kroner i \u00e5ret. Det viser kommunens budsjett- og \u00f8konomiplan for perioden 2025\u20132028.<\/p>\n<p>Sparetiltaket har skapt stor debatt i n\u00e6romr\u00e5det rundt fjorden.<\/p>\n<p>   <img decoding=\"async\" width=\"5472\" height=\"3072\" fetchpriority=\"low\"  loading=\"lazy\"  src=\"https:\/\/www.europesays.com\/no\/wp-content\/uploads\/2026\/01\/Fjordisen4.JPG\" alt=\"Isoppsynsmann Michael Langballe i B\u00e6rum kommune merket trygg l\u00f8ype p\u00e5 fjordisen 16. februar 2025.\" class=\"brick-c-cFOWSL\" style=\"--brick-image-ratio: 5472 \/ 3072;\"\/><\/p>\n<p>      Isoppsynsmann Michael Langballe i B\u00e6rum kommune merket trygg l\u00f8ype p\u00e5 fjordisen 16. februar 2025. Det er det slutt p\u00e5 etter at Isoppsynet ble lagt ned 1. januar.<br \/>\n      Foto: J\u00d8RGEN DAHL KRISTENSEN\n    <\/p>\n<p>Lene Schmidt p\u00e5 Fornebu har g\u00e5tt mye tur p\u00e5 isen i \u00e5rene kommunen merket de trygge l\u00f8ypene.<\/p>\n<p>\u2013 Det har v\u00e6rt en stor glede. Jeg har ikke muligheter til \u00e5 sjekke isen, og jeg vil uansett aldri t\u00f8rre \u00e5 g\u00e5 p\u00e5 isen hvis ikke kommunen sjekker.<\/p>\n<p>  <a href=\"https:\/\/www.budstikka.no\/5-55-2173159\" class=\"related-teaser default-story-teaser article--c-eRUmMG article--c-eRUmMG-jKCPdD-design-default article--c-eRUmMG-kpKLOW-cv\" rel=\"nofollow noopener\" target=\"_blank\"><\/p>\n<p>\n            Les ogs\u00e5<\/p>\n<p>              Politiet advarer: \u2013\u00a0Fortsatt utrygg\n        <\/p>\n<p>  <\/a><\/p>\n<p>Schmidt reagerer p\u00e5 at kommunen skylder p\u00e5 d\u00e5rlig \u00f8konomi for \u00e5 legge ned Isoppsynet.<\/p>\n<p>\u2013 V\u00e6r s\u00e5 s\u00e5 snill ikke bruk d\u00e5rlig \u00f8konomi som unnskyldning, dette koster peanuts i forhold til glede, livskvalitet og folkehelse. N\u00e5r det brukes \u00e9n milliard p\u00e5 fotballstadion p\u00e5 Nadderud, er merking av fjordisen sm\u00e5penger.<\/p>\n<p>   <img decoding=\"async\" width=\"4032\" height=\"2394\" fetchpriority=\"low\"  loading=\"lazy\"  src=\"https:\/\/www.europesays.com\/no\/wp-content\/uploads\/2026\/01\/h%C3%B8vikodden.jpg\" alt=\"\" class=\"brick-c-cFOWSL\" style=\"--brick-image-ratio: 4032 \/ 2394;\"\/><\/p>\n<p>      N\u00e5r det er trygg is har det ofte v\u00e6rt folkevandring p\u00e5 fjorden, som her ved H\u00f8vikodden.<br \/>\n      Foto: RICHARD SVEAAS DALE\n    <\/p>\n<p>  \u2013 Ikke skyld p\u00e5 \u00f8konomi<\/p>\n<p>Schmidt mener kommunen ikke kan bruke d\u00e5rlig \u00f8konomi som begrunnelse for \u00e5 legge ned Isoppsynet.<\/p>\n<p>\u2013 Stortinget har sagt at tiltak som kommer folk flest til gode, skal prioriteres, men vi ser at friluftsliv prioriteres ned. Det er feil prioritering, mener Schmidt.<\/p>\n<p>Hun viser til at kommunen hevder ingen andre kommuner merker isen.<\/p>\n<p>\u2013 Det er ikke noe godt argument, og jeg tror ikke det er riktig. Jeg er kjent med at Oslo kommune har merket sk\u00f8ytel\u00f8yper p\u00e5 Sognsvann.<\/p>\n<p>   <img decoding=\"async\" width=\"5712\" height=\"4284\" fetchpriority=\"low\"  loading=\"lazy\"  src=\"https:\/\/www.europesays.com\/no\/wp-content\/uploads\/2026\/01\/image_ABD85932-5ED9-4BC4-BB9B-9A99F74155D9_1767793261.heic.jpeg\" alt=\"\" class=\"brick-c-cFOWSL\" style=\"--brick-image-ratio: 5712 \/ 4284;\"\/><\/p>\n<p>      Lene Schmidt raser mot kommunen som ikke merker fjordisene.<br \/>\n      Foto: CHRISTIAN BREVIK\n    <\/p>\n<p>Lene Schmidt understreker at det det uansett er folks eget ansvar n\u00e5r de ferdes p\u00e5 isen.<\/p>\n<p>\u2013 Men det m\u00e5 tilrettelegges for at det ikke bare er proffe tursk\u00f8ytere med stor kunnskap om is som kan ferdes p\u00e5 fjordisen.<\/p>\n<p>  <a href=\"https:\/\/www.budstikka.no\/5-55-2172946\" class=\"related-teaser has-image default-opinion-teaser article--c-eRUmMG article--c-eRUmMG-jKCPdD-design-default\" rel=\"nofollow noopener\" target=\"_blank\"><\/p>\n<p>    <img decoding=\"async\" loading=\"lazy\"  src=\"https:\/\/www.europesays.com\/no\/wp-content\/uploads\/2026\/01\/FJORDISEN+REP-326.jpg\" alt=\"\" class=\"brick-c-cFOWSL\" style=\"\"\/><\/p>\n<p>\n            Les ogs\u00e5<\/p>\n<p>              Isoppsynet nedlegges basert p\u00e5 et mystisk regnestykke\n        <\/p>\n<p>  <\/a><br \/>\n  Skylder p\u00e5 \u00f8konomi<\/p>\n<p>Varaordf\u00f8rer, H\u00e5kon Kvenna Veum (H), sier han synes det var trist \u00e5 lese om kvinnen som gikk gjennom isen mandag, godt at hun kom seg opp og fikk tilsyn og h\u00e5per det g\u00e5r bra med henne.<\/p>\n<p>\u2013 Hendelsen viser at fjordis er uforutsigbar og en risiko.<\/p>\n<p>Kvenna Veum forsvarer avviklingen av Isoppsynet.<\/p>\n<p>\u2013 Det er krevende \u00f8konomiske tider i norske kommuner og vi st\u00e5r overfor veldig t\u00f8ffe prioriteringer. Hvis vi ikke hadde spart penger p\u00e5 dette omr\u00e5det, m\u00e5tte vi kanskje spart p\u00e5 helse, skole eller andre velferdsoppgaver. Isoppsynet var en tjeneste som var godt likt og som vi gjerne skulle videref\u00f8rt, men i trange tider m\u00e5 man gj\u00f8re t\u00f8ffe \u00f8konomiske prioriteringer.<\/p>\n<p>Han p\u00e5peker ogs\u00e5 at Isoppsynet ogs\u00e5 kun drev veiledning og ikke kunne nekte folk \u00e5 ferdes p\u00e5 isen.<\/p>\n<p>\u2013 Uansett vil all ferdsel p\u00e5 isen v\u00e6re p\u00e5 eget ansvar.<\/p>\n<p>Tur p\u00e5 land<\/p>\n<p>Kvenna Veum viser ogs\u00e5 til at b\u00e5de politi- og brannvesenet kommer med r\u00e5d og veiledning. Det gj\u00f8r ogs\u00e5 kommunen p\u00e5 sine nettsider.<\/p>\n<p>\u2013 N\u00e5r kommunen er i den \u00f8konomiske situasjonen som vi er, m\u00e5 vi prioritere kjerneoppgavene og de store velferdsoppgavene, sier han og legger til at det er mange muligheter for \u00e5 drive fysisk aktivitet utend\u00f8rs i B\u00e6rum.<\/p>\n<p>\u2013 I omr\u00e5det rundt Kadettangen og Sandvika er det flotte turmuligheter p\u00e5 land. Det er det ogs\u00e5 i marka.<\/p>\n<p>Kvenna Veum viser ogs\u00e5 til at i fjor var det kun en uke hvor det var merket l\u00f8ype p\u00e5 fjorden.<\/p>\n<p>\u2013 Det kan godt hende en tur p\u00e5 land kan v\u00e6re like bra.<\/p>\n","protected":false},"excerpt":{"rendered":"\u2013 Tusenvis av mennesker har hatt stor glede av at fjordisen merkes med granbusker n\u00e5r den er trygg,&hellip;\n","protected":false},"author":2,"featured_media":131363,"comment_status":"","ping_status":"","sticky":false,"template":"","format":"standard","meta":{"footnotes":""},"categories":[10],"tags":[36,20,21,24,25,15218,15219,925,15,3184,22,23,13,30,28,29,14,16,41,4499,1510,26,27],"class_list":{"0":"post-131362","1":"post","2":"type-post","3":"status-publish","4":"format-standard","5":"has-post-thumbnail","7":"category-norge","8":"tag-art","9":"tag-breaking-news","10":"tag-breakingnews","11":"tag-featured-news","12":"tag-featurednews","13":"tag-fjorden","14":"tag-fjordisen","15":"tag-fornebu","16":"tag-headlines","17":"tag-kadettangen","18":"tag-latest-news","19":"tag-latestnews","20":"tag-news","21":"tag-no","22":"tag-norge","23":"tag-norway","24":"tag-nyheter","25":"tag-overskrifter","26":"tag-politikk","27":"tag-snaroya","28":"tag-story","29":"tag-top-stories","30":"tag-topstories"},"share_on_mastodon":{"url":"https:\/\/pubeurope.com\/@no\/115855121838781391","error":""},"_links":{"self":[{"href":"https:\/\/www.europesays.com\/no\/wp-json\/wp\/v2\/posts\/131362","targetHints":{"allow":["GET"]}}],"collection":[{"href":"https:\/\/www.europesays.com\/no\/wp-json\/wp\/v2\/posts"}],"about":[{"href":"https:\/\/www.europesays.com\/no\/wp-json\/wp\/v2\/types\/post"}],"author":[{"embeddable":true,"href":"https:\/\/www.europesays.com\/no\/wp-json\/wp\/v2\/users\/2"}],"replies":[{"embeddable":true,"href":"https:\/\/www.europesays.com\/no\/wp-json\/wp\/v2\/comments?post=131362"}],"version-history":[{"count":0,"href":"https:\/\/www.europesays.com\/no\/wp-json\/wp\/v2\/posts\/131362\/revisions"}],"wp:featuredmedia":[{"embeddable":true,"href":"https:\/\/www.europesays.com\/no\/wp-json\/wp\/v2\/media\/131363"}],"wp:attachment":[{"href":"https:\/\/www.europesays.com\/no\/wp-json\/wp\/v2\/media?parent=131362"}],"wp:term":[{"taxonomy":"category","embeddable":true,"href":"https:\/\/www.europesays.com\/no\/wp-json\/wp\/v2\/categories?post=131362"},{"taxonomy":"post_tag","embeddable":true,"href":"https:\/\/www.europesays.com\/no\/wp-json\/wp\/v2\/tags?post=131362"}],"curies":[{"name":"wp","href":"https:\/\/api.w.org\/{rel}","templated":true}]}}