{"id":131364,"date":"2026-01-07T18:00:11","date_gmt":"2026-01-07T18:00:11","guid":{"rendered":"https:\/\/www.europesays.com\/no\/131364\/"},"modified":"2026-01-07T18:00:11","modified_gmt":"2026-01-07T18:00:11","slug":"usa-tar-kontroll-over-venezuelansk-olje-oppskrift-pa-katastrofe","status":"publish","type":"post","link":"https:\/\/www.europesays.com\/no\/131364\/","title":{"rendered":"USA tar kontroll over venezuelansk olje: \u2013 Oppskrift p\u00e5 katastrofe"},"content":{"rendered":"\n<p class=\"_lead_o9xde_2 _lead_xtcu6_50 layout-component text-serif-m layout-normal text-serif-l layout-component layout-wide layout-padded _wide_17hqh_1 layout-padded\">USA har beslaglagt store mengder venezuelansk olje som en del av en tredelt plan for landet, sa utenriksministeren. Opposisjonen kaller det et ran.<\/p>\n<p><img alt=\"Utenriksminister Marco Rubio og forsvarsminister Pete Hegeseth. Foto: JIM LO SCALZO \/ EPA \/ NTB\" class=\"_image_qp4xg_65 layout-component layout-wide\" data-fullscreen- data-track-element-type=\"Article image fullscreen\" data-track-name=\"ImageFullscreen\" fetchpriority=\"high\" decoding=\"sync\" loading=\"eager\" height=\"5464\" itemprop=\"image\"  src=\"https:\/\/www.europesays.com\/no\/wp-content\/uploads\/2026\/01\/c0fe2f1f-4014-4706-89a1-62c6f42f5baf.jpeg\"  style=\"object-position:0% 0%\" width=\"8192\"\/>Utenriksminister Marco Rubio og forsvarsminister Pete Hegeseth. Foto: JIM LO SCALZO \/ EPA \/ NTB<\/p>\n<ul aria-hidden=\"true\" class=\"_images_ntbth_112\">\n<li><a class=\"_link_ntbth_117\" href=\"https:\/\/www.vg.no\/forfatter\/isak-loeve-pilskog-loe\" style=\"z-index:1\" title=\"Isak L\u00f8ve Pilskog Loe\" rel=\"nofollow noopener\" target=\"_blank\"><img alt=\"Bilde av Isak L\u00f8ve Pilskog Loe\" class=\"_image_ntbth_93\" fetchpriority=\"low\" loading=\"lazy\" decoding=\"async\" itemprop=\"image\"  src=\"https:\/\/www.europesays.com\/no\/wp-content\/uploads\/2026\/01\/1767808809_461_8b0354e3-bf53-460c-9c1c-790321a0c923.jpeg\"  width=\"480\"\/><\/a><\/li>\n<\/ul>\n<p> Oppdatert onsdag 7. januar kl. 18:40     <\/p>\n<p class=\"_paragraph_o9xde_4 _paragraph_xtcu6_10 layout-component text-serif-m layout-normal text-serif-m layout-padded\"><a href=\"https:\/\/www.vg.no\/tag\/usa?utm_source=vg-article&amp;utm_medium=auto-tagger&amp;utm_campaign=M7RzOJ\" class=\"_link_o9xde_39\" rel=\"nofollow noopener\" target=\"_blank\">USA<\/a> har tatt mellom 30 og 50 millioner fat venezuelansk olje etter p\u00e5gripelsen av president Nicol\u00e1s Maduro.<\/p>\n<p class=\"_paragraph_o9xde_4 _paragraph_xtcu6_10 layout-component text-serif-m layout-normal text-serif-m layout-padded\">Det opplyste utenriksminister Marco Rubio da han orienterte amerikanske senatorer om administrasjonens Venezuela-plan. Sammen med forsvarsminister Pete Hegseth, justisminister Pam Bondi, CIA-direkt\u00f8r John Ratcliffe og general Dan Caine redegjorde han for planen i Senatet og Representantenes hus. <\/p>\n<p class=\"_paragraph_o9xde_4 _paragraph_xtcu6_10 layout-component text-serif-m layout-normal text-serif-m layout-padded\">If\u00f8lge Rubio best\u00e5r planen av tre faser: stabilisering av landet, gjenoppbygging og sikring av tilgang for amerikanske og vestlige selskaper til det venezuelanske markedet.<\/p>\n<p class=\"_paragraph_o9xde_4 _paragraph_xtcu6_10 layout-component text-serif-m layout-normal text-serif-m layout-padded\"><strong class=\"_strong_o9xde_25\">\u2013 Vi kan ikke tillate at Venezuela synker ned i fullstendig kaos, sa Rubio.<\/strong><\/p>\n<p><img alt=\"Foto: JIM LO SCALZO \/ EPA \/ NTB\" class=\"_image_qp4xg_65 layout-component layout-normal\" data-fullscreen- data-track-element-type=\"Article image fullscreen\" data-track-name=\"ImageFullscreen\" decoding=\"async\" loading=\"lazy\" height=\"5464\" itemprop=\"image\"  src=\"https:\/\/www.europesays.com\/no\/wp-content\/uploads\/2026\/01\/718acfd0-072b-476b-801b-4e4d61e7b77c.png\"  style=\"object-position:0% 0%\" width=\"8192\"\/>Foto: JIM LO SCALZO \/ EPA \/ NTB<\/p>\n<p class=\"_paragraph_o9xde_4 _paragraph_xtcu6_10 layout-component text-serif-m layout-normal text-serif-m layout-padded\">Han beskrev USAs karantenekaranteneI denne sammenhengen refererer karantene til \u00f8konomiske sanksjoner eller restriksjoner som hindrer handel og \u00f8konomisk aktivitet med et land. mot Venezuela som det sterkeste pressmiddelet. To skip ble beslaglagt tirsdag, og USA har n\u00e5 kontroll over store mengder olje som ikke kan eksporteres.<\/p>\n<p class=\"_paragraph_o9xde_4 _paragraph_xtcu6_10 layout-component text-serif-m layout-normal text-serif-m layout-padded\">\u2013 Venezuela har store oljereserver som er fastl\u00e5st i landet p\u00e5 grunn av karantenen. Vi vil ta mellom 30 og 50 millioner fat, sa Rubio.<\/p>\n<p class=\"_paragraph_o9xde_4 _paragraph_xtcu6_10 layout-component text-serif-m layout-normal text-serif-m layout-padded\">Oljen skal selges til markedspris, og inntektene skal forvaltes av USA, sa Rubio.<\/p>\n<p class=\"_paragraph_o9xde_4 _paragraph_xtcu6_10 layout-component text-serif-m layout-normal text-serif-m layout-padded\">\u2013 Midlene skal brukes p\u00e5 en m\u00e5te som kommer det venezuelanske folk til gode, ikke regimet eller korrupsjon, sa utenriksministeren.<\/p>\n<p>   \u00abOppskrift p\u00e5 katastrofe\u00bb<\/p>\n<p class=\"_paragraph_o9xde_4 _paragraph_xtcu6_10 layout-component text-serif-m layout-normal text-serif-m layout-padded\">\u2013 Dette er en vanvittig plan. De snakker om \u00e5 stjele den venezuelanske oljen med v\u00e5penmakt i en udefinert tidsperiode som pressmiddel for \u00e5 mikrostyre landet, sa den demokratiske senatoren Chris Murphy.<\/p>\n<p class=\"_paragraph_o9xde_4 _paragraph_xtcu6_10 layout-component text-serif-m layout-normal text-serif-m layout-padded\">If\u00f8lge Murphy er Trump-administrasjonens plan et regimeskifteregimeskifteRegimeskifte refererer til en situasjon der en regjering blir erstattet av en annen, ofte gjennom utenlandsk innblanding eller milit\u00e6r makt i Venezuela. Da han m\u00f8tte pressen i etterkant av orienteringen, var han ikke optimistisk. Murphy sa at han \u00abh\u00f8rte ingen konkret eller detaljert plan\u00bb.<\/p>\n<p><img alt=\"Senator Chris Murphy.  Foto: Evelyn Hockstein \/ Reuters \/ NTB\" class=\"_image_qp4xg_65 layout-component layout-normal\" data-fullscreen- data-track-element-type=\"Article image fullscreen\" data-track-name=\"ImageFullscreen\" decoding=\"async\" loading=\"lazy\" height=\"4335\" itemprop=\"image\"  src=\"https:\/\/www.europesays.com\/no\/wp-content\/uploads\/2026\/01\/b7160210-2f16-43f6-bc41-3ed239cdd83b.png\"  style=\"object-position:0% 0%\" width=\"6500\"\/>Senator Chris Murphy.  Foto: Evelyn Hockstein \/ Reuters \/ NTB<\/p>\n<p class=\"_paragraph_o9xde_4 _paragraph_xtcu6_10 layout-component text-serif-m layout-normal text-serif-m layout-padded\">Murphy sammenlignet planen med amerikanske milit\u00e6rintervensjonermilit\u00e6rintervensjonerMilit\u00e6rintervensjoner er handlinger der et land bruker sine v\u00e6pnede styrker for \u00e5 p\u00e5virke situasjonen i et annet land, ofte for \u00e5 oppn\u00e5 politiske m\u00e5l. i Irak og Afghanistan.<\/p>\n<p class=\"_paragraph_o9xde_4 _paragraph_xtcu6_10 layout-component text-serif-m layout-normal text-serif-m layout-padded\">\u2013 Dette h\u00f8res ut som en oppskrift p\u00e5 katastrofe. Det ligner skremmende mye p\u00e5 feilene vi gjorde i Irak og Afghanistan. Der fors\u00f8kte vi \u00e5 bruke milit\u00e6ret til \u00e5 detaljstyre et land. De ventet oss ut \u2013 og s\u00e5 snart vi dro, br\u00f8t kaoset l\u00f8s.<\/p>\n<p><img alt=\"Senator Peter Welch.  Foto: Evelyn Hockstein \/ Reuters \/ NTB\" class=\"_image_qp4xg_65 layout-component layout-normal\" data-fullscreen- data-track-element-type=\"Article image fullscreen\" data-track-name=\"ImageFullscreen\" decoding=\"async\" loading=\"lazy\" height=\"3668\" itemprop=\"image\"  src=\"https:\/\/www.europesays.com\/no\/wp-content\/uploads\/2026\/01\/496eaa49-8ba5-41d0-8a94-a0a1cd29e404.png\"  style=\"object-position:0% 0%\" width=\"5500\"\/>Senator Peter Welch.  Foto: Evelyn Hockstein \/ Reuters \/ NTB<\/p>\n<p class=\"_paragraph_o9xde_4 _paragraph_xtcu6_10 layout-component text-serif-m layout-normal text-serif-m layout-padded\">Senator Peter Welch pekte p\u00e5 at selv om Maduro er p\u00e5grepet, er hele hans apparat fortsatt intakt i Venezuela.<\/p>\n<p class=\"_paragraph_o9xde_4 _paragraph_xtcu6_10 layout-component text-serif-m layout-normal text-serif-m layout-padded\">\u2013 Det er flott at Maduro sitter i fengsel p\u00e5 Manhattan, men Maduros regime er helt intakt i Venezuela. Hans h\u00e5ndplukkede visepresident har ansvaret, og hans sv\u00e6rt undertrykkende innenriksminister er n\u00e5 p\u00e5 h\u00e6rferd og undertrykker enhver form for opposisjon, sa Welch.<\/p>\n<p>Republikaner forsvarer operasjonen<\/p>\n<p class=\"_paragraph_o9xde_4 _paragraph_xtcu6_10 layout-component text-serif-m layout-normal text-serif-m layout-padded\">Den republikanske senatoren Markwayne Mullin roser derimot operasjonen og mener den var n\u00f8dvendig.<\/p>\n<p class=\"_paragraph_o9xde_4 _paragraph_xtcu6_10 layout-component text-serif-m layout-normal text-serif-m layout-padded\">\u2013 Dette er en enest\u00e5ende koordinert innsats fra etterretningssamfunnetetterretningssamfunnetEtterretningssamfunnet refererer til de ulike byr\u00e5ene og organisasjonene som samler inn og analyserer informasjon for \u00e5 beskytte nasjonal sikkerhet. til v\u00e5re menn og kvinner i uniform. Bare USA har klart \u00e5 gjennomf\u00f8re dette, sa Mullin.<\/p>\n<p><img alt=\"Senator Markwayne Mullin.  Foto: HEATHER DIEHL \/ AFP \/ NTB\" class=\"_image_qp4xg_65 layout-component layout-normal\" data-fullscreen- data-track-element-type=\"Article image fullscreen\" data-track-name=\"ImageFullscreen\" decoding=\"async\" loading=\"lazy\" height=\"3557\" itemprop=\"image\"  src=\"https:\/\/www.europesays.com\/no\/wp-content\/uploads\/2026\/01\/33ba38fb-b039-4790-b7ec-bd9f18bbc56b.jpeg\"  style=\"object-position:0% 0%\" width=\"5332\"\/>Senator Markwayne Mullin.  Foto: HEATHER DIEHL \/ AFP \/ NTB<\/p>\n<p class=\"_paragraph_o9xde_4 _paragraph_xtcu6_10 layout-component text-serif-m layout-normal text-serif-m layout-padded\">Mullin understreket at USA vil kontrollere den vestlige halvkuleden vestlige halvkuleDen vestlige halvkule er den delen av jorden som ligger vest for nullmeridianen, inkludert Nord- og S\u00f8r-Amerika. \u2013 som han kalte \u00abv\u00e5r\u00bb \u2013 og ikke tillate russiske operasjoner der.<\/p>\n<p class=\"_paragraph_o9xde_4 _paragraph_xtcu6_10 layout-component text-serif-m layout-normal text-serif-m layout-padded\">\u2013 Vi kommer til \u00e5 kontrollere v\u00e5r vestlige halvkule. Det kommer ikke til \u00e5 komme olje inn eller ut av Venezuela uten amerikansk st\u00f8tte, sa Mullin.<\/p>\n","protected":false},"excerpt":{"rendered":"USA har beslaglagt store mengder venezuelansk olje som en del av en tredelt plan for landet, sa utenriksministeren.&hellip;\n","protected":false},"author":2,"featured_media":131365,"comment_status":"","ping_status":"","sticky":false,"template":"","format":"standard","meta":{"footnotes":""},"categories":[5],"tags":[20,21,24,25,15,19,22,23,17,18,13,30,28,29,14,16,188,26,27,50],"class_list":{"0":"post-131364","1":"post","2":"type-post","3":"status-publish","4":"format-standard","5":"has-post-thumbnail","7":"category-overskrifter","8":"tag-breaking-news","9":"tag-breakingnews","10":"tag-featured-news","11":"tag-featurednews","12":"tag-headlines","13":"tag-hovedoppslag","14":"tag-latest-news","15":"tag-latestnews","16":"tag-main-news","17":"tag-mainnews","18":"tag-news","19":"tag-no","20":"tag-norge","21":"tag-norway","22":"tag-nyheter","23":"tag-overskrifter","24":"tag-russland","25":"tag-top-stories","26":"tag-topstories","27":"tag-usa"},"share_on_mastodon":{"url":"https:\/\/pubeurope.com\/@no\/115855125621557949","error":""},"_links":{"self":[{"href":"https:\/\/www.europesays.com\/no\/wp-json\/wp\/v2\/posts\/131364","targetHints":{"allow":["GET"]}}],"collection":[{"href":"https:\/\/www.europesays.com\/no\/wp-json\/wp\/v2\/posts"}],"about":[{"href":"https:\/\/www.europesays.com\/no\/wp-json\/wp\/v2\/types\/post"}],"author":[{"embeddable":true,"href":"https:\/\/www.europesays.com\/no\/wp-json\/wp\/v2\/users\/2"}],"replies":[{"embeddable":true,"href":"https:\/\/www.europesays.com\/no\/wp-json\/wp\/v2\/comments?post=131364"}],"version-history":[{"count":0,"href":"https:\/\/www.europesays.com\/no\/wp-json\/wp\/v2\/posts\/131364\/revisions"}],"wp:featuredmedia":[{"embeddable":true,"href":"https:\/\/www.europesays.com\/no\/wp-json\/wp\/v2\/media\/131365"}],"wp:attachment":[{"href":"https:\/\/www.europesays.com\/no\/wp-json\/wp\/v2\/media?parent=131364"}],"wp:term":[{"taxonomy":"category","embeddable":true,"href":"https:\/\/www.europesays.com\/no\/wp-json\/wp\/v2\/categories?post=131364"},{"taxonomy":"post_tag","embeddable":true,"href":"https:\/\/www.europesays.com\/no\/wp-json\/wp\/v2\/tags?post=131364"}],"curies":[{"name":"wp","href":"https:\/\/api.w.org\/{rel}","templated":true}]}}