{"id":131369,"date":"2026-01-07T18:06:23","date_gmt":"2026-01-07T18:06:23","guid":{"rendered":"https:\/\/www.europesays.com\/no\/131369\/"},"modified":"2026-01-07T18:06:23","modified_gmt":"2026-01-07T18:06:23","slug":"jeg-far-nesten-frysninger","status":"publish","type":"post","link":"https:\/\/www.europesays.com\/no\/131369\/","title":{"rendered":"&#8211; Jeg f\u00e5r nesten frysninger"},"content":{"rendered":"<p>LILLESTR\u00d8M (B\u00f8rsen): Det tok ikke lang tid f\u00f8r det ble klart for noen hver at ogs\u00e5 2026 blir et \u00e5r som nok vil bli preget av uro og usikkerhet i geopolitikken.<\/p>\n<p>Nytt\u00e5rsfyrverkeriet var bare s\u00e5 vidt skutt opp f\u00f8r USA og Donald Trump angrep Venezuela og kidnappet president Nicol\u00e1s Maduro.<\/p>\n<p>Trump har ogs\u00e5 <a href=\"https:\/\/www.dagbladet.no\/nyheter\/nye-gronland-utspill\/84064250\" rel=\"nofollow noopener\" target=\"_blank\">gjentatt sine trusler<\/a> om at Gr\u00f8nland b\u00f8r v\u00e6re amerikansk, noe som har utl\u00f8st frenetisk politisk aktivitet i Europa.<\/p>\n<p>Samtidig raser fremdeles krigen i Ukraina, mens diskusjoner om en eventuell fredsl\u00f8sning ikke ser ut til \u00e5 gi noen h\u00e5ndfast avtale enn\u00e5.<\/p>\n<p>    <a itemprop=\"url\" href=\"https:\/\/borsen.dagbladet.no\/nyheter\/alle-rommer-sporene-leder-hit\/84064995\" rel=\"nofollow noopener\" target=\"_blank\"><\/p>\n<p>        <img loading=\"lazy\" decoding=\"async\" src=\"https:\/\/www.europesays.com\/no\/wp-content\/uploads\/2026\/01\/84065631.webp.webp\" width=\"980\" height=\"441\" title=\"\u00abAlle\u00bb r\u00f8mmer: Sporene leder hit\" alt=\"\" class=\"lazyload\" style=\"--aspect-ratio-image: 2.22; \"\/><\/p>\n<p>        \u00abAlle\u00bb r\u00f8mmer: Sporene leder hit<\/p>\n<p>    <\/a><\/p>\n<p>&#8211; Veldig, veldig skremmende\t<\/p>\n<p>All denne uroen og usikkerheten opptar ogs\u00e5 de norske n\u00e6ringslivstoppene som deltar p\u00e5 NHOs \u00e5rskonferanse i Nova Spektrum i Lillestr\u00f8m.<\/p>\n<p>&#8211; F\u00f8rst og fremst bryr jeg meg som menneske. Jeg er en historieinteressert mann, som har lest mye om moderne europeisk historie, og sett p\u00e5 hva som skaper krig og konflikt i verden. Det er veldig mye som er veldig likt, sier Ole Robert Reitan, Rema-arving og administrerende direkt\u00f8r for Reitan Retail, til B\u00f8rsen, og fortsetter:<\/p>\n<p>&#8211; Det gj\u00f8r at jeg nesten f\u00e5r frysninger p\u00e5 ryggen n\u00e5r jeg snakker med deg om det.<\/p>\n<p class=\"italic m-italic\" data-lab-italic=\"italic\">&#8211; Det er skremmende, rett og slett?<\/p>\n<p class=\"font-weight-bold m-font-weight-bold\" data-lab-font_weight=\"font-weight-bold\">&#8211; Ja, veldig, veldig skremmende, og trist at vi ikke har kommet lenger. At vi ikke har skj\u00f8nt at vi ikke blir noe lykkeligere mennesker av \u00e5 pr\u00f8ve \u00e5 ta livet av hverandre.<\/p>\n<p>Konsernet han leder er et av dem nordmenn m\u00f8ter oftest i hverdagslivet. Reitan Retail eier blant annet Rema 1000 og bensinstasjonskjeden Uno-X, samt flere kioskkjeder i Skandinavia.<\/p>\n<p>&#8211; Vi er en veldig viktig del av beredskapen. Det \u00e5 s\u00f8rge for \u00e5 ha gode systemer og gode strukturer for \u00e5 h\u00e5ndtere v\u00e5r egen risiko, slik at vi kan v\u00e6re med p\u00e5 \u00e5 yte v\u00e5r innsats og ta v\u00e5rt samfunnsansvar hvis det skulle bli krise, det tar vi p\u00e5 h\u00f8yeste alvor, sier Reitan.<\/p>\n<p>    <a itemprop=\"url\" href=\"https:\/\/borsen.dagbladet.no\/nyheter\/pengene-skal-kontrolleres-av-meg\/84064377\" rel=\"nofollow noopener\" target=\"_blank\"><\/p>\n<p>        <img loading=\"lazy\" decoding=\"async\" src=\"https:\/\/www.europesays.com\/no\/wp-content\/uploads\/2026\/01\/84064382.webp.webp\" width=\"980\" height=\"441\" title=\"- Pengene skal kontrolleres av meg\" alt=\"\" class=\"lazyload\" style=\"--aspect-ratio-image: 2.22; \"\/><\/p>\n<p>        &#8211; Pengene skal kontrolleres av meg<\/p>\n<p>    <\/a><\/p>\n<p>&#8211; M\u00e5 h\u00f8re p\u00e5 de kloke stemmene\t<\/p>\n<p>Milliard\u00e6r og Ferd-topp, Johan H. Andresen, mener vi ikke skal bekymre oss for mye over enkelthendelser, men se p\u00e5 det vi kan gj\u00f8re noe med.<\/p>\n<p>&#8211; Vi m\u00e5 h\u00f8re p\u00e5 de kloke stemmene. Vi m\u00e5 h\u00f8re p\u00e5 Marco Rubio, og ikke p\u00e5 alle andre. Det tror jeg er klokt. Vi m\u00e5 fokusere p\u00e5 det vi i Norge kan gj\u00f8re noe med. Vi trenger litt bedre rammebetingelser, selv om vi flyter over av kapital, sier Andresen til B\u00f8rsen.<\/p>\n<p>        <img loading=\"lazy\" decoding=\"async\" src=\"https:\/\/www.europesays.com\/no\/wp-content\/uploads\/2026\/01\/84066755.webp.webp\" width=\"980\" height=\"559\" title=\"NORSK FOKUS: Johan H. Andresen mener vi m\u00e5 fokusere p\u00e5 det vi i Norge kan f\u00e5 gjort noe med. Foto: Hanna Johre \/ NTB\" alt=\"\" class=\"\" style=\"--aspect-ratio-image: 1.75; \"\/><\/p>\n<p>\n        NORSK FOKUS: Johan H. Andresen mener vi m\u00e5 fokusere p\u00e5 det vi i Norge kan f\u00e5 gjort noe med. Foto: Hanna Johre \/ NTB\n    <\/p>\n<p>Han understreker samtidig at vi m\u00e5 v\u00e6re \u00e5rv\u00e5kne, men at vi m\u00e5 v\u00e6re mye mer bekymret for det som kommer fra Russland i \u00f8st, enn det som kommer fra vest.<\/p>\n<p>Andresens oppfordring til politikerne foran det kommende \u00e5ret er \u00e5 opprettholde og \u00f8ke st\u00f8tten til Ukraina.<\/p>\n<p class=\"font-weight-bold m-font-weight-bold\" data-lab-font_weight=\"font-weight-bold\">&#8211; Den er ganske enkel. Vi har tjent 2000 milliarder, og gitt 200, s\u00e5 vi er fortsatt 1800 milliarder i pluss, s\u00e5 vi har litt \u00e5 ta av, sier Andresen.<\/p>\n<p>    <a itemprop=\"url\" href=\"https:\/\/borsen.dagbladet.no\/nyheter\/x-faktor-kan-endre-alt\/84055958\" rel=\"nofollow noopener\" target=\"_blank\"><\/p>\n<p>        <img loading=\"lazy\" decoding=\"async\" src=\"https:\/\/www.europesays.com\/no\/wp-content\/uploads\/2026\/01\/84056143.webp.webp\" width=\"980\" height=\"441\" title=\"X-faktor: Kan endre alt\" alt=\"\" class=\"lazyload\" style=\"--aspect-ratio-image: 2.22; \"\/><\/p>\n<p>        X-faktor: Kan endre alt<\/p>\n<p>    <\/a><\/p>\n<p>&#8211; G\u00e5r bedre enn vi tror\t<\/p>\n<p>En som \u00e5penbart ser p\u00e5 glasset som halvfullt og ikke halvtomt, er leder for Fornybar Norge, B\u00e5rd Vegard Solhjell. For han vil sl\u00e5 an en positiv tone, selv om han medgir at\u00a0\u00abdet kommer til \u00e5 bli nok et \u00e5r fylt av dramatikk\u00bb.<\/p>\n<p>&#8211; Jeg er nok litt opptatt av at det g\u00e5r bedre enn vi tror med mange ting. Norge har lav arbeidsl\u00f8shet, og vi har vekst. Mange land i verden har det. Det gr\u00f8nne skiftet g\u00e5r kjempefort. Vi har satt ny rekord i fornybart internasjonalt, sier Solhjell, og fortsetter:<\/p>\n<p class=\"font-weight-bold m-font-weight-bold\" data-lab-font_weight=\"font-weight-bold\">&#8211; Det er farlig hvis vi graver oss ned i en gr\u00f8ft og tenker at det er h\u00e5pl\u00f8st. Det er mitt budskap i dag.<\/p>\n<p>        <img loading=\"lazy\" decoding=\"async\" src=\"https:\/\/www.europesays.com\/no\/wp-content\/uploads\/2026\/01\/84066677.webp.webp\" width=\"667\" height=\"381\" title=\"ADVARER MOT SVARTSYN: Daglig leder i Fornybar Norge, B\u00e5rd Vegard Solhjell, mener det er farlig om vi g\u00e5r rundt og tenker at ting er h\u00e5pl\u00f8st. Foto: Jonas Been Henriksen \/ NTB\" alt=\"\" class=\"\" style=\"--aspect-ratio-image: 1.75; \"\/><\/p>\n<p>\n        ADVARER MOT SVARTSYN: Daglig leder i Fornybar Norge, B\u00e5rd Vegard Solhjell, mener det er farlig om vi g\u00e5r rundt og tenker at ting er h\u00e5pl\u00f8st. Foto: Jonas Been Henriksen \/ NTB\n    <\/p>\n<p>Selv om han medgir at Donald Trump kommer til \u00e5 skape b\u00f8lger i geopolitikken ogs\u00e5 i \u00e5ra som kommer, s\u00e5 er det noe vi m\u00e5 h\u00e5ndtere.<\/p>\n<p>&#8211; Vi er et av verdens mest vellykkede land, med store muligheter. Vi har en verdensdel med det samme. Vi m\u00e5 ikke grave oss ned i alt som ser ut som krise. Vi m\u00e5 investere mer i den verden vi h\u00e5per \u00e5 kunne skape, mer enn \u00e5 frykte alt som kan g\u00e5 galt, sier Solhjell.<\/p>\n<p>    <a itemprop=\"url\" href=\"https:\/\/borsen.dagbladet.no\/nyheter\/utfordringene-star-i-ko\/84055260\" rel=\"nofollow noopener\" target=\"_blank\"><\/p>\n<p>        <img loading=\"lazy\" decoding=\"async\" src=\"https:\/\/www.europesays.com\/no\/wp-content\/uploads\/2026\/01\/1767809182_55_84055285.webp.webp\" width=\"980\" height=\"441\" title=\"Utfordringene st\u00e5r i k\u00f8\" alt=\"\" class=\"lazyload\" style=\"--aspect-ratio-image: 2.22; \"\/><\/p>\n<p>        Utfordringene st\u00e5r i k\u00f8<\/p>\n<p>    <\/a><\/p>\n<p>&#8211; Da er NATO steind\u00f8dt\t<\/p>\n<p>Administrerende direkt\u00f8r for Norges Rederiforbund, Knut Arild Hareide, mener vi n\u00e5 ser\u00a0\u00aben verdensorden som ikke favoriserer oss\u00bb.<\/p>\n<p class=\"font-weight-bold m-font-weight-bold\" data-lab-font_weight=\"font-weight-bold\">Hareide sp\u00f8r seg om vi i Norge har den samtalen vi trenger \u00e5 ha med tanke p\u00e5 den sikkerhetspolitiske situasjonen vi st\u00e5r i.<\/p>\n<p>&#8211; Vi har naturlig nok veldig mange sikkerhetsperspektiver bort mot USA. Det er den linken vi har bygd, og hvor trygg og sikker er den? Det preger jo n\u00e6ringslivet. Jeg tror sikkerhetsperspektivet, det geopolitiske, preger v\u00e5re n\u00e6ringer mer, sier Hareide.<\/p>\n<p>        <img loading=\"lazy\" decoding=\"async\" src=\"https:\/\/www.europesays.com\/no\/wp-content\/uploads\/2026\/01\/84066705.webp.webp\" width=\"980\" height=\"559\" title=\"BEKYMRET: Administrerende direkt\u00f8r for Norges Rederiforbund, Knut Arild Hareide, mener EU-debatten b\u00f8r l\u00f8ftes i lys av de geopolitiske utfordringene vi st\u00e5r overfor. Foto: Fredrik Varfjell \/ NTB\" alt=\"\" class=\"\" style=\"--aspect-ratio-image: 1.75; \"\/><\/p>\n<p>\n        BEKYMRET: Administrerende direkt\u00f8r for Norges Rederiforbund, Knut Arild Hareide, mener EU-debatten b\u00f8r l\u00f8ftes i lys av de geopolitiske utfordringene vi st\u00e5r overfor. Foto: Fredrik Varfjell \/ NTB\n    <\/p>\n<p>I den maritime n\u00e6ringen har de st\u00f8rste utfordringene de siste \u00e5rene v\u00e6rt den russiske skyggefl\u00e5ten, tollsatsene og havneavgiftene. Alt er geopolitikk.<\/p>\n<p>I tillegg skulle de vedta klimaregulering for industrien under Den internasjonale sj\u00f8fartsorganisasjonens (IMO) generalforsamling i h\u00f8st, noe Hareide s\u00e5 p\u00e5 som en formalitet. Slik gikk det ikke. Ingenting ble vedtatt.<\/p>\n<p>&#8211; P\u00e5 grunn av geopolitikken, p\u00e5 grunn av at USA kom inn og sa at dette vil vi ikke ha. Ikke p\u00e5 grunn av n\u00e6ringens behov, men fordi det ikke passer inn i MAGA, sier Hareide.<\/p>\n<p>I lys av alle disse geopolitiske utfordringene peker Hareide i retning av EU.\u00a0<\/p>\n<p class=\"font-weight-bold m-font-weight-bold\" data-lab-font_weight=\"font-weight-bold\">&#8211; Vi m\u00e5 l\u00f8fte EU-saken, ogs\u00e5 i et sikkerhetspolitisk perspektiv. Vi trenger \u00e5 ha fellesskap. Skulle Gr\u00f8nland-saken komme p\u00e5 agendaen, s\u00e5 er ikke NATO d\u00f8dt. Da er det i realiteten steind\u00f8dt.<\/p>\n","protected":false},"excerpt":{"rendered":"LILLESTR\u00d8M (B\u00f8rsen): Det tok ikke lang tid f\u00f8r det ble klart for noen hver at ogs\u00e5 2026 blir&hellip;\n","protected":false},"author":2,"featured_media":131370,"comment_status":"","ping_status":"","sticky":false,"template":"","format":"standard","meta":{"footnotes":""},"categories":[10],"tags":[15220,20,21,24,25,15,9843,14229,22,23,13,1150,30,28,29,14,11544,16,26,27],"class_list":{"0":"post-131369","1":"post","2":"type-post","3":"status-publish","4":"format-standard","5":"has-post-thumbnail","7":"category-norge","8":"tag-bard-vegar-solhjell","9":"tag-breaking-news","10":"tag-breakingnews","11":"tag-featured-news","12":"tag-featurednews","13":"tag-headlines","14":"tag-johan-h-andresen","15":"tag-knut-arild-hareide","16":"tag-latest-news","17":"tag-latestnews","18":"tag-news","19":"tag-nho","20":"tag-no","21":"tag-norge","22":"tag-norway","23":"tag-nyheter","24":"tag-ole-robert-reitan","25":"tag-overskrifter","26":"tag-top-stories","27":"tag-topstories"},"share_on_mastodon":{"url":"https:\/\/pubeurope.com\/@no\/115855149212327227","error":""},"_links":{"self":[{"href":"https:\/\/www.europesays.com\/no\/wp-json\/wp\/v2\/posts\/131369","targetHints":{"allow":["GET"]}}],"collection":[{"href":"https:\/\/www.europesays.com\/no\/wp-json\/wp\/v2\/posts"}],"about":[{"href":"https:\/\/www.europesays.com\/no\/wp-json\/wp\/v2\/types\/post"}],"author":[{"embeddable":true,"href":"https:\/\/www.europesays.com\/no\/wp-json\/wp\/v2\/users\/2"}],"replies":[{"embeddable":true,"href":"https:\/\/www.europesays.com\/no\/wp-json\/wp\/v2\/comments?post=131369"}],"version-history":[{"count":0,"href":"https:\/\/www.europesays.com\/no\/wp-json\/wp\/v2\/posts\/131369\/revisions"}],"wp:featuredmedia":[{"embeddable":true,"href":"https:\/\/www.europesays.com\/no\/wp-json\/wp\/v2\/media\/131370"}],"wp:attachment":[{"href":"https:\/\/www.europesays.com\/no\/wp-json\/wp\/v2\/media?parent=131369"}],"wp:term":[{"taxonomy":"category","embeddable":true,"href":"https:\/\/www.europesays.com\/no\/wp-json\/wp\/v2\/categories?post=131369"},{"taxonomy":"post_tag","embeddable":true,"href":"https:\/\/www.europesays.com\/no\/wp-json\/wp\/v2\/tags?post=131369"}],"curies":[{"name":"wp","href":"https:\/\/api.w.org\/{rel}","templated":true}]}}