{"id":131379,"date":"2026-01-07T18:20:16","date_gmt":"2026-01-07T18:20:16","guid":{"rendered":"https:\/\/www.europesays.com\/no\/131379\/"},"modified":"2026-01-07T18:20:16","modified_gmt":"2026-01-07T18:20:16","slug":"trafikk-valdres-bil-tok-seg-inn-pa-vinterstengt-vei-og-kjorte-seg-fast","status":"publish","type":"post","link":"https:\/\/www.europesays.com\/no\/131379\/","title":{"rendered":"Trafikk, Valdres | Bil tok seg inn p\u00e5 vinterstengt vei og kj\u00f8rte seg fast"},"content":{"rendered":"\n<p>NRK Innlandet melder onsdag formiddag at en bil har tatt seg forbi bommen som stenger fylkesvei 51 for vinteren ved Gardli i \u00d8ystre Slidre i Valdres.<\/p>\n<p>Der har den satt seg fast i en skil\u00f8ype.<\/p>\n<p>\u2013 De pr\u00f8vde \u00e5 komme seg forbi bommen med det resultatet at de n\u00e5 sitter fast i skil\u00f8ypa, sier trafikkoperat\u00f8r Mette Brunes hos Vegtrafikksentralen til NRK.<\/p>\n<p>Ogs\u00e5 politiet bekrefter hendelsen.<\/p>\n<p>\u2013 Bilen st\u00e5r 150 meter inn i skil\u00f8ypa. De f\u00e5r klare seg selv, og m\u00e5 ordne bilberging. Vi har andre ting \u00e5 prioritere, sier operasjonsleder Frode \u00d8vre\u00e5s til NRK.<\/p>\n<p>Fylkesvei 51 mellom Gardli og Bygdin er vinterstengt for tiden, og ikke \u00e5pen for trafikk.<\/p>\n<p><a href=\"https:\/\/www.nrk.no\/innlandet\/bilist-koyre-utanom-stengd-bom-pa-fv.-51-ved-gardli-_-hamna-i-skiloypa-1.17717515\" rel=\"Follow nofollow noopener\" target=\"_blank\">NRK<\/a> har ogs\u00e5 snakket med paret som satt i bilen da de kj\u00f8rte seg fast. De forteller til kanalen at de har kontakt med bekjente, som skal hjelpe dem \u00e5 f\u00e5 bilen ut av skil\u00f8ypa.<\/p>\n","protected":false},"excerpt":{"rendered":"NRK Innlandet melder onsdag formiddag at en bil har tatt seg forbi bommen som stenger fylkesvei 51 for&hellip;\n","protected":false},"author":2,"featured_media":131380,"comment_status":"","ping_status":"","sticky":false,"template":"","format":"standard","meta":{"footnotes":""},"categories":[10],"tags":[36,20,21,24,25,15221,15,22,23,13,30,28,29,14,16,1510,26,27,224,1646],"class_list":{"0":"post-131379","1":"post","2":"type-post","3":"status-publish","4":"format-standard","5":"has-post-thumbnail","7":"category-norge","8":"tag-art","9":"tag-breaking-news","10":"tag-breakingnews","11":"tag-featured-news","12":"tag-featurednews","13":"tag-fylkesvei-51","14":"tag-headlines","15":"tag-latest-news","16":"tag-latestnews","17":"tag-news","18":"tag-no","19":"tag-norge","20":"tag-norway","21":"tag-nyheter","22":"tag-overskrifter","23":"tag-story","24":"tag-top-stories","25":"tag-topstories","26":"tag-trafikk","27":"tag-valdres"},"share_on_mastodon":{"url":"https:\/\/pubeurope.com\/@no\/115855204184265179","error":""},"_links":{"self":[{"href":"https:\/\/www.europesays.com\/no\/wp-json\/wp\/v2\/posts\/131379","targetHints":{"allow":["GET"]}}],"collection":[{"href":"https:\/\/www.europesays.com\/no\/wp-json\/wp\/v2\/posts"}],"about":[{"href":"https:\/\/www.europesays.com\/no\/wp-json\/wp\/v2\/types\/post"}],"author":[{"embeddable":true,"href":"https:\/\/www.europesays.com\/no\/wp-json\/wp\/v2\/users\/2"}],"replies":[{"embeddable":true,"href":"https:\/\/www.europesays.com\/no\/wp-json\/wp\/v2\/comments?post=131379"}],"version-history":[{"count":0,"href":"https:\/\/www.europesays.com\/no\/wp-json\/wp\/v2\/posts\/131379\/revisions"}],"wp:featuredmedia":[{"embeddable":true,"href":"https:\/\/www.europesays.com\/no\/wp-json\/wp\/v2\/media\/131380"}],"wp:attachment":[{"href":"https:\/\/www.europesays.com\/no\/wp-json\/wp\/v2\/media?parent=131379"}],"wp:term":[{"taxonomy":"category","embeddable":true,"href":"https:\/\/www.europesays.com\/no\/wp-json\/wp\/v2\/categories?post=131379"},{"taxonomy":"post_tag","embeddable":true,"href":"https:\/\/www.europesays.com\/no\/wp-json\/wp\/v2\/tags?post=131379"}],"curies":[{"name":"wp","href":"https:\/\/api.w.org\/{rel}","templated":true}]}}