{"id":131389,"date":"2026-01-07T18:35:09","date_gmt":"2026-01-07T18:35:09","guid":{"rendered":"https:\/\/www.europesays.com\/no\/131389\/"},"modified":"2026-01-07T18:35:09","modified_gmt":"2026-01-07T18:35:09","slug":"fotballlegende-kevin-keegan-har-fatt-kreft","status":"publish","type":"post","link":"https:\/\/www.europesays.com\/no\/131389\/","title":{"rendered":"Fotballlegende Kevin Keegan har f\u00e5tt kreft"},"content":{"rendered":"\n<p class=\"_lead_o9xde_2 _lead_xtcu6_50 layout-component text-serif-m layout-normal text-serif-l layout-component layout-wide layout-padded _wide_17hqh_1 layout-padded\">Den tidligere England-spilleren Kevin Keegan har f\u00e5tt kreftdiagnose, opplyser familien hans.<\/p>\n<p><img alt=\" Foto: JON SUPER \/ AP \/ NTB\" class=\"_image_qp4xg_65 layout-component layout-wide\" data-fullscreen- data-track-element-type=\"Article image fullscreen\" data-track-name=\"ImageFullscreen\" fetchpriority=\"high\" decoding=\"sync\" loading=\"eager\" height=\"1011\" itemprop=\"image\"  src=\"https:\/\/www.europesays.com\/no\/wp-content\/uploads\/2026\/01\/f199b4fc-38c0-42e7-8f80-bcfc537e6424.jpeg\"  style=\"object-position:0% 0%\" width=\"1424\"\/> Foto: JON SUPER \/ AP \/ NTB<\/p>\n<ul aria-hidden=\"true\" class=\"_images_ntbth_112\">\n<li><a class=\"_link_ntbth_117\" href=\"https:\/\/www.vg.no\/forfatter\/yasmin-sunde-hoel\" style=\"z-index:1\" title=\"Yasmin Sunde Hoel\" rel=\"nofollow noopener\" target=\"_blank\"><img alt=\"Bilde av Yasmin Sunde Hoel\" class=\"_image_ntbth_93\" fetchpriority=\"low\" loading=\"lazy\" decoding=\"async\" itemprop=\"image\"  src=\"https:\/\/www.europesays.com\/no\/wp-content\/uploads\/2026\/01\/1767810908_569_9b0968a4-bfc7-4456-a6f4-b0a569ad0436.jpeg\"  width=\"480\"\/><\/a><\/li>\n<\/ul>\n<p> Oppdatert onsdag 7. januar kl. 19:33     <\/p>\n<p class=\"_paragraph_o9xde_4 _paragraph_xtcu6_10 layout-component text-serif-m layout-normal text-serif-m layout-padded\">Den 74 \u00e5r gamle tidligere manageren og landslagsspissen ble nylig lagt inn p\u00e5 sykehus p\u00e5 grunn av magesymptomer, if\u00f8lge <a href=\"https:\/\/news.sky.com\/story\/football-legend-kevin-keegan-diagnosed-with-cancer-family-says-13491664\" class=\"_link_o9xde_39\" rel=\"nofollow noopener\" target=\"_blank\">Sky News og flere andre britiske medier<\/a>.<\/p>\n<p class=\"_paragraph_o9xde_4 _paragraph_xtcu6_10 layout-component text-serif-m layout-normal text-serif-m layout-padded\">Unders\u00f8kelsene p\u00e5 sykehuset avdekket kreftdiagnosen, og Keegan skal n\u00e5 gjennom behandling.<\/p>\n<p><img alt=\"Keegan avbildet under en kamp i Tyskland i 1979.  Foto: Koerner \/ AP \/ NTB\" class=\"_image_qp4xg_65 layout-component layout-normal\" data-fullscreen- data-track-element-type=\"Article image fullscreen\" data-track-name=\"ImageFullscreen\" decoding=\"async\" loading=\"lazy\" height=\"2678\" itemprop=\"image\"  src=\"https:\/\/www.europesays.com\/no\/wp-content\/uploads\/2026\/01\/4c3a8b16-43dd-434d-80af-909c524bcb34.jpeg\"  style=\"object-position:0% 0%\" width=\"2261\"\/>Keegan avbildet under en kamp i Tyskland i 1979.  Foto: Koerner \/ AP \/ NTB<\/p>\n<p class=\"_paragraph_o9xde_4 _paragraph_xtcu6_10 layout-component text-serif-m layout-normal text-serif-m layout-padded\">Familien har ikke gitt flere detaljer om kreftdiagnosen eller behandlingsplanen. Sky News melder at dette er en nyhetssak som vil bli oppdatert med mer informasjon.<\/p>\n<p class=\"_paragraph_o9xde_4 _paragraph_xtcu6_10 layout-component text-serif-m layout-normal text-serif-m layout-padded\">Som spiller bemerket han seg spesielt i tiden i Liverpool og Hamburger SV. <\/p>\n<p class=\"_paragraph_o9xde_4 _paragraph_xtcu6_10 layout-component text-serif-m layout-normal text-serif-m layout-padded\">I Liverpool vant han ligaen tre ganger, FA-cupen \u00e9n gang, UEFA-cupen to ganger og Champions League-forgjengeren Serievinnercupen i 1977. S\u00e5 reiste han til Hamburg og ble erstattet av Kenny Dalglish i Liverpool. I HSV vant han et nytt seriegull, pluss at han ble Gullballen-vinner b\u00e5de i 1978 og 1979.<\/p>\n<p class=\"_paragraph_o9xde_4 _paragraph_xtcu6_10 layout-component text-serif-m layout-normal text-serif-m layout-padded\">Senere ble han manager og trente Newcastle, Fulham, England og Manchester City mellom 1992 og 2009.<\/p>\n","protected":false},"excerpt":{"rendered":"Den tidligere England-spilleren Kevin Keegan har f\u00e5tt kreftdiagnose, opplyser familien hans. Foto: JON SUPER \/ AP \/ NTB&hellip;\n","protected":false},"author":2,"featured_media":131390,"comment_status":"","ping_status":"","sticky":false,"template":"","format":"standard","meta":{"footnotes":""},"categories":[5],"tags":[20,21,24,25,92,15,19,22,23,17,18,13,30,28,29,14,16,161,26,27,46],"class_list":{"0":"post-131389","1":"post","2":"type-post","3":"status-publish","4":"format-standard","5":"has-post-thumbnail","7":"category-overskrifter","8":"tag-breaking-news","9":"tag-breakingnews","10":"tag-featured-news","11":"tag-featurednews","12":"tag-fotball","13":"tag-headlines","14":"tag-hovedoppslag","15":"tag-latest-news","16":"tag-latestnews","17":"tag-main-news","18":"tag-mainnews","19":"tag-news","20":"tag-no","21":"tag-norge","22":"tag-norway","23":"tag-nyheter","24":"tag-overskrifter","25":"tag-premier-league","26":"tag-top-stories","27":"tag-topstories","28":"tag-vgai"},"share_on_mastodon":{"url":"https:\/\/pubeurope.com\/@no\/115855263469798718","error":""},"_links":{"self":[{"href":"https:\/\/www.europesays.com\/no\/wp-json\/wp\/v2\/posts\/131389","targetHints":{"allow":["GET"]}}],"collection":[{"href":"https:\/\/www.europesays.com\/no\/wp-json\/wp\/v2\/posts"}],"about":[{"href":"https:\/\/www.europesays.com\/no\/wp-json\/wp\/v2\/types\/post"}],"author":[{"embeddable":true,"href":"https:\/\/www.europesays.com\/no\/wp-json\/wp\/v2\/users\/2"}],"replies":[{"embeddable":true,"href":"https:\/\/www.europesays.com\/no\/wp-json\/wp\/v2\/comments?post=131389"}],"version-history":[{"count":0,"href":"https:\/\/www.europesays.com\/no\/wp-json\/wp\/v2\/posts\/131389\/revisions"}],"wp:featuredmedia":[{"embeddable":true,"href":"https:\/\/www.europesays.com\/no\/wp-json\/wp\/v2\/media\/131390"}],"wp:attachment":[{"href":"https:\/\/www.europesays.com\/no\/wp-json\/wp\/v2\/media?parent=131389"}],"wp:term":[{"taxonomy":"category","embeddable":true,"href":"https:\/\/www.europesays.com\/no\/wp-json\/wp\/v2\/categories?post=131389"},{"taxonomy":"post_tag","embeddable":true,"href":"https:\/\/www.europesays.com\/no\/wp-json\/wp\/v2\/tags?post=131389"}],"curies":[{"name":"wp","href":"https:\/\/api.w.org\/{rel}","templated":true}]}}