{"id":131409,"date":"2026-01-07T18:58:11","date_gmt":"2026-01-07T18:58:11","guid":{"rendered":"https:\/\/www.europesays.com\/no\/131409\/"},"modified":"2026-01-07T18:58:11","modified_gmt":"2026-01-07T18:58:11","slug":"folk-feirer-i-det-skjulte","status":"publish","type":"post","link":"https:\/\/www.europesays.com\/no\/131409\/","title":{"rendered":"\u2013 Folk feirer i det skjulte"},"content":{"rendered":"\n<p class=\"_lead_o9xde_2 _lead_xtcu6_50 layout-component text-serif-m layout-normal text-serif-l layout-component layout-wide layout-padded _wide_17hqh_1 layout-padded\">Supermarkedene er \u00e5pne, folk g\u00e5r p\u00e5 jobb, men ingen jubler. \u2013 De som feirer, gj\u00f8r det inni seg, sier den venezuelanske journalisten Adriana Nunez-Rabascall til VG.<\/p>\n<p><img alt=\"Adriana Nunez-Rabascall jobber som journalist i Venezuela. Foto: Privat\" class=\"_image_qp4xg_65 layout-component layout-wide\" data-fullscreen- data-track-element-type=\"Article image fullscreen\" data-track-name=\"ImageFullscreen\" fetchpriority=\"high\" decoding=\"sync\" loading=\"eager\" height=\"900\" itemprop=\"image\"  src=\"https:\/\/www.europesays.com\/no\/wp-content\/uploads\/2026\/01\/1373736e-8fb8-41e5-a72b-0171840aebc3.png\"  style=\"object-position:0% 0%\" width=\"1600\"\/>Adriana Nunez-Rabascall jobber som journalist i Venezuela. Foto: Privat<\/p>\n<ul aria-hidden=\"true\" class=\"_images_ntbth_112\">\n<li><a class=\"_link_ntbth_117\" href=\"https:\/\/www.vg.no\/forfatter\/ola-haram\" style=\"z-index:1\" title=\"Ola Haram\" rel=\"nofollow noopener\" target=\"_blank\"><img alt=\"Bilde av Ola Haram\" class=\"_image_ntbth_93\" fetchpriority=\"low\" loading=\"lazy\" decoding=\"async\" itemprop=\"image\"  src=\"https:\/\/www.europesays.com\/no\/wp-content\/uploads\/2026\/01\/1767812288_122_eb1cd510-8bbd-41ad-8377-f4ff91e91460.png\"  width=\"480\"\/><\/a><\/li>\n<\/ul>\n<p> Oppdatert onsdag 7. januar kl. 19:27     <\/p>\n<p class=\"_paragraph_o9xde_4 _paragraph_xtcu6_10 layout-component text-serif-m layout-normal text-serif-m layout-padded\">Da nyheten sprakk om at Nicol\u00e1s Maduro var p\u00e5grepet og fl\u00f8yet til New York, ventet mange p\u00e5 reaksjoner i gatene i hovedstaden Caracas.<\/p>\n<p class=\"_paragraph_o9xde_4 _paragraph_xtcu6_10 layout-component text-serif-m layout-normal text-serif-m layout-padded\">De kom ikke.<\/p>\n<p class=\"_paragraph_o9xde_4 _paragraph_xtcu6_10 layout-component text-serif-m layout-normal text-serif-m layout-padded\">\u2013 Jeg bor \u00f8st i Caracas. Gatene er normale. Folk jobber, butikkene er \u00e5pne. Men det er stille. Folk snakker ikke, sier journalisten Adriana Nunez-Rabascall, som jobber for flere internasjonale medier, deriblant Voice of America (VOA).<\/p>\n<p><img alt=\"Foto: Gaby Oraa \/ Reuters\" class=\"_image_qp4xg_65 layout-component layout-normal\" data-fullscreen- data-track-element-type=\"Article image fullscreen\" data-track-name=\"ImageFullscreen\" decoding=\"async\" loading=\"lazy\" height=\"3724\" itemprop=\"image\"  src=\"https:\/\/www.europesays.com\/no\/wp-content\/uploads\/2026\/01\/645a8f21-501b-40c1-b114-907a1979d346.png\"  style=\"object-position:0% 0%\" width=\"5503\"\/>Foto: Gaby Oraa \/ Reuters<\/p>\n<p class=\"_paragraph_o9xde_4 _paragraph_xtcu6_10 layout-component text-serif-m layout-normal text-serif-m layout-padded\">Hun beskriver en befolkning preget av frykt, usikkerhet og tilbakeholdt lettelse.<\/p>\n<p class=\"_paragraph_o9xde_4 _paragraph_xtcu6_10 layout-component text-serif-m layout-normal text-serif-m layout-padded\">\u2013 Folk er redde for \u00e5 si hva de mener. Hvis jeg st\u00e5r foran et kamera og sier at jeg st\u00f8tter det amerikanske angrepet, kan jeg bli fengslet. Derfor er stillheten total.<\/p>\n<p><img alt=\"Dagliglivet g\u00e5r sin gang i hovedstaden.  Foto: Gaby Oraa \/ Reuters \/ NTB\" class=\"_image_qp4xg_65 layout-component layout-normal\" data-fullscreen- data-track-element-type=\"Article image fullscreen\" data-track-name=\"ImageFullscreen\" decoding=\"async\" loading=\"lazy\" height=\"3614\" itemprop=\"image\"  src=\"https:\/\/www.europesays.com\/no\/wp-content\/uploads\/2026\/01\/aaae737a-f78b-456a-ad84-01aa27e771bc.jpeg\"  style=\"object-position:0% 0%\" width=\"5431\"\/>Dagliglivet g\u00e5r sin gang i hovedstaden.  Foto: Gaby Oraa \/ Reuters \/ NTB<\/p>\n<p class=\"_paragraph_o9xde_4 _paragraph_xtcu6_10 layout-component text-serif-m layout-normal text-serif-m layout-padded\"><strong class=\"_strong_o9xde_25\">Hamstring uten penger<\/strong><\/p>\n<p class=\"_paragraph_o9xde_4 _paragraph_xtcu6_10 layout-component text-serif-m layout-normal text-serif-m layout-padded\">L\u00f8rdag, da angrepene fant sted, gikk mange venezuelanere til supermarkedene for \u00e5 sikre seg det de kunne.<\/p>\n<p class=\"_paragraph_o9xde_4 _paragraph_xtcu6_10 layout-component text-serif-m layout-normal text-serif-m layout-padded\">\u2013 Folk kj\u00f8pte det de hadde r\u00e5d til. Men de fleste har ikke penger til \u00e5 hamstre. Du ser ikke tomme hyller, ikke fordi alt er bra, men fordi folk rett og slett ikke har r\u00e5d til \u00e5 kj\u00f8pe mer enn det mest n\u00f8dvendige.<\/p>\n<p class=\"_paragraph_o9xde_4 _paragraph_xtcu6_10 layout-component text-serif-m layout-normal text-serif-m layout-padded\">If\u00f8lge Adriana er dette en viktig forklaring p\u00e5 hvorfor situasjonen kan fremst\u00e5 roligere enn den egentlig er.<\/p>\n<p class=\"_paragraph_o9xde_4 _paragraph_xtcu6_10 layout-component text-serif-m layout-normal text-serif-m layout-padded\">\u2013 Folk st\u00e5r i k\u00f8 og kj\u00f8per det de kan. Ikke det de vil, sier Nunez-Rabascall.<\/p>\n<p><img alt=\"President Maduro i amerikansk varetekt.   Foto: X\" class=\"_image_qp4xg_65 layout-component layout-normal\" data-fullscreen- data-track-element-type=\"Article image fullscreen\" data-track-name=\"ImageFullscreen\" decoding=\"async\" loading=\"lazy\" height=\"860\" itemprop=\"image\"  src=\"https:\/\/www.europesays.com\/no\/wp-content\/uploads\/2026\/01\/26b04f9c-8d08-4667-8ebb-b16c07389555.jpeg\"  style=\"object-position:0% 0%\" width=\"1472\"\/>President Maduro i amerikansk varetekt.   Foto: XFeiring p\u00e5 WhatsApp<\/p>\n<p class=\"_paragraph_o9xde_4 _paragraph_xtcu6_10 layout-component text-serif-m layout-normal text-serif-m layout-padded\">Det finnes ingen offentlige feiringer i Venezuela n\u00e5, understreker hun.<\/p>\n<p class=\"_paragraph_o9xde_4 _paragraph_xtcu6_10 layout-component text-serif-m layout-normal text-serif-m layout-padded\">\u2013 Du ser ikke folk i gatene med flagg. Det skjer ikke. Men i private WhatsApp-grupper sendes bilder av Maduro i retten i New York. Folk skriver: \u00abHan er ute av landet\u00bb, \u00abHan er i fengsel\u00bb. Det er der feiringen skjer i det private.<\/p>\n<p class=\"_paragraph_o9xde_4 _paragraph_xtcu6_10 layout-component text-serif-m layout-normal text-serif-m layout-padded\">\u00c5rsaken ligger i erfaringene fra tidligere \u00e5r. Venezualanere har l\u00e6rt hva offentlig glede kan koste i et autorit\u00e6rt system der grensene for hva som er tillatt er uklare og konsekvensene uforutsigbare.<\/p>\n<p class=\"_paragraph_o9xde_4 _paragraph_xtcu6_10 layout-component text-serif-m layout-normal text-serif-m layout-padded\">\u2013 Etter valget i fjor ble rundt 2000 mennesker arrestert for \u00e5 feire opposisjonens valgseier. Noen ble tatt fordi de var i demonstrasjoner. Andre fordi de la ut bilder p\u00e5 Twitter. Folk husker det, sier hun.<\/p>\n<p><img alt=\"Is-salget fortsetter i Caracas.  Foto: MIGUEL GUTIERREZ \/ EPA \/ NTB\" class=\"_image_qp4xg_65 layout-component layout-normal\" data-fullscreen- data-track-element-type=\"Article image fullscreen\" data-track-name=\"ImageFullscreen\" decoding=\"async\" loading=\"lazy\" height=\"3344\" itemprop=\"image\"  src=\"https:\/\/www.europesays.com\/no\/wp-content\/uploads\/2026\/01\/93e5a628-4b9d-4c84-b9dc-718d393e6d0b.jpeg\"  style=\"object-position:0% 0%\" width=\"5016\"\/>Is-salget fortsetter i Caracas.  Foto: MIGUEL GUTIERREZ \/ EPA \/ NTBMakten er der fortsatt<\/p>\n<p class=\"_paragraph_o9xde_4 _paragraph_xtcu6_10 layout-component text-serif-m layout-normal text-serif-m layout-padded\">Samtidig er forvirringen stor. P\u00e5 mandag ble Venezuelas visepresident og oljeminister Delcy Rodr\u00edguez tatt i ed som midlertidig president.<\/p>\n<p class=\"_paragraph_o9xde_4 _paragraph_xtcu6_10 layout-component text-serif-m layout-normal text-serif-m layout-padded\">\u2013 Folk sp\u00f8r: Hvis Maduro er arrestert, hvorfor sitter chavistenechavisteneEn betegnelse p\u00e5 tilhengere av den politiske ideologien til den tidligere venezuelanske presidenten Hugo Ch\u00e1vez, som fortsatt har innflytelse i Venezuela. fortsatt med makten? Hvorfor styrer Delcy Rodr\u00edguez? Hva skjer med Mar\u00eda Corina Machado og Edmundo Gonz\u00e1lez? Er de ute av spillet?<\/p>\n<p class=\"_paragraph_o9xde_4 _paragraph_xtcu6_10 layout-component text-serif-m layout-normal text-serif-m layout-padded\">Opposisjonsleder og nobelprisvinner Mar\u00eda Corina Machado har sagt at hun vil returnere til Venezuela, men har ikke v\u00e6rt i landet siden hun mottok Nobels fredspris i Norge i desember. Samtidig har USAs president Donald Trump forel\u00f8pig avvist et samarbeid med Machado.<\/p>\n<p class=\"_paragraph_o9xde_4 _paragraph_xtcu6_10 layout-component text-serif-m layout-normal text-serif-m layout-padded\">Nunez-Rabascall beskriver et samfunn i ventemodus.<\/p>\n<p class=\"_paragraph_o9xde_4 _paragraph_xtcu6_10 layout-component text-serif-m layout-normal text-serif-m layout-padded\">\u2013 Det riktige ordet er usikkerhet. Ikke h\u00e5p. Usikkerhet.<\/p>\n<p class=\"_paragraph_o9xde_4 _paragraph_xtcu6_10 layout-component text-serif-m layout-normal text-serif-m layout-padded\">Hun avviser at folk flest er opptatt av stormaktspolitikk eller suverenitet.<\/p>\n<p class=\"_paragraph_o9xde_4 _paragraph_xtcu6_10 layout-component text-serif-m layout-normal text-serif-m layout-padded\">\u2013 De bryr seg om \u00e5 overleve. N\u00e5r du ikke har r\u00e5d til mat eller helseforsikring, tenker du ikke geopolitikk.<\/p>\n<p><img alt=\"Milit\u00e6rt personell vokter presidentpalasset Miraflores i Caracas, natten USA gikk til angrep.   Foto: MIGUEL GUTIERREZ \/ EPA\" class=\"_image_qp4xg_65 layout-component layout-normal\" data-fullscreen- data-track-element-type=\"Article image fullscreen\" data-track-name=\"ImageFullscreen\" decoding=\"async\" loading=\"lazy\" height=\"2022\" itemprop=\"image\"  src=\"https:\/\/www.europesays.com\/no\/wp-content\/uploads\/2026\/01\/da501fde-0138-48a9-8da8-10db975d250c.jpeg\"  style=\"object-position:0% 0%\" width=\"2652\"\/>Milit\u00e6rt personell vokter presidentpalasset Miraflores i Caracas, natten USA gikk til angrep.   Foto: MIGUEL GUTIERREZ \/ EPAMilit\u00e6ret er den store usikkerheten<\/p>\n<p class=\"_paragraph_o9xde_4 _paragraph_xtcu6_10 layout-component text-serif-m layout-normal text-serif-m layout-padded\">En eventuell maktovergang fremst\u00e5r fortsatt h\u00f8yst uklar.<\/p>\n<p class=\"_paragraph_o9xde_4 _paragraph_xtcu6_10 layout-component text-serif-m layout-normal text-serif-m layout-padded\">\u2013 Milit\u00e6ret kontrollerer store deler av \u00f8konomien, og h\u00e6ren er fortsatt lojale mot chavismen. Jeg er ikke politisk analytiker, men dette er realiteten.<\/p>\n<p class=\"_paragraph_o9xde_4 _paragraph_xtcu6_10 layout-component text-serif-m layout-normal text-serif-m layout-padded\">Hun understreker at pressen fortsatt jobber under harde vilk\u00e5r.<\/p>\n<p class=\"_paragraph_o9xde_4 _paragraph_xtcu6_10 layout-component text-serif-m layout-normal text-serif-m layout-padded\">\u2013 I g\u00e5r ble 14 journalister arrestert. De ble l\u00f8slatt etter avh\u00f8r, men det sender et tydelig signal. Venezuela er ikke et fritt land.<\/p>\n<p><img alt=\"USAs president Donald Trump vil gi store fordeler til amerikanske oljeselskaper i Venezuela.  Foto: MARGIONI BERMUDEZ \/ AFP \/ NTB\" class=\"_image_qp4xg_65 layout-component layout-normal\" data-fullscreen- data-track-element-type=\"Article image fullscreen\" data-track-name=\"ImageFullscreen\" decoding=\"async\" loading=\"lazy\" height=\"2400\" itemprop=\"image\"  src=\"https:\/\/www.europesays.com\/no\/wp-content\/uploads\/2026\/01\/9ed28959-39a6-4b1c-ad18-d94da2c09502.jpeg\"  style=\"object-position:0% 0%\" width=\"3600\"\/>USAs president Donald Trump vil gi store fordeler til amerikanske oljeselskaper i Venezuela.  Foto: MARGIONI BERMUDEZ \/ AFP \/ NTB\u2013 Dette handler om olje<\/p>\n<p class=\"_paragraph_o9xde_4 _paragraph_xtcu6_10 layout-component text-serif-m layout-normal text-serif-m layout-padded\">Hva som skjer videre, t\u00f8r hun ikke sp\u00e5.<\/p>\n<p class=\"_paragraph_o9xde_4 _paragraph_xtcu6_10 layout-component text-serif-m layout-normal text-serif-m layout-padded\">\u2013 Se p\u00e5 oljen. N\u00e5r USA snakker med Delcy Rodr\u00edguez, f\u00f8lger de en linje. Dette handler ikke om demokrati. Det handler om olje.<\/p>\n<p class=\"_paragraph_o9xde_4 _paragraph_xtcu6_10 layout-component text-serif-m layout-normal text-serif-m layout-padded\">For venezuelanerne i k\u00f8 p\u00e5 supermarkedet betyr det lite.<\/p>\n<p class=\"_paragraph_o9xde_4 _paragraph_xtcu6_10 layout-component text-serif-m layout-normal text-serif-m layout-padded\">\u2013 Du kan ikke se Venezuela med europeiske \u00f8yne. N\u00e5r folket lider og har ikke r\u00e5d til \u00e5 kj\u00f8pe mat, s\u00e5 kan de ikke tenke p\u00e5 suverenitet. De kan bare tenke p\u00e5 \u00abOkei, jeg vet jeg m\u00e5 spise\u00bb, sier hun. Folk vil bare at det skal ta slutt.<\/p>\n<p><img alt=\"Foto: MIGUEL GUTIERREZ \/ EPA \/ NTB\" class=\"_image_qp4xg_65 layout-component layout-normal\" data-fullscreen- data-track-element-type=\"Article image fullscreen\" data-track-name=\"ImageFullscreen\" decoding=\"async\" loading=\"lazy\" height=\"3700\" itemprop=\"image\"  src=\"https:\/\/www.europesays.com\/no\/wp-content\/uploads\/2026\/01\/4a9a2e09-1832-479b-a6c9-45caf0f0b6cb.png\"  style=\"object-position:0% 0%\" width=\"5550\"\/>Foto: MIGUEL GUTIERREZ \/ EPA \/ NTB    <\/p>\n","protected":false},"excerpt":{"rendered":"Supermarkedene er \u00e5pne, folk g\u00e5r p\u00e5 jobb, men ingen jubler. \u2013 De som feirer, gj\u00f8r det inni seg,&hellip;\n","protected":false},"author":2,"featured_media":131410,"comment_status":"","ping_status":"","sticky":false,"template":"","format":"standard","meta":{"footnotes":""},"categories":[12],"tags":[14960,20,21,8227,24,25,15,22,23,13,4037,30,28,29,14,16,26,27,42,43,44,45],"class_list":{"0":"post-131409","1":"post","2":"type-post","3":"status-publish","4":"format-standard","5":"has-post-thumbnail","7":"category-verden","8":"tag-angrepet-mot-venezuela","9":"tag-breaking-news","10":"tag-breakingnews","11":"tag-caracas","12":"tag-featured-news","13":"tag-featurednews","14":"tag-headlines","15":"tag-latest-news","16":"tag-latestnews","17":"tag-news","18":"tag-nicolas-maduro","19":"tag-no","20":"tag-norge","21":"tag-norway","22":"tag-nyheter","23":"tag-overskrifter","24":"tag-top-stories","25":"tag-topstories","26":"tag-verden","27":"tag-world","28":"tag-world-news","29":"tag-worldnews"},"share_on_mastodon":{"url":"","error":""},"_links":{"self":[{"href":"https:\/\/www.europesays.com\/no\/wp-json\/wp\/v2\/posts\/131409","targetHints":{"allow":["GET"]}}],"collection":[{"href":"https:\/\/www.europesays.com\/no\/wp-json\/wp\/v2\/posts"}],"about":[{"href":"https:\/\/www.europesays.com\/no\/wp-json\/wp\/v2\/types\/post"}],"author":[{"embeddable":true,"href":"https:\/\/www.europesays.com\/no\/wp-json\/wp\/v2\/users\/2"}],"replies":[{"embeddable":true,"href":"https:\/\/www.europesays.com\/no\/wp-json\/wp\/v2\/comments?post=131409"}],"version-history":[{"count":0,"href":"https:\/\/www.europesays.com\/no\/wp-json\/wp\/v2\/posts\/131409\/revisions"}],"wp:featuredmedia":[{"embeddable":true,"href":"https:\/\/www.europesays.com\/no\/wp-json\/wp\/v2\/media\/131410"}],"wp:attachment":[{"href":"https:\/\/www.europesays.com\/no\/wp-json\/wp\/v2\/media?parent=131409"}],"wp:term":[{"taxonomy":"category","embeddable":true,"href":"https:\/\/www.europesays.com\/no\/wp-json\/wp\/v2\/categories?post=131409"},{"taxonomy":"post_tag","embeddable":true,"href":"https:\/\/www.europesays.com\/no\/wp-json\/wp\/v2\/tags?post=131409"}],"curies":[{"name":"wp","href":"https:\/\/api.w.org\/{rel}","templated":true}]}}