{"id":131411,"date":"2026-01-07T18:59:22","date_gmt":"2026-01-07T18:59:22","guid":{"rendered":"https:\/\/www.europesays.com\/no\/131411\/"},"modified":"2026-01-07T18:59:22","modified_gmt":"2026-01-07T18:59:22","slug":"nar-markensgate-blir-politisk-kamparena","status":"publish","type":"post","link":"https:\/\/www.europesays.com\/no\/131411\/","title":{"rendered":"N\u00e5r Markensgate blir politisk kamparena"},"content":{"rendered":"<p> Det ropes hatefullt mot Israel, det vaies med store flagg og plakater.<\/p>\n<p>Forrest i toget g\u00e5r det sm\u00e5 barn; de voksne holder en megafon foran barna og de roper de samme hatefulle ordene mot Israel som de voksne.<\/p>\n<p>Disse barna som vokser opp i Kristiansand, har allerede l\u00e6rt \u00e5 hate. Det ropes blant annet \u00abFrom the river to the sea\u00bb, fra elven til havet, noe som tolkes slik at j\u00f8dene skal kastes p\u00e5 havet. \u00abIsrael er en terrorstat\u00bb er et annet slagord blant de som brukes.<\/p>\n<p>En demonstrasjon arrangert av nynazister for noen \u00e5r tilbake fikk stor oppmerksomhet og negativ omtale i norsk og internasjonal presse, og det var en engangsforeteelse. Denne demonstrasjonen som har p\u00e5g\u00e5tt i flere \u00e5r, forbig\u00e5s i stillhet.<\/p>\n<p>Den gjentagende l\u00f8rdagsmarsjen i regi av Palestinakomiteen har gjort Markensgate utrivelig for mange. Markensgate skal v\u00e6re en plass for alle byens borgere. Slik situasjonen er n\u00e5, har l\u00f8rdagshandelen og hyggen for mange blitt preget av et politisk trykk som gj\u00f8r at trivselen forsvinner. Det er p\u00e5 tide at vi t\u00f8r \u00e5 ta debatten om hva slags milj\u00f8 vi \u00f8nsker i v\u00e5r by.<\/p>\n<p>M\u00e5 man anmelde Palestinakomit\u00e9en for hatefulle ytringer?<\/p>\n<p>Gir de oss da tilbake Markens p\u00e5 l\u00f8rdagene, mon tro?<\/p>\n","protected":false},"excerpt":{"rendered":"Det ropes hatefullt mot Israel, det vaies med store flagg og plakater. Forrest i toget g\u00e5r det sm\u00e5&hellip;\n","protected":false},"author":2,"featured_media":131412,"comment_status":"","ping_status":"","sticky":false,"template":"","format":"standard","meta":{"footnotes":""},"categories":[10],"tags":[20,21,864,24,25,15,22,23,13,30,28,29,14,16,3370,26,27],"class_list":{"0":"post-131411","1":"post","2":"type-post","3":"status-publish","4":"format-standard","5":"has-post-thumbnail","7":"category-norge","8":"tag-breaking-news","9":"tag-breakingnews","10":"tag-demonstrasjoner","11":"tag-featured-news","12":"tag-featurednews","13":"tag-headlines","14":"tag-latest-news","15":"tag-latestnews","16":"tag-news","17":"tag-no","18":"tag-norge","19":"tag-norway","20":"tag-nyheter","21":"tag-overskrifter","22":"tag-palestinakomiteen","23":"tag-top-stories","24":"tag-topstories"},"share_on_mastodon":{"url":"","error":""},"_links":{"self":[{"href":"https:\/\/www.europesays.com\/no\/wp-json\/wp\/v2\/posts\/131411","targetHints":{"allow":["GET"]}}],"collection":[{"href":"https:\/\/www.europesays.com\/no\/wp-json\/wp\/v2\/posts"}],"about":[{"href":"https:\/\/www.europesays.com\/no\/wp-json\/wp\/v2\/types\/post"}],"author":[{"embeddable":true,"href":"https:\/\/www.europesays.com\/no\/wp-json\/wp\/v2\/users\/2"}],"replies":[{"embeddable":true,"href":"https:\/\/www.europesays.com\/no\/wp-json\/wp\/v2\/comments?post=131411"}],"version-history":[{"count":0,"href":"https:\/\/www.europesays.com\/no\/wp-json\/wp\/v2\/posts\/131411\/revisions"}],"wp:featuredmedia":[{"embeddable":true,"href":"https:\/\/www.europesays.com\/no\/wp-json\/wp\/v2\/media\/131412"}],"wp:attachment":[{"href":"https:\/\/www.europesays.com\/no\/wp-json\/wp\/v2\/media?parent=131411"}],"wp:term":[{"taxonomy":"category","embeddable":true,"href":"https:\/\/www.europesays.com\/no\/wp-json\/wp\/v2\/categories?post=131411"},{"taxonomy":"post_tag","embeddable":true,"href":"https:\/\/www.europesays.com\/no\/wp-json\/wp\/v2\/tags?post=131411"}],"curies":[{"name":"wp","href":"https:\/\/api.w.org\/{rel}","templated":true}]}}