{"id":131422,"date":"2026-01-07T19:08:28","date_gmt":"2026-01-07T19:08:28","guid":{"rendered":"https:\/\/www.europesays.com\/no\/131422\/"},"modified":"2026-01-07T19:08:28","modified_gmt":"2026-01-07T19:08:28","slug":"bethenny-frankel-avslorer-sjokkerende-infeksjon-etter-luksusferie-pa-st-barths-2","status":"publish","type":"post","link":"https:\/\/www.europesays.com\/no\/131422\/","title":{"rendered":"Bethenny Frankel avsl\u00f8rer sjokkerende infeksjon etter luksusferie p\u00e5 St. Barths"},"content":{"rendered":"<p class=\"kicker tm20\" style=\"\">Manchester United<\/p>\n<p>  Ole Gunnar Solskj\u00e6r st\u00e5r p\u00e5 trappene til \u00e5 ta over som midlertidig manager i Manchester United. De hyppige trenerbyttene har kostet klubben dyrt.<\/p>\n<p>\n    HET POTET: Ole Gunnar Solskj\u00e6r skal v\u00e6re i samtaler om trenerjobben i Manchester United. Foto: Bj\u00f8rn Langsem \/ Dagbladet\n  <\/p>\n<p>Ryktene svirrer om en potensiell Ole Gunnar Solskj\u00e6r-retur til Old Trafford. Flere anerkjente medier og journalister melder at nordmannen kan bli klar allerede denne uka &#8211; i f\u00f8rste omgang som midlertidig manager for klubben.<\/p>\n<p class=\"font-weight-bold m-font-weight-bold\" data-lab-font_weight=\"font-weight-bold\">&#8211; Jeg er litt overrasket, men samtidig ikke n\u00e5r det ble den situasjonen det ble med Amorim. Klubben m\u00e5 ha en rask l\u00f8sning, sier Viaplay-ekspert Nils Johan Semb n\u00e5r han m\u00f8ter Dagbladet p\u00e5 Gardermoen.<\/p>\n<p>    <a itemprop=\"url\" href=\"https:\/\/www.dagbladet.no\/sport\/hemmelig-samtale-avslort\/84064721\" rel=\"nofollow noopener\" target=\"_blank\"><\/p>\n<p>        <img loading=\"lazy\" decoding=\"async\" src=\"https:\/\/www.europesays.com\/no\/wp-content\/uploads\/2026\/01\/84064846.webp.webp\" width=\"980\" height=\"441\" title=\"Hemmelig samtale avsl\u00f8rt\" alt=\"\" class=\"lazyload\" style=\"--aspect-ratio-image: 2.22; \"\/><\/p>\n<p>        Hemmelig samtale avsl\u00f8rt<\/p>\n<p>    <\/a><\/p>\n<p>&#8211; Utrolig sterkt navn<\/p>\n<p>Om Solskj\u00e6r blir ansatt, vil det bli hans andre periode i managerstolen p\u00e5 dr\u00f8mmenes teater. I 2018 tok han ogs\u00e5 over som midlertidig manager etter at Jos\u00e9 Mourinho fikk sparken. Noen m\u00e5neder senere ble jobben gjort permanent.<\/p>\n<p>    <a itemprop=\"url\" href=\"https:\/\/www.dagbladet.no\/video\/slik-var-solskjaers-tid-som-man-utd-manager\/JMPeWkk0\" rel=\"nofollow noopener\" target=\"_blank\"><\/p>\n<p>        <img loading=\"lazy\" decoding=\"async\" src=\"https:\/\/www.europesays.com\/no\/wp-content\/uploads\/2026\/01\/84067308.webp.webp\" width=\"147\" height=\"98\" title=\"Slik var Solskj\u00e6rs tid som Man Utd-manager\" alt=\"\" class=\"lazyload\" style=\"--aspect-ratio-image: 1.50; \"\/><\/p>\n<p>        Slik var Solskj\u00e6rs tid som Man Utd-manager<\/p>\n<p>    <\/a><\/p>\n<p>Selv om jobben n\u00e5 skal v\u00e6re midlertidig, ser ikke Semb bort fra at den eventuelle jobben kan bli permanent etter hvert ogs\u00e5 denne gangen.<\/p>\n<p class=\"font-weight-bold m-font-weight-bold\" data-lab-font_weight=\"font-weight-bold\">&#8211; Jeg ser ikke bort fra at det kan bli mye, mye lengre. Han har et utrolig sterkt navn, og han hadde gode sesonger med gode resultater der. Det blir uansett veldig spennende.<\/p>\n<p>        <img loading=\"lazy\" decoding=\"async\" src=\"https:\/\/www.europesays.com\/no\/wp-content\/uploads\/2026\/01\/84066812.webp.webp\" width=\"980\" height=\"559\" title=\"HAR TROA: Nils Johan Semb tror Solskj\u00e6r kan f\u00e5 en ny lang periode p\u00e5 Old Trafford. Foto: Christian Monge \/ Dagbladet\" alt=\"\" class=\"\" style=\"--aspect-ratio-image: 1.75; \"\/><\/p>\n<p>\n        HAR TROA: Nils Johan Semb tror Solskj\u00e6r kan f\u00e5 en ny lang periode p\u00e5 Old Trafford. Foto: Christian Monge \/ Dagbladet\n    <\/p>\n<p>Det spekuleres i om Solskj\u00e6r f\u00e5r med seg b\u00e5de Michael Carrick og Darren Fletcher i trenerteamet. Trioen vet hva som m\u00e5 til for \u00e5 lykkes p\u00e5 Old Trafford.<\/p>\n<p>Til sammen har de hele 1172 kamper for Manchester United.<\/p>\n<p>&#8211; Fletcher og Carrick er jo folk som Ole Gunnar kjenner veldig godt, og de kan sikkert samarbeide godt ogs\u00e5. Det er mye kompetanse i den trioen der, men de m\u00e5 jo ogs\u00e5 ha klare retningslinjer p\u00e5 hvem som er manager, sier Semb.<\/p>\n<p>        <img loading=\"lazy\" decoding=\"async\" src=\"https:\/\/www.europesays.com\/no\/wp-content\/uploads\/2026\/01\/84066215.webp.webp\" width=\"980\" height=\"559\" title=\"KAN GJENFORENES: De tidligere Manchester United-spillerne Ole Gunnar Solskj\u00e6r og Michael Carrick er hete kandidater til \u00e5 ta over skuta p\u00e5 Old Trafford sammen med Darren Fletcher. Foto: Terje Pedersen \/ NTB\" alt=\"\" class=\"\" style=\"--aspect-ratio-image: 1.75; \"\/><\/p>\n<p>\n        KAN GJENFORENES: De tidligere Manchester United-spillerne Ole Gunnar Solskj\u00e6r og Michael Carrick er hete kandidater til \u00e5 ta over skuta p\u00e5 Old Trafford sammen med Darren Fletcher. Foto: Terje Pedersen \/ NTB\n    <\/p>\n<p>Spinnville summer  <\/p>\n<p>Solskj\u00e6r endte med \u00e5 f\u00e5 sparken i storklubben p\u00e5 senh\u00f8sten i 2021 etter en periode med d\u00e5rlige resultater. Han f\u00f8yde seg dermed inn i rekka av store managernavn som har f\u00e5tt fyken siden Sir Alex Ferguson ga seg i Manchester United.\u00a0<\/p>\n<p>David Moyes, Louis van Gaal, nevnte Mourinho og Solskj\u00e6r, Rangnick, Erik ten Hag og sist Ruben Amorim har alle trasket ut d\u00f8rene etter ikke \u00e5 ha levert tilfredsstillende resultater.\u00a0Samtlige av dem har f\u00e5tt etterl\u00f8nn i store mengder, noe som har kostet klubben dyrt.<\/p>\n<p>    <a itemprop=\"url\" href=\"https:\/\/www.dagbladet.no\/sport\/sjokkfunn-naer-vm-stadion\/84055874\" rel=\"nofollow noopener\" target=\"_blank\"><\/p>\n<p>        <img loading=\"lazy\" decoding=\"async\" src=\"https:\/\/www.europesays.com\/no\/wp-content\/uploads\/2026\/01\/84055879.webp.webp\" width=\"980\" height=\"441\" title=\"Sjokkfunn n\u00e6r VM-stadion\" alt=\"\" class=\"lazyload\" style=\"--aspect-ratio-image: 2.22; \"\/><\/p>\n<p>        Sjokkfunn n\u00e6r VM-stadion<\/p>\n<p>    <\/a><\/p>\n<p class=\"font-weight-bold m-font-weight-bold\" data-lab-font_weight=\"font-weight-bold\">Solskj\u00e6r, som n\u00e5 er p\u00e5 vei inn d\u00f8rene igjen, fikk en sluttpakke p\u00e5 10 millioner pund i 2021, if\u00f8lge <a href=\"https:\/\/www.telegraph.co.uk\/football\/2026\/01\/06\/man-utd-have-spent-100m-on-hiring-and-firing-since-sir-alex\/\" target=\"_blank\" rel=\"nofollow noopener\">The Telegraph<\/a>. Det tilsvarer rundt 135 millioner norske kroner etter dagens kurs.\u00a0<\/p>\n<p>Amorim f\u00e5r det samme etter sin avgang, mens Jos\u00e9 Mourinho s\u00e5 langt har f\u00e5tt den st\u00f8rste posen med gullmynter etter sin avskjed. Han fikk med seg nesten 20 millioner pund, alts\u00e5 n\u00e6rmere 270 millioner kroner.<\/p>\n<p>    Manchester United-managerenes etterl\u00f8nn<\/p>\n<p>S\u00e5 mye har managerene til Manchester United f\u00e5tt utbetalt som f\u00f8lge av sparking etter Sir Alex Ferguson-\u00e6raen.<\/p>\n<p>David Moyes: 4,9 millioner pund<\/p>\n<p>Louis van Gaal: 8,4 millioner pund<\/p>\n<p>Jos\u00e9 Mourinho: 19,6 millioner pund<\/p>\n<p>Ole Gunnar Solskj\u00e6r: 10 millioner pund<\/p>\n<p>Ralf Rangnick: 14,7 millioner pund*<\/p>\n<p>Erik ten Hag: 10,4 millioner pund<\/p>\n<p>Ruben Amorim: 10 millioner pund<\/p>\n<p>Til sammen: 78 millioner pund (over en milliard norske kroner etter dagens kurs)<\/p>\n<p>*Rangnick skulle over i en annen rolle etter at han var midlertidig manager. Det skjedde imidlertid ikke.<\/p>\n<p class=\"italic m-italic\" data-lab-italic=\"italic\">Kilde: The Telegraph<\/p>\n<p>      Vis mer<br \/>\n      Vis mindre<\/p>\n<p class=\"font-weight-bold m-font-weight-bold\" data-lab-font_weight=\"font-weight-bold\">De h\u00f8ye utbetalingene av sluttpakker har med det steget over en milliard norske kroner siden Sir Alex Ferguson ga seg i 2013.<\/p>\n<p>P\u00e5 toppen av dette har Manchester United ogs\u00e5 brukt over 20 millioner pund p\u00e5 \u00e5 kj\u00f8pe ut managere og ledere fra sine tidligere jobber. Blant annet fikk Molde \u00e9n million pund da Solskj\u00e6r ble hentet derfra i 2018, mens Sporting fikk hele 11 millioner pund da Ruben Amorim ble hentet p\u00e5 h\u00f8sten 2024.<\/p>\n<p>        <img loading=\"lazy\" decoding=\"async\" src=\"https:\/\/www.europesays.com\/no\/wp-content\/uploads\/2026\/01\/84066718.webp.webp\" width=\"667\" height=\"447\" title=\"DYRE: Sparkingen av Jos\u00e9 Mourinho og Ole Gunnar Solskj\u00e6r har v\u00e6rt dyrt for Manchester United. Foto: Carl Recine \/ Reuters \/ NTB\" alt=\"\" class=\"\" style=\"--aspect-ratio-image: 1.49; \"\/><\/p>\n<p>\n        DYRE: Sparkingen av Jos\u00e9 Mourinho og Ole Gunnar Solskj\u00e6r har v\u00e6rt dyrt for Manchester United. Foto: Carl Recine \/ Reuters \/ NTB\n    <\/p>\n<p>Det er ventet at Solskj\u00e6r skal delta i \u00c5ge Hareides begravelse torsdag. En eventuell bekreftelse p\u00e5 ansettelsen er derfor ventet \u00e5 skje tidligst fredag.\u00a0<\/p>\n<p>Manchester United tar imot Brighton i FA-cupen s\u00f8ndag, mens Erling Braut Haaland og Manchester City venter til byderby i Premier League helga etter.<\/p>\n<p>De r\u00f8de djevlene m\u00f8ter ogs\u00e5 Burnley i Premier League onsdag kveld. Da er det imidlertid Darren Fletcher som styrer skuta.<\/p>\n","protected":false},"excerpt":{"rendered":"Manchester United Ole Gunnar Solskj\u00e6r st\u00e5r p\u00e5 trappene til \u00e5 ta over som midlertidig manager i Manchester United.&hellip;\n","protected":false},"author":2,"featured_media":131423,"comment_status":"","ping_status":"","sticky":false,"template":"","format":"standard","meta":{"footnotes":""},"categories":[10],"tags":[13343,20,21,24,25,15,479,22,23,13,30,28,29,14,16,15223,26,27],"class_list":{"0":"post-131422","1":"post","2":"type-post","3":"status-publish","4":"format-standard","5":"has-post-thumbnail","7":"category-norge","8":"tag-bethenny-frankel","9":"tag-breaking-news","10":"tag-breakingnews","11":"tag-featured-news","12":"tag-featurednews","13":"tag-headlines","14":"tag-kjendis","15":"tag-latest-news","16":"tag-latestnews","17":"tag-news","18":"tag-no","19":"tag-norge","20":"tag-norway","21":"tag-nyheter","22":"tag-overskrifter","23":"tag-st-barths","24":"tag-top-stories","25":"tag-topstories"},"share_on_mastodon":{"url":"https:\/\/pubeurope.com\/@no\/115855393191451057","error":""},"_links":{"self":[{"href":"https:\/\/www.europesays.com\/no\/wp-json\/wp\/v2\/posts\/131422","targetHints":{"allow":["GET"]}}],"collection":[{"href":"https:\/\/www.europesays.com\/no\/wp-json\/wp\/v2\/posts"}],"about":[{"href":"https:\/\/www.europesays.com\/no\/wp-json\/wp\/v2\/types\/post"}],"author":[{"embeddable":true,"href":"https:\/\/www.europesays.com\/no\/wp-json\/wp\/v2\/users\/2"}],"replies":[{"embeddable":true,"href":"https:\/\/www.europesays.com\/no\/wp-json\/wp\/v2\/comments?post=131422"}],"version-history":[{"count":0,"href":"https:\/\/www.europesays.com\/no\/wp-json\/wp\/v2\/posts\/131422\/revisions"}],"wp:featuredmedia":[{"embeddable":true,"href":"https:\/\/www.europesays.com\/no\/wp-json\/wp\/v2\/media\/131423"}],"wp:attachment":[{"href":"https:\/\/www.europesays.com\/no\/wp-json\/wp\/v2\/media?parent=131422"}],"wp:term":[{"taxonomy":"category","embeddable":true,"href":"https:\/\/www.europesays.com\/no\/wp-json\/wp\/v2\/categories?post=131422"},{"taxonomy":"post_tag","embeddable":true,"href":"https:\/\/www.europesays.com\/no\/wp-json\/wp\/v2\/tags?post=131422"}],"curies":[{"name":"wp","href":"https:\/\/api.w.org\/{rel}","templated":true}]}}