{"id":131428,"date":"2026-01-07T19:11:10","date_gmt":"2026-01-07T19:11:10","guid":{"rendered":"https:\/\/www.europesays.com\/no\/131428\/"},"modified":"2026-01-07T19:11:10","modified_gmt":"2026-01-07T19:11:10","slug":"cher-om-kristen-bells-ekteskap","status":"publish","type":"post","link":"https:\/\/www.europesays.com\/no\/131428\/","title":{"rendered":"Cher om Kristen Bells ekteskap:"},"content":{"rendered":"<p class=\"kicker \" style=\"\">\u00a0Dax Shepard:<\/p>\n<p>  Da Kristen Bells ektemann konfronterte artisten, svarte superstjernen \u00e6rlig om forholdet.<\/p>\n<p>\n    EKTEPAR: Kristen Bell og Dax Shepard har v\u00e6rt gift siden 2014. Foto: Stewart Cook\/REXNTB\n  <\/p>\n<p>Tilbake i 2010 kom filmen \u00abBurlesque\u00bb ut, og blant skuespillerne finner vi <a href=\"https:\/\/www.seher.no\/kjendis\/bortskjemte-drittunger\/83807013\" rel=\"nofollow noopener\" target=\"_blank\">Kristen Bell (45)<\/a> og Cher (79).<\/p>\n<p>    <a itemprop=\"url\" href=\"https:\/\/www.seher.no\/kjendis\/bortskjemte-drittunger\/83807013\" rel=\"nofollow noopener\" target=\"_blank\"><\/p>\n<p>        <img loading=\"lazy\" decoding=\"async\" src=\"https:\/\/www.europesays.com\/no\/wp-content\/uploads\/2026\/01\/83830988.webp.webp\" width=\"147\" height=\"98\" title=\"- Bortskjemte drittunger\" alt=\"\" class=\"lazyload\" style=\"--aspect-ratio-image: 1.50; \"\/><\/p>\n<p>        &#8211; Bortskjemte drittunger<\/p>\n<p>    <\/a><\/p>\n<p>If\u00f8lge <a data-lab-font_weight=\"font-weight-bold\" href=\"https:\/\/people.com\/cher-tells-dax-shepard-his-wife-kristen-bell-deserves-better-11878963\" rel=\"nofollow noopener\" target=\"_blank\">People<\/a> m\u00f8ttes Bell og artisten for f\u00f8rste gang under innspillingen av filmen, da Bell allerede var forlovet med sin n\u00e5v\u00e6rende ektemann, Dax Shepard (51).<\/p>\n<p>N\u00e5 gjester Cher Shepards podkast, der det tilsynelatende kommer frem at superstjernen ikke er den st\u00f8rste tilhengeren av parets ekteskap.<\/p>\n<p>        TILBAKEFALL. Dax Shepard har v\u00e6rt rusfri i 16 \u00e5r, men sprakk da han skadet h\u00e5nda si. Slik reagerer kona Kristen Bell. Video: Viaplay<\/p>\n<p class=\"font-weight-bold m-font-weight-bold\" data-lab-font_weight=\"font-weight-bold\">&#8211; Hvem ville v\u00e6rt din dr\u00f8mmepartner for henne? For jeg vet at du synes at hun fortjener bedre, og jeg er ikke uenig, sp\u00f8r Shepard artisten under episoden, gjengitt av <a href=\"https:\/\/people.com\/cher-tells-dax-shepard-his-wife-kristen-bell-deserves-better-11878963\" rel=\"nofollow noopener\" target=\"_blank\">People<\/a>.\u00a0<\/p>\n<p>79-\u00e5ringen benekter ikke p\u00e5standen, men svarer:<\/p>\n<p>&#8211; Sannheten er at jeg stoler p\u00e5 henne. S\u00e5 du m\u00e5 ha noe jeg ikke ser.\u00a0<\/p>\n<p>        <img loading=\"lazy\" decoding=\"async\" src=\"https:\/\/www.europesays.com\/no\/wp-content\/uploads\/2026\/01\/84059392.webp.webp\" width=\"667\" height=\"634\" title=\"BURLESQUE: Kristen Bell, Cher, Christina Aguilera og Cam Gigandet fotografert tilbake i 2010 i forbindelse med filmen. Foto: Nicolas Khayat\/REX\/NTB\" alt=\"\" class=\"\" style=\"--aspect-ratio-image: 1.05; \"\/><\/p>\n<p>\n        BURLESQUE: Kristen Bell, Cher, Christina Aguilera og Cam Gigandet fotografert tilbake i 2010 i forbindelse med filmen. Foto: Nicolas Khayat\/REX\/NTB\n    <\/p>\n<p>Cher legger samtidig til at han virker som en god far for d\u00f8trene deres, Lincoln (12) og Delta (11).\u00a0<\/p>\n<p>I episoden fors\u00f8ker Shepard \u00e5 overbevise Cher om sine gode sider.\u00a0<\/p>\n<p>&#8211; Jeg skal fortelle deg den tingen du b\u00f8r like ved meg. Jeg f\u00f8ler meg ikke truet av at hun skinner. Jeg elsker det. Jo mer hun skinner, jo bedre, sier 51-\u00e5ringen.\u00a0<\/p>\n<p>        REALITY-FORTID: \u00abFlukten fra Bolivia\u00bb-skuespilleren r\u00f8per hvordan deltakelsen i det popul\u00e6re realityprogrammet landet henne dr\u00f8mmerollen. Reporter: Sanne Holt. Video: \u00abFlukten fra Bolivia\u00bb\/ TV 2\/ Celine N\u00e6ss Andreassen\/ R\u00f8d L\u00f8per<\/p>\n<p> I episoden hyller ogs\u00e5 Bell ektemannen sin, og sier til Cher at han \u00abnesten er for bra for henne\u00bb. <\/p>\n<p>Bell og Shepard forlovet seg i 2009, og fire \u00e5r seinere giftet de seg. Siden den gang har ekteparet f\u00e5tt to barn sammen.\u00a0<\/p>\n","protected":false},"excerpt":{"rendered":"\u00a0Dax Shepard: Da Kristen Bells ektemann konfronterte artisten, svarte superstjernen \u00e6rlig om forholdet. EKTEPAR: Kristen Bell og Dax&hellip;\n","protected":false},"author":2,"featured_media":131429,"comment_status":"","ping_status":"","sticky":false,"template":"","format":"standard","meta":{"footnotes":""},"categories":[58],"tags":[14581,9609,71,479,2543,9610,30,28,29,72],"class_list":{"0":"post-131428","1":"post","2":"type-post","3":"status-publish","4":"format-standard","5":"has-post-thumbnail","7":"category-underholdning","8":"tag-cher","9":"tag-dax-shepard","10":"tag-entertainment","11":"tag-kjendis","12":"tag-kjendisdesken","13":"tag-kristen-bell","14":"tag-no","15":"tag-norge","16":"tag-norway","17":"tag-underholdning"},"share_on_mastodon":{"url":"https:\/\/pubeurope.com\/@no\/115855404818924651","error":""},"_links":{"self":[{"href":"https:\/\/www.europesays.com\/no\/wp-json\/wp\/v2\/posts\/131428","targetHints":{"allow":["GET"]}}],"collection":[{"href":"https:\/\/www.europesays.com\/no\/wp-json\/wp\/v2\/posts"}],"about":[{"href":"https:\/\/www.europesays.com\/no\/wp-json\/wp\/v2\/types\/post"}],"author":[{"embeddable":true,"href":"https:\/\/www.europesays.com\/no\/wp-json\/wp\/v2\/users\/2"}],"replies":[{"embeddable":true,"href":"https:\/\/www.europesays.com\/no\/wp-json\/wp\/v2\/comments?post=131428"}],"version-history":[{"count":0,"href":"https:\/\/www.europesays.com\/no\/wp-json\/wp\/v2\/posts\/131428\/revisions"}],"wp:featuredmedia":[{"embeddable":true,"href":"https:\/\/www.europesays.com\/no\/wp-json\/wp\/v2\/media\/131429"}],"wp:attachment":[{"href":"https:\/\/www.europesays.com\/no\/wp-json\/wp\/v2\/media?parent=131428"}],"wp:term":[{"taxonomy":"category","embeddable":true,"href":"https:\/\/www.europesays.com\/no\/wp-json\/wp\/v2\/categories?post=131428"},{"taxonomy":"post_tag","embeddable":true,"href":"https:\/\/www.europesays.com\/no\/wp-json\/wp\/v2\/tags?post=131428"}],"curies":[{"name":"wp","href":"https:\/\/api.w.org\/{rel}","templated":true}]}}