{"id":131434,"date":"2026-01-07T19:15:07","date_gmt":"2026-01-07T19:15:07","guid":{"rendered":"https:\/\/www.europesays.com\/no\/131434\/"},"modified":"2026-01-07T19:15:07","modified_gmt":"2026-01-07T19:15:07","slug":"politi-hendelser-motte-ikke-til-soning-pagrepet-i-sentrum","status":"publish","type":"post","link":"https:\/\/www.europesays.com\/no\/131434\/","title":{"rendered":"Politi, Hendelser | M\u00f8tte ikke til soning \u2013 p\u00e5grepet i sentrum"},"content":{"rendered":"\n<p>(<a href=\"https:\/\/www.hadeland.no\/\" rel=\"Follow nofollow noopener\" target=\"_blank\">Hadeland<\/a>) Politiet rykket f\u00f8rst ut til en adresse i Lunner onsdag, men der var han ikke.<\/p>\n<p>Seks betjenter i tre biler dro deretter til en adresse i Gran sentrum, og der p\u00e5grep de mannen like etter klokka 14.<\/p>\n<p>\u2013 Han var p\u00e5 bes\u00f8k hos en kamerat, sier oppdragsleder Geir Rune Ekse i Innlandet politidistrikt.<\/p>\n<p>Mannen i 40-\u00e5rene ble kj\u00f8rt til Ilseng fengsel i Stange for \u00e5 sone sin straff.<\/p>\n<p>Han skulle egentlig ha m\u00f8tt der rett f\u00f8r jul for \u00e5 sone en kortere dom.<\/p>\n","protected":false},"excerpt":{"rendered":"(Hadeland) Politiet rykket f\u00f8rst ut til en adresse i Lunner onsdag, men der var han ikke. Seks betjenter&hellip;\n","protected":false},"author":2,"featured_media":131435,"comment_status":"","ping_status":"","sticky":false,"template":"","format":"standard","meta":{"footnotes":""},"categories":[10],"tags":[36,20,21,24,25,3354,15,168,22,23,13,30,28,29,14,16,254,1510,26,27],"class_list":{"0":"post-131434","1":"post","2":"type-post","3":"status-publish","4":"format-standard","5":"has-post-thumbnail","7":"category-norge","8":"tag-art","9":"tag-breaking-news","10":"tag-breakingnews","11":"tag-featured-news","12":"tag-featurednews","13":"tag-hadeland","14":"tag-headlines","15":"tag-hendelser","16":"tag-latest-news","17":"tag-latestnews","18":"tag-news","19":"tag-no","20":"tag-norge","21":"tag-norway","22":"tag-nyheter","23":"tag-overskrifter","24":"tag-politi","25":"tag-story","26":"tag-top-stories","27":"tag-topstories"},"share_on_mastodon":{"url":"https:\/\/pubeurope.com\/@no\/115855420563669192","error":""},"_links":{"self":[{"href":"https:\/\/www.europesays.com\/no\/wp-json\/wp\/v2\/posts\/131434","targetHints":{"allow":["GET"]}}],"collection":[{"href":"https:\/\/www.europesays.com\/no\/wp-json\/wp\/v2\/posts"}],"about":[{"href":"https:\/\/www.europesays.com\/no\/wp-json\/wp\/v2\/types\/post"}],"author":[{"embeddable":true,"href":"https:\/\/www.europesays.com\/no\/wp-json\/wp\/v2\/users\/2"}],"replies":[{"embeddable":true,"href":"https:\/\/www.europesays.com\/no\/wp-json\/wp\/v2\/comments?post=131434"}],"version-history":[{"count":0,"href":"https:\/\/www.europesays.com\/no\/wp-json\/wp\/v2\/posts\/131434\/revisions"}],"wp:featuredmedia":[{"embeddable":true,"href":"https:\/\/www.europesays.com\/no\/wp-json\/wp\/v2\/media\/131435"}],"wp:attachment":[{"href":"https:\/\/www.europesays.com\/no\/wp-json\/wp\/v2\/media?parent=131434"}],"wp:term":[{"taxonomy":"category","embeddable":true,"href":"https:\/\/www.europesays.com\/no\/wp-json\/wp\/v2\/categories?post=131434"},{"taxonomy":"post_tag","embeddable":true,"href":"https:\/\/www.europesays.com\/no\/wp-json\/wp\/v2\/tags?post=131434"}],"curies":[{"name":"wp","href":"https:\/\/api.w.org\/{rel}","templated":true}]}}