{"id":131440,"date":"2026-01-07T19:18:20","date_gmt":"2026-01-07T19:18:20","guid":{"rendered":"https:\/\/www.europesays.com\/no\/131440\/"},"modified":"2026-01-07T19:18:20","modified_gmt":"2026-01-07T19:18:20","slug":"lena-kallersjo-bjorn-ulvaeus-ekskone-er-dod-i-en-alder-av-76","status":"publish","type":"post","link":"https:\/\/www.europesays.com\/no\/131440\/","title":{"rendered":"Lena K\u00e4llersj\u00f6, Bj\u00f6rn Ulvaeus&#8217; ekskone, er d\u00f8d i en alder av 76"},"content":{"rendered":"<p class=\"kicker \" style=\"\">Lena K\u00e4llersj\u00f6:<\/p>\n<p>  Lena Ulvaeus, ekskona til ABBA-stjernen Bj\u00f6rn Ulvaeus, er d\u00f8d, 76 \u00e5r gammel.<\/p>\n<p>\n    FLERE TI\u00c5R: Lena og Bj\u00f6rn Ulvaeus var gift i over 40 \u00e5r og beholdt et n\u00e6rt vennskap etter skilsmissen. N\u00e5 er hun d\u00f8d. Foto: NTB\n  <\/p>\n<p id=\"text\" class=\"svelte-1bgec1z\">I samarbeid med<\/p>\n<p>     <img decoding=\"async\" src=\"https:\/\/www.europesays.com\/no\/wp-content\/uploads\/2025\/12\/fishermansFriend.png\" alt=\"kommersiell logo\" class=\"svelte-1bgec1z\"\/>          <\/p>\n<p>Lena Ulvaeus er d\u00f8d. Hun ble 76 \u00e5r gammel. Det melder svenske\u00a0<a href=\"https:\/\/www.expressen.se\/noje\/lena-ulvaeus-ar-dod\/\" target=\"_blank\" rel=\"nofollow noopener\">Expressen<\/a>.\u00a0<\/p>\n<p> \u00a0&#8211; Jeg savner henne mye, sier Bj\u00f6rn Ulvaeus til avisa. <\/p>\n<p>Lena og Bj\u00f6rn var gift i 41 \u00e5r, fra 1981 til de skiltes i 2022, og sammen fikk de to barn.\u00a0<\/p>\n<p>        <img loading=\"lazy\" decoding=\"async\" src=\"https:\/\/www.europesays.com\/no\/wp-content\/uploads\/2026\/01\/84067509.webp.webp\" width=\"667\" height=\"667\" title=\"GIFT: Lena og Bj\u00f6rn Alvaeus var gift i 41 \u00e5r og samnmen fikk de to barn. Foto: Evan Agostini \/ NTB\" alt=\"\" class=\"\" style=\"--aspect-ratio-image: 1.00; \"\/><\/p>\n<p>\n        GIFT: Lena og Bj\u00f6rn Alvaeus var gift i 41 \u00e5r og samnmen fikk de to barn. Foto: Evan Agostini \/ NTB\n    <\/p>\n<p>Det var i 1979, bare en uke etter at Ulvaeus skilte seg fra Abba-kollegaen Agneta F\u00e4ltskog (75) at han m\u00f8tte Lena.\u00a0<\/p>\n<p>If\u00f8lge Expressen fant m\u00f8tet sted p\u00e5 en fest hos Benny Andersson (79) og Anni-Frid Lyngstad (80). Ulvaeus har tidligere beskrevet det som kj\u00e6rlighet ved f\u00f8rste blikk.<\/p>\n<p> Lena ble i 2003 diagnostisert med en uhelbredelig form for lymfatisk leukemi etter at hun oppdaget kuler p\u00e5 halsen. <\/p>\n<p>        <img loading=\"lazy\" decoding=\"async\" src=\"https:\/\/www.europesays.com\/no\/wp-content\/uploads\/2026\/01\/84067643.webp.webp\" width=\"686\" height=\"474\" title=\"TOK VERDEN MED STORM: Den svenske popgruppen ABBA tok verden med storm p\u00e5 1970-tallet og ble et av tidenes mest suksessrike band, med hits som \u00abDancing Queen\u00bb, \u00abMamma Mia\u00bb og \u00abWaterloo\u00bb.\" alt=\"\" class=\"\" style=\"--aspect-ratio-image: 1.45; \"\/><\/p>\n<p>\n        TOK VERDEN MED STORM: Den svenske popgruppen ABBA tok verden med storm p\u00e5 1970-tallet og ble et av tidenes mest suksessrike band, med hits som \u00abDancing Queen\u00bb, \u00abMamma Mia\u00bb og \u00abWaterloo\u00bb.\n    <\/p>\n<p data-lab-font_weight=\"font-weight-bold\" class=\"font-weight-bold m-font-weight-bold\">Etter at paret skilte seg i 2022 kom de med f\u00f8lgende uttalelse:\u00a0<\/p>\n<p>&#8211; Vi forblir n\u00e6re og gode venner og vil fortsette \u00e5 feire barnebarnas bursdager og andre familieh\u00f8ytider sammen.<\/p>\n<p>Bj\u00f6rn Ulvaeus er i dag gift med Christina Sas (54).<\/p>\n","protected":false},"excerpt":{"rendered":"Lena K\u00e4llersj\u00f6: Lena Ulvaeus, ekskona til ABBA-stjernen Bj\u00f6rn Ulvaeus, er d\u00f8d, 76 \u00e5r gammel. FLERE TI\u00c5R: Lena og&hellip;\n","protected":false},"author":2,"featured_media":131441,"comment_status":"","ping_status":"","sticky":false,"template":"","format":"standard","meta":{"footnotes":""},"categories":[58],"tags":[15224,71,479,2543,30,28,29,72],"class_list":{"0":"post-131440","1":"post","2":"type-post","3":"status-publish","4":"format-standard","5":"has-post-thumbnail","7":"category-underholdning","8":"tag-bjorn-ulvaeus","9":"tag-entertainment","10":"tag-kjendis","11":"tag-kjendisdesken","12":"tag-no","13":"tag-norge","14":"tag-norway","15":"tag-underholdning"},"share_on_mastodon":{"url":"https:\/\/pubeurope.com\/@no\/115855432304317844","error":""},"_links":{"self":[{"href":"https:\/\/www.europesays.com\/no\/wp-json\/wp\/v2\/posts\/131440","targetHints":{"allow":["GET"]}}],"collection":[{"href":"https:\/\/www.europesays.com\/no\/wp-json\/wp\/v2\/posts"}],"about":[{"href":"https:\/\/www.europesays.com\/no\/wp-json\/wp\/v2\/types\/post"}],"author":[{"embeddable":true,"href":"https:\/\/www.europesays.com\/no\/wp-json\/wp\/v2\/users\/2"}],"replies":[{"embeddable":true,"href":"https:\/\/www.europesays.com\/no\/wp-json\/wp\/v2\/comments?post=131440"}],"version-history":[{"count":0,"href":"https:\/\/www.europesays.com\/no\/wp-json\/wp\/v2\/posts\/131440\/revisions"}],"wp:featuredmedia":[{"embeddable":true,"href":"https:\/\/www.europesays.com\/no\/wp-json\/wp\/v2\/media\/131441"}],"wp:attachment":[{"href":"https:\/\/www.europesays.com\/no\/wp-json\/wp\/v2\/media?parent=131440"}],"wp:term":[{"taxonomy":"category","embeddable":true,"href":"https:\/\/www.europesays.com\/no\/wp-json\/wp\/v2\/categories?post=131440"},{"taxonomy":"post_tag","embeddable":true,"href":"https:\/\/www.europesays.com\/no\/wp-json\/wp\/v2\/tags?post=131440"}],"curies":[{"name":"wp","href":"https:\/\/api.w.org\/{rel}","templated":true}]}}