{"id":131444,"date":"2026-01-07T19:22:15","date_gmt":"2026-01-07T19:22:15","guid":{"rendered":"https:\/\/www.europesays.com\/no\/131444\/"},"modified":"2026-01-07T19:22:15","modified_gmt":"2026-01-07T19:22:15","slug":"nyheter-politi-motte-ikke-til-soning-pagrepet-i-gran-sentrum","status":"publish","type":"post","link":"https:\/\/www.europesays.com\/no\/131444\/","title":{"rendered":"Nyheter, Politi | M\u00f8tte ikke til soning \u2013 p\u00e5grepet i Gran sentrum"},"content":{"rendered":"\n<p>Politiet rykket f\u00f8rst ut til en adresse i Lunner onsdag, men der var han ikke.<\/p>\n<p>Seks betjenter i tre biler dro deretter til en adresse i Gran sentrum, og der p\u00e5grep de mannen like etter klokka 14.<\/p>\n<p>\u2013 Han var p\u00e5 bes\u00f8k hos en kamerat, sier oppdragsleder Geir Rune Ekse i Innlandet politidistrikt.<\/p>\n<p>Mannen i 40-\u00e5rene ble kj\u00f8rt til Ilseng fengsel i Stange for \u00e5 sone sin straff.<\/p>\n<p>Han skulle egentlig ha m\u00f8tt der rett f\u00f8r jul for \u00e5 sone en kortere dom.<\/p>\n<p>  <a href=\"https:\/\/www.hadeland.no\/5-21-1439686\" class=\"related-teaser has-image default-story-teaser article--c-eRUmMG article--c-eRUmMG-jKCPdD-design-default\" rel=\"nofollow noopener\" target=\"_blank\"><\/p>\n<p>    <img decoding=\"async\" loading=\"lazy\"  src=\"https:\/\/www.europesays.com\/no\/wp-content\/uploads\/2026\/01\/image_1A6E18A9-C4AB-42A7-8580-DE3A9B122C16_1767703154.jpg\" alt=\"\" class=\"brick-c-cFOWSL\" style=\"\"\/><\/p>\n<p>\n            Les ogs\u00e5<\/p>\n<p>              Rita har tapt hundretusener p\u00e5 bilister som stikker av: \u2013 Heldigvis blir det snart bedre\n        <\/p>\n<p>  <\/a><\/p>\n","protected":false},"excerpt":{"rendered":"Politiet rykket f\u00f8rst ut til en adresse i Lunner onsdag, men der var han ikke. Seks betjenter i&hellip;\n","protected":false},"author":2,"featured_media":131435,"comment_status":"","ping_status":"","sticky":false,"template":"","format":"standard","meta":{"footnotes":""},"categories":[10],"tags":[36,20,21,24,25,2507,1973,15,2817,22,23,13,30,28,29,14,16,254,1510,26,27],"class_list":{"0":"post-131444","1":"post","2":"type-post","3":"status-publish","4":"format-standard","5":"has-post-thumbnail","7":"category-norge","8":"tag-art","9":"tag-breaking-news","10":"tag-breakingnews","11":"tag-featured-news","12":"tag-featurednews","13":"tag-fengsel","14":"tag-gran","15":"tag-headlines","16":"tag-innlandet-politidistrikt","17":"tag-latest-news","18":"tag-latestnews","19":"tag-news","20":"tag-no","21":"tag-norge","22":"tag-norway","23":"tag-nyheter","24":"tag-overskrifter","25":"tag-politi","26":"tag-story","27":"tag-top-stories","28":"tag-topstories"},"share_on_mastodon":{"url":"https:\/\/pubeurope.com\/@no\/115855448253419910","error":""},"_links":{"self":[{"href":"https:\/\/www.europesays.com\/no\/wp-json\/wp\/v2\/posts\/131444","targetHints":{"allow":["GET"]}}],"collection":[{"href":"https:\/\/www.europesays.com\/no\/wp-json\/wp\/v2\/posts"}],"about":[{"href":"https:\/\/www.europesays.com\/no\/wp-json\/wp\/v2\/types\/post"}],"author":[{"embeddable":true,"href":"https:\/\/www.europesays.com\/no\/wp-json\/wp\/v2\/users\/2"}],"replies":[{"embeddable":true,"href":"https:\/\/www.europesays.com\/no\/wp-json\/wp\/v2\/comments?post=131444"}],"version-history":[{"count":0,"href":"https:\/\/www.europesays.com\/no\/wp-json\/wp\/v2\/posts\/131444\/revisions"}],"wp:featuredmedia":[{"embeddable":true,"href":"https:\/\/www.europesays.com\/no\/wp-json\/wp\/v2\/media\/131435"}],"wp:attachment":[{"href":"https:\/\/www.europesays.com\/no\/wp-json\/wp\/v2\/media?parent=131444"}],"wp:term":[{"taxonomy":"category","embeddable":true,"href":"https:\/\/www.europesays.com\/no\/wp-json\/wp\/v2\/categories?post=131444"},{"taxonomy":"post_tag","embeddable":true,"href":"https:\/\/www.europesays.com\/no\/wp-json\/wp\/v2\/tags?post=131444"}],"curies":[{"name":"wp","href":"https:\/\/api.w.org\/{rel}","templated":true}]}}