{"id":131445,"date":"2026-01-07T19:23:08","date_gmt":"2026-01-07T19:23:08","guid":{"rendered":"https:\/\/www.europesays.com\/no\/131445\/"},"modified":"2026-01-07T19:23:08","modified_gmt":"2026-01-07T19:23:08","slug":"aftenposten-voldtektssak-mot-sogneprest-henlagt","status":"publish","type":"post","link":"https:\/\/www.europesays.com\/no\/131445\/","title":{"rendered":"Aftenposten: Voldtektssak mot sogneprest henlagt"},"content":{"rendered":"\n<p class=\"_lead_o9xde_2 _lead_xtcu6_50 layout-component text-serif-m layout-normal text-serif-l layout-component layout-wide layout-padded _wide_17hqh_1 layout-padded\">Nektet straffskyld hele veien. <\/p>\n<ul aria-hidden=\"true\" class=\"_images_ntbth_112\">\n<li><a class=\"_link_ntbth_117\" href=\"https:\/\/www.vg.no\/forfatter\/einar-torkelsen\" style=\"z-index:1\" title=\"Einar Torkelsen\" rel=\"nofollow noopener\" target=\"_blank\"><img alt=\"Bilde av Einar Torkelsen\" class=\"_image_ntbth_93\" fetchpriority=\"low\" loading=\"lazy\" decoding=\"async\" itemprop=\"image\"  src=\"https:\/\/www.europesays.com\/no\/wp-content\/uploads\/2026\/01\/1767813788_581_f6016772-ddbc-43d2-b733-41afc7cc9046.png\"  width=\"480\"\/><\/a><\/li>\n<\/ul>\n<p> Oppdatert onsdag 7. januar kl. 19:54     <\/p>\n<p class=\"_paragraph_o9xde_4 _paragraph_xtcu6_10 layout-component text-serif-m layout-normal text-serif-m layout-padded\">En sogneprest p\u00e5 Vestlandet ble i fjor siktet for \u00e5 ha voldtatt en kvinne. <\/p>\n<p class=\"_paragraph_o9xde_4 _paragraph_xtcu6_10 layout-component text-serif-m layout-normal text-serif-m layout-padded\">N\u00e5 er saken henlagt, skriver <a href=\"https:\/\/www.aftenposten.no\/norge\/i\/GxlMwQ\/sogneprest-var-siktet-for-voldtekt-naa-er-saken-henlagt\" class=\"_link_o9xde_39\" rel=\"nofollow noopener\" target=\"_blank\">Aftenposten<\/a>. <\/p>\n<p class=\"_paragraph_o9xde_4 _paragraph_xtcu6_10 layout-component text-serif-m layout-normal text-serif-m layout-padded\">Mannen har hele tiden nektet straffskyld. <\/p>\n<p class=\"_paragraph_o9xde_4 _paragraph_xtcu6_10 layout-component text-serif-m layout-normal text-serif-m layout-padded\">\u2013 Han er glad for at det endelig er over. Det har v\u00e6rt en p\u00e5kjenning \u00e5 st\u00e5 i dette over s\u00e5 lang tid, det tror jeg alle forst\u00e5r, sier forsvarer Marius Wesenberg til avisen.<\/p>\n<p class=\"_paragraph_o9xde_4 _paragraph_xtcu6_10 layout-component text-serif-m layout-normal text-serif-m layout-padded\">Saken er henlagt etter bevisets stilling. <\/p>\n<p class=\"_paragraph_o9xde_4 _paragraph_xtcu6_10 layout-component text-serif-m layout-normal text-serif-m layout-padded\">Henleggelsen kom allerede 4. november. Men den forn\u00e6rmede kvinnen i saken klaget p\u00e5 henleggelsen. <\/p>\n<p class=\"_paragraph_o9xde_4 _paragraph_xtcu6_10 layout-component text-serif-m layout-normal text-serif-m layout-padded\">Klagen ble forkastet like f\u00f8r jul, skriver Aftenposten. Henleggelsen er endelig. <\/p>\n<p class=\"_paragraph_o9xde_4 _paragraph_xtcu6_10 layout-component text-serif-m layout-normal text-serif-m layout-padded\">Tiril Olin Vestre R\u00f8kke er kvinnens bistandsadvokat.<\/p>\n<p class=\"_paragraph_o9xde_4 _paragraph_xtcu6_10 layout-component text-serif-m layout-normal text-serif-m layout-padded\">\u2013 Forn\u00e6rmede er sv\u00e6rt skuffet over at statsadvokaten ikke tok klagen til f\u00f8lge, sier R\u00f8kke. <\/p>\n<p class=\"_paragraph_o9xde_4 _paragraph_xtcu6_10 layout-component text-serif-m layout-normal text-serif-m layout-padded\">Mannen ble suspendert fra jobben sin etter at siktelsen ble kjent. <\/p>\n<p class=\"_paragraph_o9xde_4 _paragraph_xtcu6_10 layout-component text-serif-m layout-normal text-serif-m layout-padded\">\u2013 Presten er ikke lenger i et arbeidsforhold i v\u00e5rt bisped\u00f8mme. Jeg \u00f8nsker ikke si noe mer konkret om \u00e5rsaken til det, men det kan v\u00e6re \u00e5rsaker som at han n\u00e5 jobber et annet sted, eller av andre grunner ikke lenger jobber hos oss, skriver biskopen i det aktuelle bisped\u00f8mmet til Aftenposten. <\/p>\n","protected":false},"excerpt":{"rendered":"Nektet straffskyld hele veien. Oppdatert onsdag 7. januar kl. 19:54 En sogneprest p\u00e5 Vestlandet ble i fjor siktet&hellip;\n","protected":false},"author":2,"featured_media":131446,"comment_status":"","ping_status":"","sticky":false,"template":"","format":"standard","meta":{"footnotes":""},"categories":[5],"tags":[20,21,24,25,15,19,22,23,17,18,13,30,28,29,14,16,5750,26,27],"class_list":{"0":"post-131445","1":"post","2":"type-post","3":"status-publish","4":"format-standard","5":"has-post-thumbnail","7":"category-overskrifter","8":"tag-breaking-news","9":"tag-breakingnews","10":"tag-featured-news","11":"tag-featurednews","12":"tag-headlines","13":"tag-hovedoppslag","14":"tag-latest-news","15":"tag-latestnews","16":"tag-main-news","17":"tag-mainnews","18":"tag-news","19":"tag-no","20":"tag-norge","21":"tag-norway","22":"tag-nyheter","23":"tag-overskrifter","24":"tag-rettssaker","25":"tag-top-stories","26":"tag-topstories"},"share_on_mastodon":{"url":"https:\/\/pubeurope.com\/@no\/115855452152490419","error":""},"_links":{"self":[{"href":"https:\/\/www.europesays.com\/no\/wp-json\/wp\/v2\/posts\/131445","targetHints":{"allow":["GET"]}}],"collection":[{"href":"https:\/\/www.europesays.com\/no\/wp-json\/wp\/v2\/posts"}],"about":[{"href":"https:\/\/www.europesays.com\/no\/wp-json\/wp\/v2\/types\/post"}],"author":[{"embeddable":true,"href":"https:\/\/www.europesays.com\/no\/wp-json\/wp\/v2\/users\/2"}],"replies":[{"embeddable":true,"href":"https:\/\/www.europesays.com\/no\/wp-json\/wp\/v2\/comments?post=131445"}],"version-history":[{"count":0,"href":"https:\/\/www.europesays.com\/no\/wp-json\/wp\/v2\/posts\/131445\/revisions"}],"wp:featuredmedia":[{"embeddable":true,"href":"https:\/\/www.europesays.com\/no\/wp-json\/wp\/v2\/media\/131446"}],"wp:attachment":[{"href":"https:\/\/www.europesays.com\/no\/wp-json\/wp\/v2\/media?parent=131445"}],"wp:term":[{"taxonomy":"category","embeddable":true,"href":"https:\/\/www.europesays.com\/no\/wp-json\/wp\/v2\/categories?post=131445"},{"taxonomy":"post_tag","embeddable":true,"href":"https:\/\/www.europesays.com\/no\/wp-json\/wp\/v2\/tags?post=131445"}],"curies":[{"name":"wp","href":"https:\/\/api.w.org\/{rel}","templated":true}]}}