{"id":131447,"date":"2026-01-07T19:24:11","date_gmt":"2026-01-07T19:24:11","guid":{"rendered":"https:\/\/www.europesays.com\/no\/131447\/"},"modified":"2026-01-07T19:24:11","modified_gmt":"2026-01-07T19:24:11","slug":"sport-isabelle-pedersen-isabelle-pedersen-er-med-i-nrk-serien-mesternes-mester","status":"publish","type":"post","link":"https:\/\/www.europesays.com\/no\/131447\/","title":{"rendered":"Sport, Isabelle Pedersen | Isabelle Pedersen er med i NRK-serien Mesternes mester"},"content":{"rendered":"\n<p>Mesternes mester har n\u00e5 startet opp sin 17. sesong p\u00e5 NRK. De er ett av Norges mest sette program, med opp mot 1,2 millioner seere. Etter \u00e5 ha takket nei \u00e5ret f\u00f8r, sa Isabelle Pedersen ja da telefonen kom igjen p\u00e5 v\u00e5rparten i fjor.<\/p>\n<p>            Isabelle Pedersen <\/p>\n<p>33 \u00e5r, fra Laksev\u00e5g. <\/p>\n<p>Sivil status: Samboer.<\/p>\n<p>Tidligene hekkel\u00f8per. <\/p>\n<p>Meritter: Vant U18-VM, U20-VM og U23-EM.<\/p>\n<p>La opp i 2022. <\/p>\n<p>Aktuell i Mesternes mester p\u00e5 NRK. <\/p>\n<p>\u2013 F\u00f8rste gang de ringte var jeg redd for at jeg hadde prolaps. Det viste seg \u00e5 ikke stemme, men jeg hadde uansett m\u00f8tt veggen. Var en skikkelig sofagris, sier den gamle hekkel\u00f8peren \u00e6rlig.<\/p>\n<p>    Vil du se neste video?<\/p>\n<p>    <a href=\"https:\/\/www.ba.no\/noe-av-det-sykeste-jeg-har-sett\/v\/5-8-3260183\" class=\"recommend-poster\" data-adp-clicklabel=\"video-recommend\" data-adp-clickvalue=\"poster\" rel=\"nofollow noopener\" target=\"_blank\"><br \/>\n      <img decoding=\"async\" width=\"200\" height=\"200\" loading=\"lazy\" src=\"https:\/\/www.europesays.com\/no\/wp-content\/uploads\/2026\/01\/1767813849_886_\u00d8rn front.jpg\" alt=\"\" class=\"brick-c-cFOWSL\" style=\"--brick-image-ratio: 200 \/ 200;\"\/><\/p>\n<p>\u2013 Noe av det sykeste jeg har sett0:32<\/p>\n<p>    <\/a><\/p>\n<p>        Video med tillatelse fra NRK<\/p>\n<p>\u2013 Men da telefonen kom igjen, var jeg ikke i tvil: Yes, dette var noe jeg ville v\u00e6re med p\u00e5! Det er tross alt ikke alle som f\u00e5r et slikt tilbud, p\u00e5peker hun.<\/p>\n<p>Penkl\u00e6r f\u00f8r piggsko<\/p>\n<p>\u00c5rene i forkant og etterkant av at hun la opp sommeren 2022, har ikke bare v\u00e6rt lette.<\/p>\n<p>   <img decoding=\"async\" width=\"3000\" height=\"2000\" fetchpriority=\"low\"  loading=\"lazy\"  src=\"https:\/\/www.europesays.com\/no\/wp-content\/uploads\/2026\/01\/Mesternesmester2026_PGM1_FellesmiddagDeltakerhuset+Kristin+Isabelle+Daniel_Fototonjejakobsen_Nordisk.jpeg\" alt=\"Mesternes mester 2026\" class=\"brick-c-cFOWSL\" style=\"--brick-image-ratio: 3000 \/ 2000;\"\/><\/p>\n<p>      Kristin St\u00f8rmer Steira, Isabelle Pedersen og Daniel-Andr\u00e9 Tande sammen i Spania, der innspillingen fant sted.<br \/>\n      Foto: Tonje Jakobsen, Nordisk Banijay\/NRK\n    <\/p>\n<p>\u2013 Jeg orket ikke \u00e5 se p\u00e5 Tokyo-OL i 2021, s\u00e5 fint lite av mesterskap p\u00e5 flere \u00e5r. Heller ikke Paris-OL i 2024. Det er jo en sorg \u00e5 se de stedene du skulle ha v\u00e6rt. Og det er en enda st\u00f8rre sorg \u00e5 m\u00e5tte slutte uten at du har f\u00e5tt vist ditt beste. Men s\u00e5 f\u00e5r man jo ogs\u00e5 noe, og det er tid, sier hun.<\/p>\n<p>\u2013 Tid til \u00e5 m\u00f8te venner, g\u00e5 p\u00e5 kino, spise god mat p\u00e5 restaurant. Sove i sin egen seng, reise p\u00e5 helgetur der du pakker ned penkl\u00e6r i stedet for piggsko. Slike ting som n\u00e5 virker helt naturlig, men som du g\u00e5r glipp av med 250 reised\u00f8gn i \u00e5ret, sier hun.<\/p>\n<p>Koster \u00e5 ligge p\u00e5 sofaen<\/p>\n<p>De siste \u00e5rene har Isabelle Pedersen g\u00e5tt p\u00e5 Kristiania H\u00f8yskole. Der tar hun en bachelor-grad i innovasjon og forretningsutvikling, og er ferdig til v\u00e5ren.<\/p>\n<p>   <img decoding=\"async\" width=\"2653\" height=\"1492\" fetchpriority=\"low\"  loading=\"lazy\"  src=\"https:\/\/www.europesays.com\/no\/wp-content\/uploads\/2026\/01\/Mesternesmester2026_PGM2_PosisjonReaksjon_Fototonjejakobsen_NordiskBanijay_NRK_DSC_0481+copy.jpg\" alt=\"Mesternes mester 2026 Fotograf Tonje Jakobsen MM MM17 Mesternes Mester Mesternes Mester 2025 Mesternes Mester Portrett MesternesMester Nordisk Banijay Nrk NrkTV Tonje Jakobsen Film og foto\" class=\"brick-c-cFOWSL\" style=\"--brick-image-ratio: 2653 \/ 1492;\"\/><\/p>\n<p>      Isabelle Pedersen slo Mushaga Bakenga i finalen i \u00f8velsen \u00abposisjon reaksjon\u00bb.<br \/>\n      Foto: Tonje Jakobsen, Nordisk Banijay\/NRK\n    <\/p>\n<p>\u2013 Jeg har allerede startet i en halvtidsjobb, som blir full stilling n\u00e5r jeg er ferdig med bachelor-graden i sommer. Studiene har passet meg bra, linjen er b\u00e5de kreativ og instinktiv, sier hun.<\/p>\n<p>Men hun har alts\u00e5 m\u00e5ttet jobbe seg gjennom en t\u00f8ff tid etter at hun la opp.<\/p>\n<p>   <img decoding=\"async\" width=\"3998\" height=\"2665\" fetchpriority=\"low\"  loading=\"lazy\"  src=\"https:\/\/www.europesays.com\/no\/wp-content\/uploads\/2026\/01\/NTB_nrGRewGwhgY+%281%29.jpg\" alt=\"Sandnes  20190809.&#10;European Athletics Team championships 2019. &#10;Norske Isabelle Pedersen under friidrett p\u00e5 Sandnes stadion. &#10;Foto: Carina Johansen \/ NTB\" class=\"brick-c-cFOWSL\" style=\"--brick-image-ratio: 3998 \/ 2665;\"\/><\/p>\n<p>      Den gamle hekkedronningen Isabelle Pedersen innr\u00f8mmer at det har v\u00e6rt t\u00f8ft \u00e5 legge opp.<br \/>\n      Foto: Carina Johansen, NTB\n    <\/p>\n<p>\u2013 Sommeren 2023 var t\u00f8ff, da gikk jeg tre m\u00e5neder fullstendig sykemeldt, og noen m\u00e5neder etterp\u00e5 delvis sykemeldt. Kroppen var mettet, de kalte det overbelastning, sier hun.<\/p>\n<p>\u2013 Jeg vil vel si at jeg var utbrent. Men det koster \u00e5 ligge p\u00e5 sofaen hele tiden. Plutselig passer ikke rumpen i jeansen lenger, for \u00e5 si det s\u00e5nn!<\/p>\n<p>Litt som treningsleir<\/p>\n<p>Etter to konkurransedager i Mesternes mester, ligger Pedersen p\u00e5 3.-plass av ti deltakere. Hun vant to av de seks \u00f8velsene disse dagene.<\/p>\n<p>\u2013 Jeg hadde jo visse forventninger til meg selv. Uansett om jeg har lagt opp, s\u00e5 kommer det ikke en dag der jeg setter pris p\u00e5 \u00e5 tape.<\/p>\n<p>\u2013 Konkurransene vekket til live gamle instinkt. Litt godt \u00e5 kjenne p\u00e5 dem igjen, forklarer hun.<\/p>\n<p>   <img decoding=\"async\" width=\"3000\" height=\"2000\" fetchpriority=\"low\"  loading=\"lazy\"  src=\"https:\/\/www.europesays.com\/no\/wp-content\/uploads\/2026\/01\/Mesternesmester2026_PGM1_Sisyfos_Fototonjejakobsen_NordiskBanijay_NRK_DSC_6513.jpg\" alt=\"Mesternes mester 2026\" class=\"brick-c-cFOWSL\" style=\"--brick-image-ratio: 3000 \/ 2000;\"\/><\/p>\n<p>      Sisyfos-\u00f8velsen var ikke blant dem Isabelle Pedersen likte!<br \/>\n      Foto: Tonje Jakobsen, Nordisk Banijay\/NRK\n    <\/p>\n<p>\u2013 Det har g\u00e5tt bra, men enkelte av \u00f8velsene er ikke min greie, for \u00e5 si det s\u00e5nn, ler hun. Den beryktede 90-graderen, der ut\u00f8verne st\u00e5r opp mot hver sin p\u00e5le med 90 graders vinkel i kn\u00e6rne, var en av dem der Pedersen ikke trivdes. Heller ikke rulling av 50-kilos ball gjennom en strandl\u00f8ype er noe hun ser tilbake p\u00e5 med glede.<\/p>\n<p>\u2013 Nei, det var ikke alt der inne som passet meg, men s\u00e5nn er det jo for alle, sier hun.<\/p>\n<p>Deltakerne i \u00e5rets Mesternes mester er, foruten Pedersen, Ayla \u00c5gren (motorsport), Mushaga Bakenga (fotball), Jarl Magnus Riiber (kombinert), Edvald Boasson-Hagen (sykling), Emil Lybekk (d\u00f8dsing), Isabell Herlovsen (fotball), Marte Olsbu R\u00f8iseland (skiskyting), Kristin St\u00f8rmer Steira (langrenn) og Daniel-Andr\u00e9 Tande (hopp).<\/p>\n<p>   <img decoding=\"async\" width=\"4000\" height=\"2666\" fetchpriority=\"low\"  loading=\"lazy\"  src=\"https:\/\/www.europesays.com\/no\/wp-content\/uploads\/2026\/01\/Mesternesmester2026_Gruppebilde_Fototonjejakobsen_NordiskBanijay_NRK_DSC_1693-7+%281%29.jpg\" alt=\"\" class=\"brick-c-cFOWSL\" style=\"--brick-image-ratio: 4000 \/ 2666;\"\/><\/p>\n<p>      Det er som vanlig ti deltakere i \u00e5rets Mesternes mester.<br \/>\n      Foto: NRK\n    <\/p>\n<p>\u2013 En utrolig fin gjeng, som det har v\u00e6rt g\u00f8y \u00e5 bli kjent med, sier Pedersen.<\/p>\n<p>\u2013 Oppholdet v\u00e5rt sammen kan jo til en viss grad sammenlignes med en treningsleir. Men med mye mer lek. Artig, sier hun til BA.<\/p>\n","protected":false},"excerpt":{"rendered":"Mesternes mester har n\u00e5 startet opp sin 17. sesong p\u00e5 NRK. De er ett av Norges mest sette&hellip;\n","protected":false},"author":2,"featured_media":131448,"comment_status":"","ping_status":"","sticky":false,"template":"","format":"standard","meta":{"footnotes":""},"categories":[59],"tags":[36,14832,30,28,29,787,83,82,1510],"class_list":{"0":"post-131447","1":"post","2":"type-post","3":"status-publish","4":"format-standard","5":"has-post-thumbnail","7":"category-sport","8":"tag-art","9":"tag-isabelle-pedersen","10":"tag-no","11":"tag-norge","12":"tag-norway","13":"tag-nrk","14":"tag-sport","15":"tag-sports","16":"tag-story"},"share_on_mastodon":{"url":"https:\/\/pubeurope.com\/@no\/115855456020744477","error":""},"_links":{"self":[{"href":"https:\/\/www.europesays.com\/no\/wp-json\/wp\/v2\/posts\/131447","targetHints":{"allow":["GET"]}}],"collection":[{"href":"https:\/\/www.europesays.com\/no\/wp-json\/wp\/v2\/posts"}],"about":[{"href":"https:\/\/www.europesays.com\/no\/wp-json\/wp\/v2\/types\/post"}],"author":[{"embeddable":true,"href":"https:\/\/www.europesays.com\/no\/wp-json\/wp\/v2\/users\/2"}],"replies":[{"embeddable":true,"href":"https:\/\/www.europesays.com\/no\/wp-json\/wp\/v2\/comments?post=131447"}],"version-history":[{"count":0,"href":"https:\/\/www.europesays.com\/no\/wp-json\/wp\/v2\/posts\/131447\/revisions"}],"wp:featuredmedia":[{"embeddable":true,"href":"https:\/\/www.europesays.com\/no\/wp-json\/wp\/v2\/media\/131448"}],"wp:attachment":[{"href":"https:\/\/www.europesays.com\/no\/wp-json\/wp\/v2\/media?parent=131447"}],"wp:term":[{"taxonomy":"category","embeddable":true,"href":"https:\/\/www.europesays.com\/no\/wp-json\/wp\/v2\/categories?post=131447"},{"taxonomy":"post_tag","embeddable":true,"href":"https:\/\/www.europesays.com\/no\/wp-json\/wp\/v2\/tags?post=131447"}],"curies":[{"name":"wp","href":"https:\/\/api.w.org\/{rel}","templated":true}]}}