{"id":131449,"date":"2026-01-07T19:25:14","date_gmt":"2026-01-07T19:25:14","guid":{"rendered":"https:\/\/www.europesays.com\/no\/131449\/"},"modified":"2026-01-07T19:25:14","modified_gmt":"2026-01-07T19:25:14","slug":"farmen-kjendis-seertall-sa-mange-fikk-med-seg-premieren-av-farmen-kjendis","status":"publish","type":"post","link":"https:\/\/www.europesays.com\/no\/131449\/","title":{"rendered":"Farmen Kjendis, Seertall | S\u00e5 mange fikk med seg premieren av \u00abFarmen kjendis\u00bb"},"content":{"rendered":"\n<p>Tirsdag kveld var det premiere p\u00e5 sesong ti av \u00abFarmen kjendis\u00bb p\u00e5 TV 2, der 13 nye kjendiser skal f\u00e5 bryne seg p\u00e5 g\u00e5rdslivet 100 \u00e5r tilbake i tid.<\/p>\n<p>If\u00f8lge tall Nettavisen har f\u00e5tt tilsendt av TV 2 var det 502.000 som s\u00e5 sesongpremieren det f\u00f8rste d\u00f8gnet.<\/p>\n<p>\u2013 Dette er en veldig god start for \u00abFarmen kjendis\u00bb, som har sin beste premiere siden 2021. Vi har gjort flere sm\u00e5 og store justeringer f\u00f8r \u00e5rets sesong, og forel\u00f8pig ser det ut til at dette fenger seerne, sier programredakt\u00f8r i TV 2, Trygve R\u00f8nningen til Nettavisen.<\/p>\n<p>\u2013 Jeg kan love en sv\u00e6rt s\u00e5 innholdsrik sesong, s\u00e5 det er bare \u00e5 glede seg i dagene og ukene som kommer, fortsetter han.<\/p>\n<p><b>Les ogs\u00e5: <a href=\"https:\/\/www.nettavisen.no\/kjendis\/trude-vasstrand-holdt-reality-eventyret-skjult\/s\/5-95-2810545\" rel=\"Follow nofollow noopener\" target=\"_blank\">M\u00e5tte skjule \u00abFarmen kjendis\u00bb-deltakelsen<\/a><\/b><\/p>\n<p>Fjor\u00e5rets premiere ble sett av 462.000 seere.<\/p>\n<p>I f\u00f8rste episode kom det fram at<a href=\"https:\/\/www.nettavisen.no\/kjendis\/sjokkgrep-i-farmen-kjendis\/s\/5-95-2810135\" rel=\"Follow nofollow noopener\" target=\"_blank\"> \u00e5rets sesong byr p\u00e5 flere endringer. <\/a><\/p>\n<p>\u2013 \u00abFarmen kjendis\u00bb kommer til \u00e5 bli annerledes. Uforutsigbart. Alt kan skje. Det kommer til \u00e5 bli noen t\u00f8ffe valg som m\u00e5 tas, og ikke alle er like popul\u00e6re, sa programleder Dorthe Skappel (63) i episoden.<\/p>\n<p>            Dette er de nye endringene i \u00abFarmen kjendis\u00bb<\/p>\n<ul>\n<li>Hvis en tvekamp-gren er valgt, s\u00e5 kan den aldri velges igjen.<\/li>\n<li>\n<p>Andrekjempe kan fritt velge gren uansett kj\u00f8nn, hvis de blir enige. <\/p>\n<\/li>\n<li>\n<p>Mentor er ikke med, og erstattes av tre eksperter.<\/p>\n<\/li>\n<li>\n<p>\u00abTorpet\u00bb f\u00e5r ha en hemmelig informant p\u00e5 \u00abFarmen kjendis\u00bb-g\u00e5rden<\/p>\n<\/li>\n<\/ul>\n","protected":false},"excerpt":{"rendered":"Tirsdag kveld var det premiere p\u00e5 sesong ti av \u00abFarmen kjendis\u00bb p\u00e5 TV 2, der 13 nye kjendiser&hellip;\n","protected":false},"author":2,"featured_media":131450,"comment_status":"","ping_status":"","sticky":false,"template":"","format":"standard","meta":{"footnotes":""},"categories":[58],"tags":[71,30,28,29,72],"class_list":{"0":"post-131449","1":"post","2":"type-post","3":"status-publish","4":"format-standard","5":"has-post-thumbnail","7":"category-underholdning","8":"tag-entertainment","9":"tag-no","10":"tag-norge","11":"tag-norway","12":"tag-underholdning"},"share_on_mastodon":{"url":"https:\/\/pubeurope.com\/@no\/115855459819556790","error":""},"_links":{"self":[{"href":"https:\/\/www.europesays.com\/no\/wp-json\/wp\/v2\/posts\/131449","targetHints":{"allow":["GET"]}}],"collection":[{"href":"https:\/\/www.europesays.com\/no\/wp-json\/wp\/v2\/posts"}],"about":[{"href":"https:\/\/www.europesays.com\/no\/wp-json\/wp\/v2\/types\/post"}],"author":[{"embeddable":true,"href":"https:\/\/www.europesays.com\/no\/wp-json\/wp\/v2\/users\/2"}],"replies":[{"embeddable":true,"href":"https:\/\/www.europesays.com\/no\/wp-json\/wp\/v2\/comments?post=131449"}],"version-history":[{"count":0,"href":"https:\/\/www.europesays.com\/no\/wp-json\/wp\/v2\/posts\/131449\/revisions"}],"wp:featuredmedia":[{"embeddable":true,"href":"https:\/\/www.europesays.com\/no\/wp-json\/wp\/v2\/media\/131450"}],"wp:attachment":[{"href":"https:\/\/www.europesays.com\/no\/wp-json\/wp\/v2\/media?parent=131449"}],"wp:term":[{"taxonomy":"category","embeddable":true,"href":"https:\/\/www.europesays.com\/no\/wp-json\/wp\/v2\/categories?post=131449"},{"taxonomy":"post_tag","embeddable":true,"href":"https:\/\/www.europesays.com\/no\/wp-json\/wp\/v2\/tags?post=131449"}],"curies":[{"name":"wp","href":"https:\/\/api.w.org\/{rel}","templated":true}]}}