{"id":131455,"date":"2026-01-07T19:30:19","date_gmt":"2026-01-07T19:30:19","guid":{"rendered":"https:\/\/www.europesays.com\/no\/131455\/"},"modified":"2026-01-07T19:30:19","modified_gmt":"2026-01-07T19:30:19","slug":"nordomradene-gronland-hva-skjer-i-nord-norge-na","status":"publish","type":"post","link":"https:\/\/www.europesays.com\/no\/131455\/","title":{"rendered":"Nordomr\u00e5dene, Gr\u00f8nland | Hva skjer i Nord-Norge n\u00e5?"},"content":{"rendered":"\n<p><b>Det handler ikke om penger. Men om suverenitetshevdelse i Nordomr\u00e5dene.<\/b><\/p>\n<p>En suverentitetshevdelse som vil bli enda mer prek\u00e6r n\u00e5r Donald Trump n\u00e5 er i ferd med \u00e5 f\u00f8re Nato ut p\u00e5 glattisen i Gr\u00f8nland. For USA kan jo ta Gr\u00f8nland fra Danmark og gj\u00f8re det til en del av sin interessesf\u00e6re. Da er Nato i realiteten en saga blott.<\/p>\n<p>Det vil bli vanskelig for Norge \u00e5 sortere sine allianser. Vi er et lite land med en enorm rikdom og et geografisk tyngdepunkt i Nordomr\u00e5dene. Vi er helt avhengig av USA for \u00e5 forsvare oss mot Russland.<\/p>\n<p><b>Vi kan ikke sl\u00e5 opp med USA s\u00e5 lett. Vi kan heller ikke svikte Danmark. Eller EU.<\/b><\/p>\n<p>Det som skjer i Nord-Norge n\u00e5 er at kampen om verdensherred\u00f8mme spisser seg til rett ved d\u00f8rene v\u00e5re. Trusler utenfra hoper seg opp og kan fort klore p\u00e5 v\u00e5re egne grenser. Det vil skje i stor grad i nordomr\u00e5dene, der vi er midt i et globalt sentrum.<\/p>\n<p>Det vil skje mens vi diskuterer identitetspolitikk, nasjonale f\u00f8lelser, og indre anliggender. Mens statsministeren holder taler utelukkende om f\u00f8lelsene innenriks, vil Norge i aller h\u00f8yeste grad f\u00e5 problemer med ytre stormakter.<\/p>\n<p>  <a href=\"https:\/\/www.nordnorskdebatt.no\/5-124-405343\" class=\"related-teaser has-image default-opinion-teaser article--c-eRUmMG article--c-eRUmMG-jKCPdD-design-default\" rel=\"nofollow noopener\" target=\"_blank\"><\/p>\n<p>    <img decoding=\"async\" loading=\"lazy\"  src=\"https:\/\/www.europesays.com\/no\/wp-content\/uploads\/2026\/01\/Nord+i+s%C3%B8r+2025+panel.jpg\" alt=\"\" class=\"brick-c-cFOWSL\" style=\"\"\/><\/p>\n<p>\n            Les ogs\u00e5<\/p>\n<p>              Nord-Norge er mer splittet enn noensinne\n        <\/p>\n<p>  <\/a><\/p>\n<p><b>Realiteten er f\u00f8lgende: Skal Norge fortsette \u00e5 ha suverenitet som nasjon m\u00e5 landet ta nordomr\u00e5dene enda mer i bruk. <\/b><\/p>\n<p>Vi m\u00e5 \u00f8ke sivil og milit\u00e6r aktivitet p\u00e5 land, p\u00e5 sokkelen og til havs. Vi m\u00e5 styrke v\u00e5r egen beskyttelse med lov og v\u00e5pen. Vi m\u00e5 bygge sterk infrastruktur inn mot Finland og Sverige. Vi m\u00e5 ha sterk industriutvikling og investeringer.<\/p>\n<p>Dette frykter jeg at den norske befolkningen ikke innser alvoret i. <\/p>\n<p><b>Nordomr\u00e5dene er d\u00e5rlig forst\u00e5tt og elendig nyansert i offentlig ordskifte. De store linjene trekkes aldri opp. Selv vi som bor her sliter med \u00e5 overskue det enorme presset vi kan havne under. <\/b><\/p>\n<p>Nordomr\u00e5depolitikken i Norge b\u00e6rer preg av dette. Den er surrete og halvtygget.<\/p>\n<p><b>Men energipolitikken er lettere \u00e5 formidle og forst\u00e5. Som oljefeltet Wisting i Barentshavet som trolig vil utvinnes fra 2026.<\/b><\/p>\n<p>Det vil skje, fordi det sikrer norsk suverenitet i et havomr\u00e5de som altfor mange snuser p\u00e5. Wistingfeltet ligger 300 kilometer fra kysten av Finnmark og rundt 180 km fra Bj\u00f8rn\u00f8ya. Et sted mellom fastlandet og Svalbard.<\/p>\n<p>   <img decoding=\"async\" width=\"1024\" height=\"581\" fetchpriority=\"low\"  loading=\"lazy\"  src=\"https:\/\/www.europesays.com\/no\/wp-content\/uploads\/2026\/01\/Wisting%2Bkart.jpg\" alt=\"\" class=\"brick-c-cFOWSL\" style=\"--brick-image-ratio: 1024 \/ 581;\"\/><\/p>\n<p>Allerede har R\u00f8dt koblet seg p\u00e5 kritikken. Dersom Wisting skal bygges ut, vil kraftsituasjonen i Finnmark bli enda verre, skriver Sofie Marhaug (R) i en Facebook-post. Det har blitt underkommunisert at Wisting m\u00e5 elektrifiseres fra land, mener hun.<\/p>\n<p>Ved en utbygging vil man trenge en 330 km lang str\u00f8mkabel fra Hyggevatn i Hammerfest for \u00e5 forsyne feltet med kraft fra land. Den kraften m\u00e5 ogs\u00e5 bygges ut.<\/p>\n<p><b>R\u00f8dt er imot alt dette, slik de i stor grad er imot utbygging av all industri i nordomr\u00e5dene. <\/b><\/p>\n<p>  <a href=\"https:\/\/www.nordnorskdebatt.no\/5-124-405132\" class=\"related-teaser has-image default-opinion-teaser article--c-eRUmMG article--c-eRUmMG-jKCPdD-design-default\" rel=\"nofollow noopener\" target=\"_blank\"><\/p>\n<p>    <img decoding=\"async\" loading=\"lazy\"  src=\"https:\/\/www.europesays.com\/no\/wp-content\/uploads\/2026\/01\/R%C3%B8dt+stortingsgruppe.jpg\" alt=\"\" class=\"brick-c-cFOWSL\" style=\"\"\/><\/p>\n<p>\n            Les ogs\u00e5<\/p>\n<p>              R\u00f8dt vil bygge landet &#8211; bare ikke i nord\n        <\/p>\n<p>  <\/a><\/p>\n<p>  <a href=\"https:\/\/www.nordnorskdebatt.no\/5-124-405896\" class=\"related-teaser has-image default-opinion-teaser article--c-eRUmMG article--c-eRUmMG-jKCPdD-design-default\" rel=\"nofollow noopener\" target=\"_blank\"><\/p>\n<p>    <img decoding=\"async\" loading=\"lazy\"  src=\"https:\/\/www.europesays.com\/no\/wp-content\/uploads\/2026\/01\/Hanne+og+Geir.JPG\" alt=\"\" class=\"brick-c-cFOWSL\" style=\"\"\/><\/p>\n<p>\n            Les ogs\u00e5<\/p>\n<p>              R\u00f8dt vil utvikle Finnmark\n        <\/p>\n<p>  <\/a><\/p>\n<p>MDG og SV vil heller ikke st\u00e5 p\u00e5 for mer utvinning av olje, potensielle konflikter mellom kraftutbygging og reindrift p\u00e5 land, dyre kabler til plattform, h\u00f8yere str\u00f8mpriser, eller \u00f8kt industrialisering av nordomr\u00e5dene. Ordf\u00f8reren i Alta og LO i Alta er ogs\u00e5 kritiske.<\/p>\n<p><b>Men aktiv tilstedev\u00e6relse p\u00e5 sokkelen i nord og utnyttelse av disse ressursene er et viktig element i vernet av nasjonen. For mens regjeringen er halvhjertet med nordomr\u00e5depolitikken, er de ganske dreven i energipolitikken. <\/b><\/p>\n<p><b>Det kan berge virkelighetsorienteringa p\u00e5 Stortinget. Den kan berge virkelighetsorienteringa i befolkninga. <\/b><\/p>\n<p>Norges st\u00f8rste styrke, og en viktig grunn til at vi har venner i verden, er v\u00e5r enorme betydning som energileverand\u00f8r i Europa. Det m\u00e5 vi fortsette med fordi sikkerhetssituasjonen i verden i dag trumfer alle andre kriser. Dessverre.<\/p>\n<p>\u00d8kt oljeaktivitet i havomr\u00e5dene i nord, vil gi \u00f8kt beredskap, \u00f8kt trafikk av norske fart\u00f8y, \u00f8kt sysselsetting p\u00e5 land.<\/p>\n<p>   <img decoding=\"async\" width=\"8640\" height=\"5760\" fetchpriority=\"low\"  loading=\"lazy\"  src=\"https:\/\/www.europesays.com\/no\/wp-content\/uploads\/2026\/01\/Gruvearbeidere+gruppe.jpg\" alt=\"Longyerbyen 20250616. &#10;Gruve 7. i Longyearbyen p\u00e5 Svalbard legges ned. 30. juni stenges Norges siste kullgruve og et stykke industrihistorie er over. Mandag ettermiddag kom kong Harald og dronning Sonja p\u00e5 bes\u00f8k til gruven som drives av selskapet Store Norske.&#10;Foto: Cornelius Poppe \/ NTB\" class=\"brick-c-cFOWSL\" style=\"--brick-image-ratio: 8640 \/ 5760;\"\/><\/p>\n<p>      SLUTT: Arbeidsstokken i Gruve 7. i Longyearbyen ved nedleggelsen av Norges siste kullgruve i slutten av juni 2025.<br \/>\n      Foto: Cornelius Poppe, NTB\n    <\/p>\n<p><b>Av samme grunn burde vi trolig gjen\u00e5pne gruva p\u00e5 Svalbard og s\u00f8rge for at den er p\u00e5 norske hender. Ikke fordi den vil bli ekstremt l\u00f8nnsom, men fordi det f\u00f8rer til sterkere bosetning av norske borgere p\u00e5 Svalbard.<\/b><\/p>\n<p>  <a href=\"https:\/\/www.nordnorskdebatt.no\/5-124-332426\" class=\"related-teaser has-image default-opinion-teaser article--c-eRUmMG article--c-eRUmMG-jKCPdD-design-default\" rel=\"nofollow noopener\" target=\"_blank\"><\/p>\n<p>    <img decoding=\"async\" loading=\"lazy\"  src=\"https:\/\/www.europesays.com\/no\/wp-content\/uploads\/2026\/01\/Svalbard+arbeidere+Gruve+7.jpg\" alt=\"\" class=\"brick-c-cFOWSL\" style=\"\"\/><\/p>\n<p>\n            Les ogs\u00e5<\/p>\n<p>              Svalbards fremtid og Norges strategiske ansvar\n        <\/p>\n<p>  <\/a><\/p>\n<p>Det er et bra signal \u00e5 sende kongen p\u00e5 kosetur til Bj\u00f8rn\u00f8ya og Svalbard, men det gj\u00f8r lite med det synkende antallet norske innbyggere p\u00e5 \u00f8ygruppa.<\/p>\n<p>Ogs\u00e5 p\u00e5 fastlandet i nordomr\u00e5dene m\u00e5 aktiviteten opp. Det burde lukte asfalt og hamres ned jernbanespor fra havner langs kysten og inn til Sverige og Finland.<\/p>\n<p>Vi b\u00f8r forberede oss p\u00e5 at amerikanerne kan svikte oss.<\/p>\n<p><b>Da er det for svakt at statsministeren kommuniserer at han lager planer for kriseevakuering av Troms og Finnmark<\/b><\/p>\n<p><b>Samtidig som han ikke gj\u00f8r store ekstraordin\u00e6re investeringer for \u00e5 sikre infrastruktur, beredskap, og forsyningslinjer i nord.<\/b><\/p>\n","protected":false},"excerpt":{"rendered":"Det handler ikke om penger. Men om suverenitetshevdelse i Nordomr\u00e5dene. En suverentitetshevdelse som vil bli enda mer prek\u00e6r&hellip;\n","protected":false},"author":2,"featured_media":131456,"comment_status":"","ping_status":"","sticky":false,"template":"","format":"standard","meta":{"footnotes":""},"categories":[5],"tags":[36,20,21,24,25,2112,15,19,266,22,23,17,18,13,30,4081,28,9540,29,14,1533,16,26,27,766],"class_list":{"0":"post-131455","1":"post","2":"type-post","3":"status-publish","4":"format-standard","5":"has-post-thumbnail","7":"category-overskrifter","8":"tag-art","9":"tag-breaking-news","10":"tag-breakingnews","11":"tag-featured-news","12":"tag-featurednews","13":"tag-gronland","14":"tag-headlines","15":"tag-hovedoppslag","16":"tag-kommentar","17":"tag-latest-news","18":"tag-latestnews","19":"tag-main-news","20":"tag-mainnews","21":"tag-news","22":"tag-no","23":"tag-nordomradene","24":"tag-norge","25":"tag-norsk-suverenitet","26":"tag-norway","27":"tag-nyheter","28":"tag-opinion","29":"tag-overskrifter","30":"tag-top-stories","31":"tag-topstories","32":"tag-trump"},"share_on_mastodon":{"url":"https:\/\/pubeurope.com\/@no\/115855479597065983","error":""},"_links":{"self":[{"href":"https:\/\/www.europesays.com\/no\/wp-json\/wp\/v2\/posts\/131455","targetHints":{"allow":["GET"]}}],"collection":[{"href":"https:\/\/www.europesays.com\/no\/wp-json\/wp\/v2\/posts"}],"about":[{"href":"https:\/\/www.europesays.com\/no\/wp-json\/wp\/v2\/types\/post"}],"author":[{"embeddable":true,"href":"https:\/\/www.europesays.com\/no\/wp-json\/wp\/v2\/users\/2"}],"replies":[{"embeddable":true,"href":"https:\/\/www.europesays.com\/no\/wp-json\/wp\/v2\/comments?post=131455"}],"version-history":[{"count":0,"href":"https:\/\/www.europesays.com\/no\/wp-json\/wp\/v2\/posts\/131455\/revisions"}],"wp:featuredmedia":[{"embeddable":true,"href":"https:\/\/www.europesays.com\/no\/wp-json\/wp\/v2\/media\/131456"}],"wp:attachment":[{"href":"https:\/\/www.europesays.com\/no\/wp-json\/wp\/v2\/media?parent=131455"}],"wp:term":[{"taxonomy":"category","embeddable":true,"href":"https:\/\/www.europesays.com\/no\/wp-json\/wp\/v2\/categories?post=131455"},{"taxonomy":"post_tag","embeddable":true,"href":"https:\/\/www.europesays.com\/no\/wp-json\/wp\/v2\/tags?post=131455"}],"curies":[{"name":"wp","href":"https:\/\/api.w.org\/{rel}","templated":true}]}}