{"id":131470,"date":"2026-01-07T19:56:06","date_gmt":"2026-01-07T19:56:06","guid":{"rendered":"https:\/\/www.europesays.com\/no\/131470\/"},"modified":"2026-01-07T19:56:06","modified_gmt":"2026-01-07T19:56:06","slug":"norske-bedrifter-vet-ikke-rollen-sin-under-en-unntakstilstand-nrk-norge-oversikt-over-nyheter-fra-ulike-deler-av-landet","status":"publish","type":"post","link":"https:\/\/www.europesays.com\/no\/131470\/","title":{"rendered":"Norske bedrifter vet ikke rollen sin under en unntakstilstand \u2013 NRK Norge \u2013 Oversikt over nyheter fra ulike deler av landet"},"content":{"rendered":"<p>Saken oppsummert:<\/p>\n<ul>\n<li>To av tre ledere er usikre p\u00e5 om bedriften deres er en del av den norske totalberedskapen, if\u00f8lge en rapport fra KPMG og NHO.<\/li>\n<li>Line Ellingsen fra Ellingsen Seafood \u00f8nsker dialog med myndighetene for \u00e5 avklare n\u00e6ringslivets rolle i totalberedskapen.<\/li>\n<li>Statsminister Jonas Gahr St\u00f8re understreker n\u00e6ringslivets viktige rolle som en tredjedel av Norges nasjonale sikkerhetsgaranti.<\/li>\n<li>Bente Hoff fra KPMG p\u00e5peker at myndighetene m\u00e5 ta ansvar for bedre koordinering med n\u00e6ringslivet i krisesituasjoner.<\/li>\n<li>St\u00f8re trekker frem den globale sikkerhetssituasjonen, inkludert Ukraina og Midt\u00f8sten, som en p\u00e5minnelse om viktigheten av samarbeid mellom n\u00e6ringsliv og myndigheter.<\/li>\n<\/ul>\n<p>Oppsummeringen er laget av en KI-tjeneste fra OpenAI. Innholdet er kvalitetssikret av NRKs journalister f\u00f8r publisering.<\/p>\n<p>\u2013 V\u00e5r bransje representerer \u00f8yne og \u00f8rer langs hele kysten.<\/p>\n<p>Visepresident i NHO, Line Ellingsen, \u00f8nsker at bedriften hennes, Ellingsen Seafood, skal bli en del av totalberedskapen.<\/p>\n<p>\u2013 Vi sitter med fart\u00f8y, vi sitter med havner, vi sitter med kontakter. Men vi vet ikke hvordan vi skal bidra inn i totalberedskapen.<\/p>\n<p><img decoding=\"async\"   src=\"data:image\/gif;base64,R0lGODlhAQABAIAAAAAAAP\/\/\/yH5BAEAAAAALAAAAAABAAEAAAIBRAA7\" loading=\"eager\" alt=\"Styreleder i Sj\u00f8mat Norge og visepresident NHO Line Ellingsen under NHO \u00c5rskonferanse 2026 p\u00e5 Lillestr\u00f8m.\" title=\"Foto: Torstein Georg B\u00f8e \/ NRK\"\/><\/p>\n<p class=\"\">Line Ellingsen er ogs\u00e5 styreleder for Sj\u00f8mat Norge &#8211; hun \u00f8nsker at hele bransjen hennes skal v\u00e6re en del av totalberedskapen. <\/p>\n<p>Foto: Torstein Georg B\u00f8e \/ NRK<\/p>\n<p>Selskapet hennes med rundt hundre ansatte kan if\u00f8lge henne daglig produsere mat til en by p\u00e5 st\u00f8rrelse med Stavanger.<\/p>\n<p>\u2013 Det er ingen som skal g\u00e5 sultne i Norge s\u00e5 lenge vi kan spise sj\u00f8mat. Vi m\u00e5 kanskje endre litt p\u00e5 hva vi spiser, men ingen skal g\u00e5 sultne.<\/p>\n<p>Hun \u00f8nsker n\u00e5 en dialog med myndighetene for \u00e5 f\u00e5 en oppklaring av hennes rolle ved en eventuell unntakstilstand.<\/p>\n<p>\u2013 S\u00e5 det vil v\u00e6re en samtale vi m\u00e5 g\u00e5 inn i med myndighetene. For n\u00e6ringslivet \u00f8nsker \u00e5 bidra.<\/p>\n<p>To av tre bedrifter vet ikke rollen sin<\/p>\n<p><img decoding=\"async\"   src=\"data:image\/gif;base64,R0lGODlhAQABAIAAAAAAAP\/\/\/yH5BAEAAAAALAAAAAABAAEAAAIBRAA7\" loading=\"eager\" alt=\"Direkt\u00f8r cybersikkerhet i KPMG, Bente Hoff under NHO \u00c5rskonferanse 2026 p\u00e5 Lillestr\u00f8m.\" title=\"Foto: Torstein Georg B\u00f8e \/ NRK\"\/><\/p>\n<p class=\"\">Direkt\u00f8r cybersikkerhet i KPMG, Bente Hoff, under NHOs \u00e5rskonferanse p\u00e5 Lillestr\u00f8m.<\/p>\n<p>Foto: Torstein Georg B\u00f8e \/ NRK<\/p>\n<p>\u2013 Topplederne i privat n\u00e6ringsliv jobber mye med sikkerhet i egen virksomhet, men er usikre p\u00e5 hva som er deres rolle i den nasjonale settinga, sier Bente Hoff, direkt\u00f8r innen cybersikkerhet i KPMG.<\/p>\n<p>I en rapport KPMG har laget i samarbeid med NHO kommer det frem at bare \u00e9n av tre bedriftseiere oppfatter at bedriften deres er en del av totalberedskapen.<\/p>\n<p><img decoding=\"async\"   src=\"data:image\/gif;base64,R0lGODlhAQABAIAAAAAAAP\/\/\/yH5BAEAAAAALAAAAAABAAEAAAIBRAA7\" loading=\"eager\" alt=\"Fem deltakere sitter og slapper av. \" title=\"Foto: Torstein Georg B\u00f8e \/ NRK\"\/><\/p>\n<p class=\"\">P\u00e5 NHOs \u00e5rsm\u00f8te er det mange ledere som er usikre p\u00e5 hva de kan gj\u00f8re og hvordan bedriften kan bidra. <\/p>\n<p>Foto: Torstein Georg B\u00f8e \/ NRK<\/p>\n<p>Hun mener myndighetene p\u00e5 sin side m\u00e5 ta ansvar for \u00e5 inkludere og koordinere n\u00e6ringslivet.<\/p>\n<p>\u2013 Samfunnet v\u00e5rt er bygd opp av n\u00e6ringslivet i tillegg til det offentlige, og hvis ikke n\u00e6ringslivet fungerer, vil det meste stanse opp.<\/p>\n<p>Hun understreker at ogs\u00e5 n\u00e6ringslivet p\u00e5 sin side har et ansvar for \u00e5 inkludere seg selv.<\/p>\n<p>Egne verdier<\/p>\n<p>Justis- og beredskapsminister Astri Aas-Hansen sier at m\u00e5let er \u00e5 trekke n\u00e6ringslivet inn i beredskapen p\u00e5 alle niv\u00e5.<\/p>\n<p>\u2013 Skal vi lykkes med \u00e5 styrke beredskapen for \u00e5 h\u00e5ndtere ogs\u00e5 de aller mest alvorlige scenarioene, m\u00e5 vi trekke p\u00e5 samfunnets samlede ressurser.<\/p>\n<p><img decoding=\"async\"   src=\"data:image\/gif;base64,R0lGODlhAQABAIAAAAAAAP\/\/\/yH5BAEAAAAALAAAAAABAAEAAAIBRAA7\" loading=\"eager\" alt=\"En kvinne st\u00e5r foran en kamerautstyr i en utend\u00f8rs setting. Hun har p\u00e5 seg en m\u00f8rkegr\u00f8nn jakke og ser mot kameraet. I bakgrunnen kan man se en bygning og tr\u00e6r, og bakken er st\u00f8pt med trapper. Det er klart v\u00e6r, og omgivelsene gir en uformell kontekst til situasjonen. (Bildebeskrivelsen er laget av en KI-tjeneste)\" title=\"Foto: Maria Erla Hilstad Flyum \/ NRK\"\/><\/p>\n<p class=\"\">Justis- og beredskapsministeren mener at virksomhetene m\u00e5 bli mer bevisst sine egne verdier. <\/p>\n<p>Foto: Maria Erla Hilstad Flyum \/ NRK<\/p>\n<p>Aas-Hansen viser til at det \u00e5 trekke n\u00e6ringslivet mer systematisk inn i beredskapen er en r\u00f8d tr\u00e5d i totalberedskapsmeldingen og i det de n\u00e5 jobber med.<\/p>\n<p>Hun mener at det i en ny sikkerhetssituasjon er viktig at virksomheter blir mer bevisst sine egne verdier, det handler om hvordan de sikrer dem, hvordan de kan opprettholde virksomheten i krise og hvordan de kan bidra med sine ressurser i samfunnets beredskap.<\/p>\n<p>\u2013 Dere er en tredjedel av den nasjonale sikkerhetsgarantien<\/p>\n<p>Statsminister Jonas Gahr St\u00f8re har nettopp v\u00e6rt i Paris hvor han diskuterte sikkerhetsgarantier for Ukraina sammen med ledere fra mer enn 30 land.<\/p>\n<p><img decoding=\"async\"   src=\"data:image\/gif;base64,R0lGODlhAQABAIAAAAAAAP\/\/\/yH5BAEAAAAALAAAAAABAAEAAAIBRAA7\" loading=\"eager\" alt=\"Statsminister Jonas Gahr St\u00f8re og utenriksminister Espen Bart Eide under NHO \u00c5rskonferanse 2026 p\u00e5 Lillestr\u00f8m.\" title=\"Foto: Torstein Georg B\u00f8e \/ NRK\"\/><\/p>\n<p class=\"\">Statsminister Jonas Gahr St\u00f8re og utenriksminister Espen Bart Eide under NHO \u00c5rskonferanse 2026 p\u00e5 Lillestr\u00f8m.<\/p>\n<p>Foto: Torstein Georg B\u00f8e \/ NRK<\/p>\n<p>P\u00e5 \u00e5rskonferansen til NHO understreket han det samme:<\/p>\n<p>\u2013 Det er spesielt alvorlig n\u00e5, knyttet til sikkerhet. I denne tiden blir dere enda viktigere, sa han til deltakerne p\u00e5 konferansen. Han pekte p\u00e5 Ukraina, Gaza, Midt\u00f8sten og kidnappingen i Venezuela.<\/p>\n<p>\u2013 Dere er en tredjedel av den <a href=\"https:\/\/www.regjeringen.no\/no\/dokumenter\/nasjonal-sikkerhetsstrategi\/id3099304\/?ch=1\" ec-id=\"https:\/\/www.regjeringen.no\/no\/dokumenter\/nasjonal-sikkerhetsstrategi\/id3099304\/\" ec-name=\"nasjonale sikkerhetsgarantien\" rel=\"nofollow noopener\" target=\"_blank\">nasjonale sikkerhetsgarantien<\/a> sa St\u00f8re fra talerstolen da han understrekte viktigheten av n\u00e6ringslivet i tiden fremover.<\/p>\n<p><img decoding=\"async\"   src=\"data:image\/gif;base64,R0lGODlhAQABAIAAAAAAAP\/\/\/yH5BAEAAAAALAAAAAABAAEAAAIBRAA7\" loading=\"eager\" alt=\"En mann i dress st\u00e5r p\u00e5 en scene med lavt lys og fokuserte lyskilder i bakgrunnen. Han strekker ut h\u00e5nden mot publikum, muligens for \u00e5 formidle et budskap. Hans uttrykk er alvorlig, noe som kan indikere viktigheten av situasjonen. Omgivelsene er preget av en n\u00f8ytral, m\u00f8rk bakgrunn som fremhever scenen. (Bildebeskrivelsen er laget av en KI-tjeneste)\" title=\"Foto: Torstein Georg B\u00f8e \/ NRK\"\/><\/p>\n<p class=\"\">St\u00f8re fra talerstolen p\u00e5 n\u00e6ringslivets st\u00f8rste \u00e5rskonferanse i regi av NHO. <\/p>\n<p>Foto: Torstein Georg B\u00f8e \/ NRK<\/p>\n<p>Publisert<\/p>\n<p>07.01.2026, kl. 18.50<\/p>\n<p>Oppdatert<\/p>\n<p>07.01.2026, kl. 20.07<\/p>\n","protected":false},"excerpt":{"rendered":"Saken oppsummert: To av tre ledere er usikre p\u00e5 om bedriften deres er en del av den norske&hellip;\n","protected":false},"author":2,"featured_media":131471,"comment_status":"","ping_status":"","sticky":false,"template":"","format":"standard","meta":{"footnotes":""},"categories":[10],"tags":[20,21,24,25,15,22,23,13,30,28,29,14,16,26,27],"class_list":{"0":"post-131470","1":"post","2":"type-post","3":"status-publish","4":"format-standard","5":"has-post-thumbnail","7":"category-norge","8":"tag-breaking-news","9":"tag-breakingnews","10":"tag-featured-news","11":"tag-featurednews","12":"tag-headlines","13":"tag-latest-news","14":"tag-latestnews","15":"tag-news","16":"tag-no","17":"tag-norge","18":"tag-norway","19":"tag-nyheter","20":"tag-overskrifter","21":"tag-top-stories","22":"tag-topstories"},"share_on_mastodon":{"url":"https:\/\/pubeurope.com\/@no\/115855581808132129","error":""},"_links":{"self":[{"href":"https:\/\/www.europesays.com\/no\/wp-json\/wp\/v2\/posts\/131470","targetHints":{"allow":["GET"]}}],"collection":[{"href":"https:\/\/www.europesays.com\/no\/wp-json\/wp\/v2\/posts"}],"about":[{"href":"https:\/\/www.europesays.com\/no\/wp-json\/wp\/v2\/types\/post"}],"author":[{"embeddable":true,"href":"https:\/\/www.europesays.com\/no\/wp-json\/wp\/v2\/users\/2"}],"replies":[{"embeddable":true,"href":"https:\/\/www.europesays.com\/no\/wp-json\/wp\/v2\/comments?post=131470"}],"version-history":[{"count":0,"href":"https:\/\/www.europesays.com\/no\/wp-json\/wp\/v2\/posts\/131470\/revisions"}],"wp:featuredmedia":[{"embeddable":true,"href":"https:\/\/www.europesays.com\/no\/wp-json\/wp\/v2\/media\/131471"}],"wp:attachment":[{"href":"https:\/\/www.europesays.com\/no\/wp-json\/wp\/v2\/media?parent=131470"}],"wp:term":[{"taxonomy":"category","embeddable":true,"href":"https:\/\/www.europesays.com\/no\/wp-json\/wp\/v2\/categories?post=131470"},{"taxonomy":"post_tag","embeddable":true,"href":"https:\/\/www.europesays.com\/no\/wp-json\/wp\/v2\/tags?post=131470"}],"curies":[{"name":"wp","href":"https:\/\/api.w.org\/{rel}","templated":true}]}}