{"id":131474,"date":"2026-01-07T19:58:45","date_gmt":"2026-01-07T19:58:45","guid":{"rendered":"https:\/\/www.europesays.com\/no\/131474\/"},"modified":"2026-01-07T19:58:45","modified_gmt":"2026-01-07T19:58:45","slug":"vare-vurderinger-om-laget-mot-burnley","status":"publish","type":"post","link":"https:\/\/www.europesays.com\/no\/131474\/","title":{"rendered":"V\u00e5re vurderinger om laget mot Burnley"},"content":{"rendered":"<p>Det er ingenting som tyder p\u00e5 at 2026 blir et roligere \u00e5r i Manchester enn det de foreg\u00e5ende har v\u00e6rt.<\/p>\n<p>\u00c5ret startet med et brak, da R\u00faben Amorim p\u00e5 mandag var ferdig etter 14 m\u00e5neder som United-trener. Portugiserens siste kamp ble 1-1-oppgj\u00f8ret mot Leeds p\u00e5 Elland Road.<\/p>\n<p>Onsdag kveld rettes oppmerksomheten mot Turf Moor, der Darren Fletcher leder laget som vikar for f\u00f8rste gang.<\/p>\n<p>                F\u00e5 med deg alt fra Supporterklubben<\/p>\n<ul>\n<li>Tilgang til alt innhold p\u00e5 united.no<\/li>\n<li>Tilgang til podkasten Uno+<\/li>\n<li>Billetter og turer til Old Trafford<\/li>\n<li>Gode rabatter i nettbutikken<\/li>\n<li>Medlemspris p\u00e5 Viaplay Total<\/li>\n<\/ul>\n<p class=\"price_description\">Kun kr 29,- \/m\u00e5ned. Betales \u00e5rlig.<\/p>\n<p>\n                    <a class=\"lab-paywall-teaser-offer-button\" href=\"https:\/\/api.united.no\/paywall\/order?providerUrl=https%3A%2F%2Fminside.united.no%2Fno%2Fcheckout%2Funitedmedlemsskap&amp;siteAlias=united&amp;&amp;siteId=2&amp;contentUrl=https%3A%2F%2Fwww.united.no%2Fnyheter%2Fvare-vurderinger-om-laget-mot-burnley%2F1413173\" rel=\"nofollow noopener\" target=\"_blank\">Bli medlem n\u00e5<\/a>\n                <\/p>\n","protected":false},"excerpt":{"rendered":"Det er ingenting som tyder p\u00e5 at 2026 blir et roligere \u00e5r i Manchester enn det de foreg\u00e5ende&hellip;\n","protected":false},"author":2,"featured_media":131475,"comment_status":"","ping_status":"","sticky":false,"template":"","format":"standard","meta":{"footnotes":""},"categories":[59],"tags":[30,28,29,83,82],"class_list":{"0":"post-131474","1":"post","2":"type-post","3":"status-publish","4":"format-standard","5":"has-post-thumbnail","7":"category-sport","8":"tag-no","9":"tag-norge","10":"tag-norway","11":"tag-sport","12":"tag-sports"},"share_on_mastodon":{"url":"https:\/\/pubeurope.com\/@no\/115855589508952891","error":""},"_links":{"self":[{"href":"https:\/\/www.europesays.com\/no\/wp-json\/wp\/v2\/posts\/131474","targetHints":{"allow":["GET"]}}],"collection":[{"href":"https:\/\/www.europesays.com\/no\/wp-json\/wp\/v2\/posts"}],"about":[{"href":"https:\/\/www.europesays.com\/no\/wp-json\/wp\/v2\/types\/post"}],"author":[{"embeddable":true,"href":"https:\/\/www.europesays.com\/no\/wp-json\/wp\/v2\/users\/2"}],"replies":[{"embeddable":true,"href":"https:\/\/www.europesays.com\/no\/wp-json\/wp\/v2\/comments?post=131474"}],"version-history":[{"count":0,"href":"https:\/\/www.europesays.com\/no\/wp-json\/wp\/v2\/posts\/131474\/revisions"}],"wp:featuredmedia":[{"embeddable":true,"href":"https:\/\/www.europesays.com\/no\/wp-json\/wp\/v2\/media\/131475"}],"wp:attachment":[{"href":"https:\/\/www.europesays.com\/no\/wp-json\/wp\/v2\/media?parent=131474"}],"wp:term":[{"taxonomy":"category","embeddable":true,"href":"https:\/\/www.europesays.com\/no\/wp-json\/wp\/v2\/categories?post=131474"},{"taxonomy":"post_tag","embeddable":true,"href":"https:\/\/www.europesays.com\/no\/wp-json\/wp\/v2\/tags?post=131474"}],"curies":[{"name":"wp","href":"https:\/\/api.w.org\/{rel}","templated":true}]}}