{"id":131476,"date":"2026-01-07T20:03:25","date_gmt":"2026-01-07T20:03:25","guid":{"rendered":"https:\/\/www.europesays.com\/no\/131476\/"},"modified":"2026-01-07T20:03:25","modified_gmt":"2026-01-07T20:03:25","slug":"35-kuldegrader-og-kvister-i-loypene","status":"publish","type":"post","link":"https:\/\/www.europesays.com\/no\/131476\/","title":{"rendered":"35 kuldegrader og kvister i l\u00f8ypene"},"content":{"rendered":"<p class=\"kicker \" style=\"\">Innlandet:\u00a0<\/p>\n<p>  Norges kaldeste sted sliter med skil\u00f8ypene. &#8211; Helt normalt, sier lokal turentusiast.<\/p>\n<p>\n    KUNNE V\u00c6RT MER: Litt kvister stikker opp ved l\u00f8ypene. Men det er kj\u00f8rt opp spor i hele bygda, forsikrer Elin Bl\u00e6sterdalen. Foto: Folldal Turlag\n  <\/p>\n<p>&#8211; Det er iskaldt i hele Norge, skriver <a href=\"https:\/\/www.yr.no\/nb\/meteorologene\/38194570-eb71-45d9-abb0-fb40f3338a9c\" rel=\"nofollow noopener\" target=\"_blank\">Yr p\u00e5 nettsidene sine<\/a>.\u00a0\u00a0<\/p>\n<p> Brrrr! Iskald beskjed.\u00a0<\/p>\n<p>If\u00f8lge meteorologene deres kunne Folldal i Innlandet notere seg Norges laveste temperatur natt til tirsdag:<\/p>\n<p>35,1 minusgrader.<\/p>\n<p>Samtidig kan man lese fraser som\u00a0\u00ablitt lite sn\u00f8\u00bb og \u00ab\u00f8nskelig med mer sn\u00f8\u00bb p\u00e5 <a href=\"https:\/\/www.facebook.com\/profile.php?id=100057074456609\" rel=\"nofollow noopener\" target=\"_blank\">Facebook-siden til Folldal Turlag<\/a>.\u00a0<\/p>\n<p>35 minusgrader og mangel p\u00e5 sn\u00f8? Hva i alle dager skjer i Folldal?<\/p>\n<p>    <a itemprop=\"url\" href=\"https:\/\/www.dagbladet.no\/nyheter\/kaldere-enn-i-fryseboksen\/84060575\" rel=\"nofollow noopener\" target=\"_blank\"><\/p>\n<p>        <img loading=\"lazy\" decoding=\"async\" src=\"https:\/\/www.europesays.com\/no\/wp-content\/uploads\/2026\/01\/1767816202_819_84061171.webp.webp\" width=\"980\" height=\"441\" title=\"- Kaldere enn i fryseboksen\" alt=\"\" class=\"lazyload\" style=\"--aspect-ratio-image: 2.22; \"\/><\/p>\n<p>        &#8211; Kaldere enn i fryseboksen<\/p>\n<p>    <\/a><\/p>\n<p>Ikke ugler i mosen\t<\/p>\n<p>Elin Bl\u00e6sterdalen, som driver ovennevnte Facebook-side og er medlem i turlaget, avfeier Dagbladets konspirasjoner tvert.\u00a0<\/p>\n<p>&#8211;\u00a0 Det er hvitt og bra med sn\u00f8. Kanskje det er litt lite i l\u00f8ypetraseene, men det er bra med sn\u00f8 i Folldal, bekrefter hun over telefonen.\u00a0<\/p>\n<p>Dette er if\u00f8lge henne helt vanlig p\u00e5 denne tida av \u00e5ret. Det pleier \u00e5 komme en del mer sn\u00f8 etter jul, forteller hun.\u00a0<\/p>\n<p>        <img loading=\"lazy\" decoding=\"async\" src=\"https:\/\/www.europesays.com\/no\/wp-content\/uploads\/2026\/01\/84064217.webp.webp\" width=\"980\" height=\"559\" title=\"KALDT, MEN VAKKERT: Den isbl\u00e5 solnedgangen vitner om en bitende kulde i Folldal i Innlandet. Foto: Kristin Langtjernet\" alt=\"\" class=\"\" style=\"--aspect-ratio-image: 1.75; \"\/><\/p>\n<p>\n        KALDT, MEN VAKKERT: Den isbl\u00e5 solnedgangen vitner om en bitende kulde i Folldal i Innlandet. Foto: Kristin Langtjernet\n    <\/p>\n<p>Selv har Bl\u00e6sterdalen v\u00e6rt p\u00e5 flere turer i den bitende kulden og satt ute foran b\u00e5let med familien i n\u00e6rmere 20 minusgrader p\u00e5 nytt\u00e5rsaften.\u00a0<\/p>\n<p class=\"font-weight-bold m-font-weight-bold\" data-lab-font_weight=\"font-weight-bold\">&#8211; Det er bitende kaldt og man m\u00e5 ha buffen over nesa og lua nede i pannen. Men det er veldig forfriskende, sier hun.\u00a0<\/p>\n<p class=\"italic m-italic\" data-lab-italic=\"italic\">&#8211; Hvor mange lag trenger man da?\u00a0<\/p>\n<p>&#8211; Fire. Ullundert\u00f8y, ullbukse, boblebukse, fleece, jakke, ramser hun opp.\u00a0<\/p>\n<p>&#8211; Men dette er ikke kaldt i Folldalen. Det er helt normalt. Skjer hvert \u00e5r, p\u00e5peker Bl\u00e6sterdalen.\u00a0<\/p>\n<p> Hun forteller at Turlagets hytter ogs\u00e5 har v\u00e6rt godt bes\u00f8kt i kulda. <\/p>\n<p>Livet g\u00e5r alts\u00e5 videre tilsynelatende uavhengig av temperatur i Folldal og Bl\u00e6sterdalen er ikke nevneverdig bekymra. Det er heller ikke bygdas \u00f8verste politiske leder.\u00a0<\/p>\n<p>        <img loading=\"lazy\" decoding=\"async\" src=\"https:\/\/www.europesays.com\/no\/wp-content\/uploads\/2026\/01\/84064223.webp.webp\" width=\"667\" height=\"381\" title=\"NORGES KALDESTE: Solnedgang fra ordf\u00f8reren i Folldal sitt kontor. Foto: Kristin Langtjernet\" alt=\"\" class=\"\" style=\"--aspect-ratio-image: 1.75; \"\/><\/p>\n<p>\n        NORGES KALDESTE: Solnedgang fra ordf\u00f8reren i Folldal sitt kontor. Foto: Kristin Langtjernet\n    <\/p>\n<p>\u00abSmellvakkert\u00bb\t<\/p>\n<p>&#8211; Kaldt, ja, men veldig vakkert, sier ordf\u00f8rer Kristin Langtjernet til Dagbladet \u2013 og legger til at hennes sambygdinger ville brukt ordet \u00absmellvakkert\u00bb.<\/p>\n<p>Hun beskriver en bygd som er godt rustet for kuldeperioder som dette.<\/p>\n<p>&#8211; Dette t\u00e5ler vi veldig godt. Det er t\u00f8rr luft, ofte varmere i h\u00f8yden, vi har ull p\u00e5 kroppen og passer litt ekstra p\u00e5 at d\u00f8rer og vinduer er stengt, sier Langtjernet.<\/p>\n<p>    <a itemprop=\"url\" href=\"https:\/\/www.dagbladet.no\/meninger\/nok-er-nok\/84048089\" rel=\"nofollow noopener\" target=\"_blank\"><\/p>\n<p>        <img loading=\"lazy\" decoding=\"async\" src=\"https:\/\/www.europesays.com\/no\/wp-content\/uploads\/2026\/01\/1767816205_160_81409263.webp.webp\" width=\"980\" height=\"441\" title=\"Nok er nok\" alt=\"\" class=\"lazyload\" style=\"--aspect-ratio-image: 2.22; \"\/><\/p>\n<p>        Nok er nok<\/p>\n<p>    <\/a><\/p>\n<p>Hun understreker at det selvsagt er noen som m\u00e5 ta ekstra hensyn n\u00e5r temperaturen kryper s\u00e5 langt ned.<\/p>\n<p>&#8211; For de som har fj\u00f8s og dyr, og for h\u00e5ndverkere som jobber ute, er det litt mer \u00e5 tenke p\u00e5. Men dette h\u00e5ndteres veldig bra, sier hun.<\/p>\n","protected":false},"excerpt":{"rendered":"Innlandet:\u00a0 Norges kaldeste sted sliter med skil\u00f8ypene. &#8211; Helt normalt, sier lokal turentusiast. KUNNE V\u00c6RT MER: Litt kvister&hellip;\n","protected":false},"author":2,"featured_media":131477,"comment_status":"","ping_status":"","sticky":false,"template":"","format":"standard","meta":{"footnotes":""},"categories":[10],"tags":[20,21,24,25,15,2539,22,23,13,30,28,29,14,16,26,27],"class_list":{"0":"post-131476","1":"post","2":"type-post","3":"status-publish","4":"format-standard","5":"has-post-thumbnail","7":"category-norge","8":"tag-breaking-news","9":"tag-breakingnews","10":"tag-featured-news","11":"tag-featurednews","12":"tag-headlines","13":"tag-innenriks","14":"tag-latest-news","15":"tag-latestnews","16":"tag-news","17":"tag-no","18":"tag-norge","19":"tag-norway","20":"tag-nyheter","21":"tag-overskrifter","22":"tag-top-stories","23":"tag-topstories"},"share_on_mastodon":{"url":"https:\/\/pubeurope.com\/@no\/115855609334391753","error":""},"_links":{"self":[{"href":"https:\/\/www.europesays.com\/no\/wp-json\/wp\/v2\/posts\/131476","targetHints":{"allow":["GET"]}}],"collection":[{"href":"https:\/\/www.europesays.com\/no\/wp-json\/wp\/v2\/posts"}],"about":[{"href":"https:\/\/www.europesays.com\/no\/wp-json\/wp\/v2\/types\/post"}],"author":[{"embeddable":true,"href":"https:\/\/www.europesays.com\/no\/wp-json\/wp\/v2\/users\/2"}],"replies":[{"embeddable":true,"href":"https:\/\/www.europesays.com\/no\/wp-json\/wp\/v2\/comments?post=131476"}],"version-history":[{"count":0,"href":"https:\/\/www.europesays.com\/no\/wp-json\/wp\/v2\/posts\/131476\/revisions"}],"wp:featuredmedia":[{"embeddable":true,"href":"https:\/\/www.europesays.com\/no\/wp-json\/wp\/v2\/media\/131477"}],"wp:attachment":[{"href":"https:\/\/www.europesays.com\/no\/wp-json\/wp\/v2\/media?parent=131476"}],"wp:term":[{"taxonomy":"category","embeddable":true,"href":"https:\/\/www.europesays.com\/no\/wp-json\/wp\/v2\/categories?post=131476"},{"taxonomy":"post_tag","embeddable":true,"href":"https:\/\/www.europesays.com\/no\/wp-json\/wp\/v2\/tags?post=131476"}],"curies":[{"name":"wp","href":"https:\/\/api.w.org\/{rel}","templated":true}]}}