{"id":131478,"date":"2026-01-07T20:04:12","date_gmt":"2026-01-07T20:04:12","guid":{"rendered":"https:\/\/www.europesays.com\/no\/131478\/"},"modified":"2026-01-07T20:04:12","modified_gmt":"2026-01-07T20:04:12","slug":"trump-langer-ut-mot-norge-om-fredsprisen-nok-en-gang-siste-nytt-nrk","status":"publish","type":"post","link":"https:\/\/www.europesays.com\/no\/131478\/","title":{"rendered":"Trump langer ut mot Norge om fredsprisen nok en gang \u2013 Siste nytt \u2013\u00a0NRK"},"content":{"rendered":"<p>USAs president Donald Trump er fortsatt misforn\u00f8yd med at han ikke ble tildelt Nobels fredspris.<\/p>\n<p>\u2013 Nato-medlem Norge var t\u00e5pelige da de valgte \u00e5 ikke gi meg Nobels fredspris, skriver Trump i et langt innlegg p\u00e5 <a href=\"https:\/\/truthsocial.com\/@realDonaldTrump\/posts\/115854352740910460\" ec-id=\"https:\/\/truthsocial.com\/@realDonaldTrump\/posts\/115854352740910460\" ec-name=\"Truth Social\" rel=\"nofollow noopener\" target=\"_blank\">Truth Social<\/a>.<\/p>\n<p>Det er imidlertid den uahvengige Nobelkomiteen som deler ut fredsprisen, ikke norske myndigheter.<\/p>\n<p>Trump s\u00e5r ogs\u00e5 tvil om hvorvidt Nato vil stille opp for USA \u00abom vi virkelig trengte dem\u00bb.<\/p>\n<p>\u2013 Vi vil alltid v\u00e6re der for Nato, selv om de ikke vil v\u00e6re der for oss, hevder han.<\/p>\n<p>\u2013 Russland og Kina har ingen frykt for Nato uten USA, skriver han videre.<\/p>\n<p>Uttalelsen kommer til tross for at forsvarsalliansen blant annet bisto amerikanerne i Afghanistan i en \u00e5rrekke, noe som kom som svar p\u00e5 terrorangrepet mot USA 11. september 2001.<\/p>\n<p>Nato har ogs\u00e5 bist\u00e5tt USA i Libya og i kampene mot terrorgruppen IS i Syria og Irak.<\/p>\n","protected":false},"excerpt":{"rendered":"USAs president Donald Trump er fortsatt misforn\u00f8yd med at han ikke ble tildelt Nobels fredspris. \u2013 Nato-medlem Norge&hellip;\n","protected":false},"author":2,"featured_media":131479,"comment_status":"","ping_status":"","sticky":false,"template":"","format":"standard","meta":{"footnotes":""},"categories":[5],"tags":[20,21,24,25,15,19,22,23,17,18,13,30,28,29,14,16,26,27],"class_list":{"0":"post-131478","1":"post","2":"type-post","3":"status-publish","4":"format-standard","5":"has-post-thumbnail","7":"category-overskrifter","8":"tag-breaking-news","9":"tag-breakingnews","10":"tag-featured-news","11":"tag-featurednews","12":"tag-headlines","13":"tag-hovedoppslag","14":"tag-latest-news","15":"tag-latestnews","16":"tag-main-news","17":"tag-mainnews","18":"tag-news","19":"tag-no","20":"tag-norge","21":"tag-norway","22":"tag-nyheter","23":"tag-overskrifter","24":"tag-top-stories","25":"tag-topstories"},"share_on_mastodon":{"url":"https:\/\/pubeurope.com\/@no\/115855613296835929","error":""},"_links":{"self":[{"href":"https:\/\/www.europesays.com\/no\/wp-json\/wp\/v2\/posts\/131478","targetHints":{"allow":["GET"]}}],"collection":[{"href":"https:\/\/www.europesays.com\/no\/wp-json\/wp\/v2\/posts"}],"about":[{"href":"https:\/\/www.europesays.com\/no\/wp-json\/wp\/v2\/types\/post"}],"author":[{"embeddable":true,"href":"https:\/\/www.europesays.com\/no\/wp-json\/wp\/v2\/users\/2"}],"replies":[{"embeddable":true,"href":"https:\/\/www.europesays.com\/no\/wp-json\/wp\/v2\/comments?post=131478"}],"version-history":[{"count":0,"href":"https:\/\/www.europesays.com\/no\/wp-json\/wp\/v2\/posts\/131478\/revisions"}],"wp:featuredmedia":[{"embeddable":true,"href":"https:\/\/www.europesays.com\/no\/wp-json\/wp\/v2\/media\/131479"}],"wp:attachment":[{"href":"https:\/\/www.europesays.com\/no\/wp-json\/wp\/v2\/media?parent=131478"}],"wp:term":[{"taxonomy":"category","embeddable":true,"href":"https:\/\/www.europesays.com\/no\/wp-json\/wp\/v2\/categories?post=131478"},{"taxonomy":"post_tag","embeddable":true,"href":"https:\/\/www.europesays.com\/no\/wp-json\/wp\/v2\/tags?post=131478"}],"curies":[{"name":"wp","href":"https:\/\/api.w.org\/{rel}","templated":true}]}}