{"id":131480,"date":"2026-01-07T20:05:14","date_gmt":"2026-01-07T20:05:14","guid":{"rendered":"https:\/\/www.europesays.com\/no\/131480\/"},"modified":"2026-01-07T20:05:14","modified_gmt":"2026-01-07T20:05:14","slug":"frank-loke-og-helen-oterhals-feiret-nyttar-sammen-i-las-vegas","status":"publish","type":"post","link":"https:\/\/www.europesays.com\/no\/131480\/","title":{"rendered":"Frank L\u00f8ke og Hel\u00e9n Oterhals feiret nytt\u00e5r sammen i Las Vegas"},"content":{"rendered":"<p class=\"kicker \" style=\"\">Frank L\u00f8ke og Hel\u00e9n Oterhals:<\/p>\n<p>  En evig av-og-p\u00e5-dans s\u00e5 ut til \u00e5 blomstre opp p\u00e5 nytt. N\u00e5 forklarer Frank L\u00f8ke forvirringen.<\/p>\n<p>\n    EKSER: Frank L\u00f8ke og Hel\u00e9n Oterhals feiret nytt\u00e5r sammen. Foto: Privat\n  <\/p>\n<p class=\"no_italic m-no_italic\" data-lab-italic=\"\">Av og p\u00e5, av og p\u00e5, av. Det har omtrent v\u00e6rt gangen i forholdet mellom Frank L\u00f8ke (45) og Hel\u00e9n Oterhals (29).<\/p>\n<p class=\"no_italic m-no_italic\" data-lab-italic=\"\">Duoen har nemlig hatt flere brudd siden de f\u00f8rst r\u00f8pet at de var kj\u00e6rester tilbake i 2022.<\/p>\n<p>    <a itemprop=\"url\" href=\"https:\/\/www.seher.no\/kjendis\/nrk-profilene-deler-gladnyhet\/84067156\" rel=\"nofollow noopener\" target=\"_blank\"><\/p>\n<p>        <img loading=\"lazy\" decoding=\"async\" src=\"https:\/\/www.europesays.com\/no\/wp-content\/uploads\/2026\/01\/84067085.webp.webp\" width=\"147\" height=\"98\" title=\"NRK-profilene deler gladnyhet\" alt=\"\" class=\"lazyload\" style=\"--aspect-ratio-image: 1.50; \"\/><\/p>\n<p>        NRK-profilene deler gladnyhet<\/p>\n<p>    <\/a><\/p>\n<p class=\"no_italic m-no_italic\" data-lab-italic=\"\">I august 2025 kunne de avsl\u00f8re nok et brudd.\u00a0<\/p>\n<p class=\"no_italic m-no_italic\" data-lab-italic=\"\">Det virket da som at duoen hadde g\u00e5tt hver til sitt en gang for alle, men da de plutselig dukket opp i hverandres sosiale medier igjen begynte spekulasjonene om det var dags for nok en gjenforening.<\/p>\n<p class=\"no_italic m-no_italic\" data-lab-italic=\"\">Men den gang ei.<\/p>\n<p>        ROMANSERYKTER: Sondre Sundby har endelig f\u00e5tt seg kj\u00e6reste, men r\u00f8per at dama kan bli sjalu p\u00e5 forholdet hans til \u00abFarmen kjendis\u00bb-kollegaen. Reporter: Thea Hope\/Nora Skavhaug. Video: Sanne Holt\/ TV 2\/ R\u00f8d L\u00f8per<\/p>\n<p>&#8211; Vi begge er g\u00e6rne\t<\/p>\n<p>&#8211; Jeg stakk en tur til Vegas med eksen, ler L\u00f8ke n\u00e5r Se og H\u00f8r sp\u00f8r ham hvordan han har tilbrakt ferien.<\/p>\n<p>&#8211; Vi er bare venner, vi, s\u00e5 det er ikke noe\u00a0\u00abtilbake sammen igjen\u00bb. Det sies jo at man ikke skal henge med eksen, men vi kan gj\u00f8re koselige ting sammen uten at det er noe mer enn det, legger han til.\u00a0<\/p>\n<p>        <img loading=\"lazy\" decoding=\"async\" src=\"https:\/\/www.europesays.com\/no\/wp-content\/uploads\/2026\/01\/84067426.webp.webp\" width=\"686\" height=\"1023\" title=\"DUKKET OPP SAMMEN: Hel\u00e9n Oterhals og Frank L\u00f8ke p\u00e5 Reality Awards i 2024. Foto: Andreas Fadum \/ Se og H\u00f8r\" alt=\"\" class=\"\" style=\"--aspect-ratio-image: 0.67; \"\/><\/p>\n<p>\n        DUKKET OPP SAMMEN: Hel\u00e9n Oterhals og Frank L\u00f8ke p\u00e5 Reality Awards i 2024. Foto: Andreas Fadum \/ Se og H\u00f8r\n    <\/p>\n<p>45-\u00e5ringen beskriver relasjonen deres som gode venner, og at de begge er inneforst\u00e5tt med at det ikke blir dem.\u00a0\u00a0<\/p>\n<p class=\"font-weight-bold m-font-weight-bold\" data-lab-font_weight=\"font-weight-bold\">&#8211; Vi har pr\u00f8vd ganske mange ganger, jeg vet ikke engang hvor mange, men vi har sluttet \u00e5 pr\u00f8ve. Det har egentlig ikke v\u00e6rt slutt og av-og-p\u00e5 hele tida, men vi pr\u00f8vde lenge f\u00f8r vi fant ut at vi er bedre som venner.\u00a0<\/p>\n<p>        INTIME SP\u00d8RSM\u00c5L: Reporterne i \u00abA-laget\u00bb overrasker programleder Leo Ajkic med sp\u00f8rsm\u00e5l om b\u00e5de hans egen, og kj\u00e6restens, bakdel. Video: \u00abA-laget\u00bb\/ NRK TV\/ Sanne Holt\/ R\u00f8d L\u00f8per<\/p>\n<p>&#8211; Vi kan ha det hyggelig sammen, og Hel\u00e9n er en kjempekul dame som jeg kan gj\u00f8re morsomme ting med. Hun er et ja-menneske, og vi begge er jo litt g\u00e6rne, s\u00e5 vi har det mye g\u00f8y. S\u00e5nn sett passer vi jo ganske bra sammen p\u00e5 det omr\u00e5det.<\/p>\n<p>    <a itemprop=\"url\" href=\"https:\/\/www.seher.no\/kjendis\/deler-gladnyhet\/84058414\" rel=\"nofollow noopener\" target=\"_blank\"><\/p>\n<p>        <img loading=\"lazy\" decoding=\"async\" src=\"https:\/\/www.europesays.com\/no\/wp-content\/uploads\/2026\/01\/84058448.webp.webp\" width=\"980\" height=\"441\" title=\"Deler gladnyhet\" alt=\"\" class=\"lazyload\" style=\"--aspect-ratio-image: 2.22; \"\/><\/p>\n<p>        Deler gladnyhet<\/p>\n<p>    <\/a><\/p>\n<p>L\u00f8ke utelukker ikke at eksparet kommer til \u00e5 finne p\u00e5 mer sprell fremover. Utover det er han ikke p\u00e5 utkikk etter nytt fast f\u00f8lge.<\/p>\n<p>&#8211; Jeg har noen prosjekter her og der, skal reise en del og det ene og det andre, s\u00e5 n\u00e5 vil jeg egentlig ha det litt rolig. Jeg har ikke noe behov for dame n\u00e5, s\u00e5 jeg stresser ikke noe med det. Jeg kan v\u00e6re singel n\u00e5.<\/p>\n<p>        KREVENDE INNSPILLING: David Eriksen \u00e5pner seg om hvordan det var \u00e5 spille inn \u00abAlle elsker David\u00bb samtidig som Tone Damlis s\u00f8ster gikk bort. Reporter: Nora Skavhaug. Video: Sanne Holt\/ R\u00f8d L\u00f8per\/ TV 2<\/p>\n<p>&#8211; Blir beint\u00f8ft\t<\/p>\n<p>\u00c5 v\u00e6re singel var ogs\u00e5 planen til L\u00f8ke i begynnelsen av 2025. Den tidligere h\u00e5ndballspilleren gikk da knallhardt ut med nytt\u00e5rsforsettene sine, og hadde blant annet planer om \u00e5 holde seg unna brus, alkohol, sex og damer.\u00a0<\/p>\n<p>I \u00e5r er han hakket mer moderat.<\/p>\n<p>    <a itemprop=\"url\" href=\"https:\/\/www.seher.no\/kjendis\/deler-ny-oppdatering\/84065907\" rel=\"nofollow noopener\" target=\"_blank\"><\/p>\n<p>        <img loading=\"lazy\" decoding=\"async\" src=\"https:\/\/www.europesays.com\/no\/wp-content\/uploads\/2026\/01\/84065887.webp.webp\" width=\"980\" height=\"441\" title=\"Deler ny oppdatering\" alt=\"\" class=\"lazyload\" style=\"--aspect-ratio-image: 2.22; \"\/><\/p>\n<p>        Deler ny oppdatering <\/p>\n<p>    <\/a><\/p>\n<p>&#8211; Jo n\u00e6rmere jeg er d\u00f8den, jo mer f\u00f8ler jeg at jeg lever, jeg skal tr\u00f8kke foten enda mer p\u00e5 gasspedalen. Det er m\u00e5let mitt. Det er ikke noe spesifikt, jeg skal bare ha det j\u00e6vlig g\u00f8y i 2026. Det blir risiko og det blir beint\u00f8ft, men det er s\u00e5nn jeg liker det.\u00a0<\/p>\n<p>        <img loading=\"lazy\" decoding=\"async\" src=\"https:\/\/www.europesays.com\/no\/wp-content\/uploads\/2026\/01\/84067523.webp.webp\" width=\"686\" height=\"460\" title=\"TV-AKTUELL: Frank L\u00f8ke dukker opp som en av deltakerne i \u00abHelvetesuka\u00bb p\u00e5 Viaplay. Programmet kommer v\u00e5ren 2026. Foto: Kristian Ridder-Nielsen\/Dagbladet\" alt=\"\" class=\"\" style=\"--aspect-ratio-image: 1.49; \"\/><\/p>\n<p>\n        TV-AKTUELL: Frank L\u00f8ke dukker opp som en av deltakerne i \u00abHelvetesuka\u00bb p\u00e5 Viaplay. Programmet kommer v\u00e5ren 2026. Foto: Kristian Ridder-Nielsen\/Dagbladet\n    <\/p>\n<p>&#8211; Jeg tenker at det som skjer, det skjer. Hvis jeg m\u00f8ter en dame og vi finner ut av ting s\u00e5 er det greit, men jeg kommer ikke til \u00e5 jakte, understreker han.<\/p>\n<p>Akkurat sistnevnte er det imidlertid ikke alle som har tro p\u00e5 at han klarer.<\/p>\n<p>        OVERRASKER: Da \u00abA-laget\u00bb stiller Linn Sk\u00e5ber et uventet skilpadde-sp\u00f8rsm\u00e5l, begynner t\u00e5rene \u00e5 trille hos skuespillerlegenden. Video: \u00abA-laget\u00bb\/ NRK\/ R\u00f8d L\u00f8per<\/p>\n<p>&#8211; Jeg hadde jo nytt\u00e5rsforsett i fjor ogs\u00e5, og de r\u00f8k jo s\u00e5 det sang &#8211; s\u00e5 kanskje alt jeg sier n\u00e5 er piss og s\u00e5 er jeg tilbake om to uker igjen. Jeg har noen d\u00e5rlige venner som sp\u00e5r det, ler L\u00f8ke.<\/p>\n","protected":false},"excerpt":{"rendered":"Frank L\u00f8ke og Hel\u00e9n Oterhals: En evig av-og-p\u00e5-dans s\u00e5 ut til \u00e5 blomstre opp p\u00e5 nytt. N\u00e5 forklarer&hellip;\n","protected":false},"author":2,"featured_media":131481,"comment_status":"","ping_status":"","sticky":false,"template":"","format":"standard","meta":{"footnotes":""},"categories":[59],"tags":[1561,7394,479,2543,30,28,29,83,82],"class_list":{"0":"post-131480","1":"post","2":"type-post","3":"status-publish","4":"format-standard","5":"has-post-thumbnail","7":"category-sport","8":"tag-frank-loke","9":"tag-helen-oterhals","10":"tag-kjendis","11":"tag-kjendisdesken","12":"tag-no","13":"tag-norge","14":"tag-norway","15":"tag-sport","16":"tag-sports"},"share_on_mastodon":{"url":"https:\/\/pubeurope.com\/@no\/115855617151305588","error":""},"_links":{"self":[{"href":"https:\/\/www.europesays.com\/no\/wp-json\/wp\/v2\/posts\/131480","targetHints":{"allow":["GET"]}}],"collection":[{"href":"https:\/\/www.europesays.com\/no\/wp-json\/wp\/v2\/posts"}],"about":[{"href":"https:\/\/www.europesays.com\/no\/wp-json\/wp\/v2\/types\/post"}],"author":[{"embeddable":true,"href":"https:\/\/www.europesays.com\/no\/wp-json\/wp\/v2\/users\/2"}],"replies":[{"embeddable":true,"href":"https:\/\/www.europesays.com\/no\/wp-json\/wp\/v2\/comments?post=131480"}],"version-history":[{"count":0,"href":"https:\/\/www.europesays.com\/no\/wp-json\/wp\/v2\/posts\/131480\/revisions"}],"wp:featuredmedia":[{"embeddable":true,"href":"https:\/\/www.europesays.com\/no\/wp-json\/wp\/v2\/media\/131481"}],"wp:attachment":[{"href":"https:\/\/www.europesays.com\/no\/wp-json\/wp\/v2\/media?parent=131480"}],"wp:term":[{"taxonomy":"category","embeddable":true,"href":"https:\/\/www.europesays.com\/no\/wp-json\/wp\/v2\/categories?post=131480"},{"taxonomy":"post_tag","embeddable":true,"href":"https:\/\/www.europesays.com\/no\/wp-json\/wp\/v2\/tags?post=131480"}],"curies":[{"name":"wp","href":"https:\/\/api.w.org\/{rel}","templated":true}]}}