{"id":131482,"date":"2026-01-07T20:10:11","date_gmt":"2026-01-07T20:10:11","guid":{"rendered":"https:\/\/www.europesays.com\/no\/131482\/"},"modified":"2026-01-07T20:10:11","modified_gmt":"2026-01-07T20:10:11","slug":"saerdeles-kritisk","status":"publish","type":"post","link":"https:\/\/www.europesays.com\/no\/131482\/","title":{"rendered":"&#8211; S\u00e6rdeles kritisk"},"content":{"rendered":"<p class=\"kicker \" style=\"\">Arctic Race of Norway<\/p>\n<p>  Etter \u00e5 ha fryktet \u00e5 m\u00e5tte avlyse, blir Arctic Race reddet. Neste \u00e5r er sykkelrittet avhengig av \u00e5 f\u00e5 tilbake st\u00f8tten fra statsbudsjettet.<\/p>\n<p>\n    BEKREFTET:: Arctic Race skal arrangeres i 2026. Bildet viser Nordkapplat\u00e5et f\u00f8r m\u00e5lgang av den 4. etappe av Arctic Race fra Kvalsund til Nordkapp i 2023. Foto: Fredrik Varfjell \/ NTB\n  <\/p>\n<p>I desember ble det kjent at at sykkelrittet Tour of Norway <a href=\"https:\/\/www.dagbladet.no\/sport\/en-trist-dag\/83958130\" rel=\"nofollow noopener\" target=\"_blank\">avlyses i 2026<\/a>. \u00c5rsaken var i hovedsak at rittet mistet ti millioner kroner i st\u00f8tte fra statsbudsjettet, som utgjorde halvparten av budsjettet. <\/p>\n<p> Arctic Race of Norway har ogs\u00e5 mistet st\u00f8tten sin, og daglig leder Tom H\u00f8gli har tidligere uttalt til <a href=\"https:\/\/www.dagbladet.no\/sport\/tragisk-for-norge\/83821809\" rel=\"nofollow noopener\" target=\"_blank\">Dagbladet<\/a> at de risikerer \u00e5 m\u00e5tte avlyse.<\/p>\n<p>Tirsdag ble \u00e5rets etapper offentliggjort, og H\u00f8gli bekrefter til Dagbladet at de skal klare \u00e5 arrangere sykkelrittet i \u00e5r.<\/p>\n<p>&#8211; Det \u00f8konomiske er fortsatt s\u00e6rdeles kritisk for oss, og vi er avhengige av \u00e5 komme tilbake til opprinnelig niv\u00e5 p\u00e5 statsbudsjettet. Likevel er det noen som \u00f8nsker \u00e5 hjelpe oss i 2026 slik at vi kan arrangere med full styrke, forteller han til Dagbladet. <\/p>\n<p>        <img loading=\"lazy\" decoding=\"async\" src=\"https:\/\/www.europesays.com\/no\/wp-content\/uploads\/2026\/01\/84066861.webp.webp\" width=\"980\" height=\"559\" title=\"KLAR BESKJED: Tom H\u00f8gli, tidligere landslagsspiller i fotball og n\u00e5v\u00e6rende daglig leder i Arctic Race of Norway, h\u00e5per regjeringen snur. Foto: Vegard Wivestad Gr\u00f8tt \/ NTB\" alt=\"\" class=\"\" style=\"--aspect-ratio-image: 1.75; \"\/><\/p>\n<p>\n        KLAR BESKJED: Tom H\u00f8gli, tidligere landslagsspiller i fotball og n\u00e5v\u00e6rende daglig leder i Arctic Race of Norway, h\u00e5per regjeringen snur. Foto: Vegard Wivestad Gr\u00f8tt \/ NTB\n    <\/p>\n<p>&#8211; Helt avhengige av det\t<\/p>\n<p>H\u00f8gmo sier videre:<\/p>\n<p>&#8211; Fra 2027 er vi helt avhengige av \u00e5 komme tilbake til opprinnelig niv\u00e5. Vi m\u00e5 bare jobbe for \u00e5 komme inn igjen og synliggj\u00f8re effektene av arrangementet enda bedre. Vi m\u00e5 klare det. <\/p>\n<p>\u00c5rets ritt som blir den 13. utgaven starter i Elvenes\u00a0i S\u00f8r-Varanger kommune i Finnmark og avsluttes i Narvik i Nordland.<\/p>\n<p>&#8211; \u00c5rets rute spennende og dekker et stort omr\u00e5de. Vi skal bes\u00f8ke alle de fem kommunene i Vester\u00e5len, med m\u00e5lgang p\u00e5 siste etappe i VM-byen Narvik. Evenes kommune skal ogs\u00e5 for f\u00f8rste gang v\u00e6re vertskap for starten. Totalt skal vi innom ti kommuner i \u00e5r, og det er veldig bra, sier H\u00f8gli.<\/p>\n<p>        <img loading=\"lazy\" decoding=\"async\" src=\"https:\/\/www.europesays.com\/no\/wp-content\/uploads\/2026\/01\/84066899.webp.webp\" width=\"980\" height=\"559\" title=\"ARCTIC RACE: Dag Otto Lauritzen og Thor Hushovd under fjerde og siste Arctic Race-etappe i 2025. Foto: Rune Stoltz Bertinussen \/ NTB\" alt=\"\" class=\"\" style=\"--aspect-ratio-image: 1.75; \"\/><\/p>\n<p>\n        ARCTIC RACE: Dag Otto Lauritzen og Thor Hushovd under fjerde og siste Arctic Race-etappe i 2025. Foto: Rune Stoltz Bertinussen \/ NTB\n    <\/p>\n<p> TV2-profilen Dag Otto Lauritzen sier han gleder seg til sykkelrittet. <\/p>\n<p>&#8211; Jeg er glad for \u00e5 f\u00e5 v\u00e6re en del av dette eventyret. Det er alltid godt \u00e5 komme tilbake til Nord-Norge og den varme atmosf\u00e6ren her. Jeg har v\u00e6rt p\u00e5 sykkelritt over hele verden, men har aldri opplevd noe som kan sammenlignes med\u00a0Arctic\u00a0Race\u00a0of Norway, sier han i en pressemelding.<\/p>\n<p>&#8211; Vil v\u00e6re pinlig\t<\/p>\n<p>I desember sa sykkelkommentatorene Mads Kaggestad og Christian Paasche til <a href=\"https:\/\/www.dagbladet.no\/sport\/en-trist-dag\/83958130\" rel=\"nofollow noopener\" target=\"_blank\">Dagbladet <\/a>at det hadde v\u00e6rt en stor nedtur om rittet ble avlyst.<\/p>\n<p class=\"font-weight-bold m-font-weight-bold\" data-lab-font_weight=\"font-weight-bold\">&#8211; Det vil v\u00e6re pinlig. Jeg tror det vil bli rabalder oppe i nord om det skjer, fordi dette sitter s\u00e5 dypt for befolkningen i Nord-Norge. Rittet har en enorm utstrekning, b\u00e5de for TV og publikum, fortalte Kaggestad.<\/p>\n<p>&#8211; De har jo virkelig f\u00e5tt det til \u00e5 svinge der oppe, og det er jo veldig trist hvis det skulle skje, mente Paasche.<\/p>\n<p>    Arctic Race-etapper:<\/p>\n<p>Torsdag 13. august &#8211; Etappe 1: Evenes &#8211; Myre, 181,7 km<\/p>\n<p>Fredag 14. august &#8211; Etappe 2: B\u00f8 i Vester\u00e5len &#8211; Andenes, 179,2 km<\/p>\n<p>L\u00f8rdag 15. august &#8211; Etappe 3: Stokmarknes &#8211; Storheia, 142,5 km<\/p>\n<p>S\u00f8ndag 16. august &#8211; Etappe 4: Sortland &#8211; Narvik, 190,8 km<\/p>\n<p>      Vis mer<br \/>\n      Vis mindre<\/p>\n<p>Sykkelpresident Heidi Stenbock-Haakestad, H\u00f8gli og Tour of Norway-leder Roy Hegreberg gikk kraftig ut da det ble kjent at regjeringen kuttet st\u00f8tten.<\/p>\n<p> &#8211; Det er forferdelig om st\u00f8tten forsvinner, og det vil f\u00e5 store konsekvenser for begge rittene. Jeg h\u00e5per at de snur og fortsetter \u00e5 gi st\u00f8tte. Det ville v\u00e6rt tragisk for Norge \u00e5 ikke ha sykkelrittene n\u00e5r vi har noen av verdens beste syklister, sa sykkelpresidenten til Dagbladet. <\/p>\n<p class=\"italic m-italic\" data-lab-italic=\"italic\"><a href=\"https:\/\/www.dagbladet.no\/sport\/tragisk-for-norge\/83821809\" rel=\"nofollow noopener\" target=\"_blank\">Her<\/a>\u00a0kan du lese all kritikken. Der kan du ogs\u00e5 se hva Anette Stegegjerdet Norberg (Ap), konstituert statssekret\u00e6r i Kultur- og likestillingsdepartementet, svarte. <\/p>\n","protected":false},"excerpt":{"rendered":"Arctic Race of Norway Etter \u00e5 ha fryktet \u00e5 m\u00e5tte avlyse, blir Arctic Race reddet. Neste \u00e5r er&hellip;\n","protected":false},"author":2,"featured_media":131483,"comment_status":"","ping_status":"","sticky":false,"template":"","format":"standard","meta":{"footnotes":""},"categories":[10],"tags":[358,20,21,24,25,15,22,23,13,30,28,29,14,16,83,1147,26,27],"class_list":{"0":"post-131482","1":"post","2":"type-post","3":"status-publish","4":"format-standard","5":"has-post-thumbnail","7":"category-norge","8":"tag-arctic-race-of-norway","9":"tag-breaking-news","10":"tag-breakingnews","11":"tag-featured-news","12":"tag-featurednews","13":"tag-headlines","14":"tag-latest-news","15":"tag-latestnews","16":"tag-news","17":"tag-no","18":"tag-norge","19":"tag-norway","20":"tag-nyheter","21":"tag-overskrifter","22":"tag-sport","23":"tag-sykling","24":"tag-top-stories","25":"tag-topstories"},"share_on_mastodon":{"url":"https:\/\/pubeurope.com\/@no\/115855636927636070","error":""},"_links":{"self":[{"href":"https:\/\/www.europesays.com\/no\/wp-json\/wp\/v2\/posts\/131482","targetHints":{"allow":["GET"]}}],"collection":[{"href":"https:\/\/www.europesays.com\/no\/wp-json\/wp\/v2\/posts"}],"about":[{"href":"https:\/\/www.europesays.com\/no\/wp-json\/wp\/v2\/types\/post"}],"author":[{"embeddable":true,"href":"https:\/\/www.europesays.com\/no\/wp-json\/wp\/v2\/users\/2"}],"replies":[{"embeddable":true,"href":"https:\/\/www.europesays.com\/no\/wp-json\/wp\/v2\/comments?post=131482"}],"version-history":[{"count":0,"href":"https:\/\/www.europesays.com\/no\/wp-json\/wp\/v2\/posts\/131482\/revisions"}],"wp:featuredmedia":[{"embeddable":true,"href":"https:\/\/www.europesays.com\/no\/wp-json\/wp\/v2\/media\/131483"}],"wp:attachment":[{"href":"https:\/\/www.europesays.com\/no\/wp-json\/wp\/v2\/media?parent=131482"}],"wp:term":[{"taxonomy":"category","embeddable":true,"href":"https:\/\/www.europesays.com\/no\/wp-json\/wp\/v2\/categories?post=131482"},{"taxonomy":"post_tag","embeddable":true,"href":"https:\/\/www.europesays.com\/no\/wp-json\/wp\/v2\/tags?post=131482"}],"curies":[{"name":"wp","href":"https:\/\/api.w.org\/{rel}","templated":true}]}}