{"id":131484,"date":"2026-01-07T20:11:18","date_gmt":"2026-01-07T20:11:18","guid":{"rendered":"https:\/\/www.europesays.com\/no\/131484\/"},"modified":"2026-01-07T20:11:18","modified_gmt":"2026-01-07T20:11:18","slug":"klimaforsker-tundraen-pa-svalbard-kollapser-2","status":"publish","type":"post","link":"https:\/\/www.europesays.com\/no\/131484\/","title":{"rendered":"Klimaforsker: Tundraen p\u00e5 Svalbard kollapser"},"content":{"rendered":"\n<p class=\"_lead_o9xde_2 _lead_xtcu6_50 layout-component text-serif-m layout-normal text-serif-l layout-component layout-wide layout-padded _wide_17hqh_1 layout-padded\">Endringene har skjedd sv\u00e6rt raskt og f\u00f8rer til store utfordringer for mennesker og dyr, sier forsker Ketil Isaksen.<\/p>\n<p><img alt=\"Permafrosten p\u00e5 Svalbard har gjort at r\u00f8r m\u00e5 legges over bakken i Longyearbyen. Den globale oppvarmingen gj\u00f8r at permafrosten n\u00e5 har begynt \u00e5 tine.  Foto: Tore Meek \/ NTB\" class=\"_image_qp4xg_65 layout-component layout-wide\" data-fullscreen- data-track-element-type=\"Article image fullscreen\" data-track-name=\"ImageFullscreen\" fetchpriority=\"high\" decoding=\"sync\" loading=\"eager\" height=\"3744\" itemprop=\"image\"  src=\"https:\/\/www.europesays.com\/no\/wp-content\/uploads\/2026\/01\/349ac5a4-669c-41e1-906d-3a878c4b6a5f.png\"  style=\"object-position:0% 0%\" width=\"5616\"\/>Permafrosten p\u00e5 Svalbard har gjort at r\u00f8r m\u00e5 legges over bakken i Longyearbyen. Den globale oppvarmingen gj\u00f8r at permafrosten n\u00e5 har begynt \u00e5 tine.  Foto: Tore Meek \/ NTB<\/p>\n<ul aria-hidden=\"true\" class=\"_images_ntbth_112\">\n<li><a class=\"_link_ntbth_117\" href=\"https:\/\/www.vg.no\/forfatter\/ntb\" style=\"z-index:1\" title=\"NTB\" rel=\"nofollow noopener\" target=\"_blank\"><img alt=\"Bilde av NTB\" class=\"_image_ntbth_93\" fetchpriority=\"low\" loading=\"lazy\" decoding=\"async\" itemprop=\"image\"  src=\"https:\/\/www.europesays.com\/no\/wp-content\/uploads\/2026\/01\/1767816678_42_c33980b0-5d07-4027-84a1-813f90a7c8d6.png\"  width=\"480\"\/><\/a><\/li>\n<\/ul>\n<p> Oppdatert onsdag 7. januar kl. 15:08    <\/p>\n<ul class=\"_list_o9xde_3 _list_64s2r_85 _unordered_o9xde_106 text-sans-m\">\n<li class=\"_item_o9xde_30\">Klimaforsker Ketil Isaksen advarer om dramatiske endringer p\u00e5 Svalbard p\u00e5 grunn av global oppvarming.<\/li>\n<li class=\"_item_o9xde_30\">Ekstremt varme somre i fjor og i 2024 har f\u00f8rt til at den stabile tundraen har kollapset flere steder.<\/li>\n<li class=\"_item_o9xde_30\">Endringene kan f\u00e5 store konsekvenser for b\u00e5de mennesker, dyr og planteliv, inkludert drikkevann, infrastruktur og dyrearter.<\/li>\n<\/ul>\n<p>Vis mer <\/p>\n<p class=\"_paragraph_o9xde_4 _paragraph_xtcu6_10 layout-component text-serif-m layout-normal text-serif-m layout-padded\">Klimaforsker Ketil Isaksen ved Meteorologisk institutt har fulgt utviklingen p\u00e5 <a href=\"https:\/\/www.vg.no\/tag\/svalbard?utm_source=vg-article&amp;utm_medium=auto-tagger&amp;utm_campaign=m0ROp0\" class=\"_link_o9xde_39\" rel=\"nofollow noopener\" target=\"_blank\">Svalbard<\/a> over mange \u00e5r. Synet som m\u00f8tte ham i fjor sommer, forskrekket ham.<\/p>\n<p class=\"_paragraph_o9xde_4 _paragraph_xtcu6_10 layout-component text-serif-m layout-normal text-serif-m layout-padded\">\u2013 Den jevne tundraoverflaten, den isrike permafrosten, hadde rett og slett kollapset mange steder. Det var som store skyttergraver, og endringene hadde skjedd i l\u00f8pet av en sommer. <\/p>\n<p class=\"_paragraph_o9xde_4 _paragraph_xtcu6_10 layout-component text-serif-m layout-normal text-serif-m layout-padded\">Det forteller Isaksen til NTB etter presentasjonen av klimastatus i regi av Klima- og milj\u00f8departementet onsdag.<\/p>\n<p class=\"_paragraph_o9xde_4 _paragraph_xtcu6_10 layout-component text-serif-m layout-normal text-serif-m layout-padded\">\u2013 Jeg har jevnlig v\u00e6rt p\u00e5 Svalbard og sett endringer over tid, men aldri s\u00e5 store endringer som i fjor sommer, sier han.<\/p>\n<p>Ekstremt varm sommer<\/p>\n<p class=\"_paragraph_o9xde_4 _paragraph_xtcu6_10 layout-component text-serif-m layout-normal text-serif-m layout-padded\">Han forklarer at endringene er resultat av den ekstremt varme sommeren p\u00e5 Svalbard i fjor og i 2024, men ogs\u00e5 som f\u00f8lge av oppvarmingen som har skjedd over flere ti\u00e5r.<\/p>\n<p class=\"_paragraph_o9xde_4 _paragraph_xtcu6_10 layout-component text-serif-m layout-normal text-serif-m layout-padded\">August i fjor ble den nest varmeste p\u00e5 Svalbard, og den fjerde varmeste sommeren, kun sl\u00e5tt av 2022, 2023 og 2024.<\/p>\n<p><img alt=\"Permafrosten p\u00e5 Svalbard tiner som f\u00f8lge av den globale oppvarmingen. At tundraen tiner, vil ogs\u00e5 f\u00f8re til setningsskader p\u00e5 veier, hus, bygninger, flypasser og kunne utl\u00f8se flere skred i skr\u00e5ninger, p\u00e5peker klimaforsker Ketil Isaksen. Bildet er tatt fra fjellet Sukkertoppen ned mot de karakteristiske spisshusene i Longyearbyen. De siste \u00e5rene har det g\u00e5tt flere ras fra Sukkertoppen.   Foto: Tore Meek \/ NTB\" class=\"_image_qp4xg_65 layout-component layout-normal\" data-fullscreen- data-track-element-type=\"Article image fullscreen\" data-track-name=\"ImageFullscreen\" decoding=\"async\" loading=\"lazy\" height=\"3237\" itemprop=\"image\"  src=\"https:\/\/www.europesays.com\/no\/wp-content\/uploads\/2026\/01\/6f62cd0f-7683-4db7-974d-60c99add6325.jpeg\"  style=\"object-position:0% 0%\" width=\"4856\"\/>Permafrosten p\u00e5 Svalbard tiner som f\u00f8lge av den globale oppvarmingen. At tundraen tiner, vil ogs\u00e5 f\u00f8re til setningsskader p\u00e5 veier, hus, bygninger, flypasser og kunne utl\u00f8se flere skred i skr\u00e5ninger, p\u00e5peker klimaforsker Ketil Isaksen. Bildet er tatt fra fjellet Sukkertoppen ned mot de karakteristiske spisshusene i Longyearbyen. De siste \u00e5rene har det g\u00e5tt flere ras fra Sukkertoppen.   Foto: Tore Meek \/ NTB<\/p>\n<p class=\"_paragraph_o9xde_4 _paragraph_xtcu6_10 layout-component text-serif-m layout-normal text-serif-m layout-padded\">Forskeren viser til at tundraen p\u00e5 Svalbard har v\u00e6rt stabil i tusener av \u00e5r og at det derfor er dramatisk med s\u00e5 store endringer p\u00e5 ett til to \u00e5r.<\/p>\n<p class=\"_paragraph_o9xde_4 _paragraph_xtcu6_10 layout-component text-serif-m layout-normal text-serif-m layout-padded\">\u2013 Permafrosten inneholder mye organisk karbon. N\u00e5r den tiner, brytes denne ned og frigj\u00f8r metan og karbondioksid, begge sv\u00e6rt potente klimagasser.<\/p>\n<p class=\"_paragraph_o9xde_4 _paragraph_xtcu6_10 layout-component text-serif-m layout-normal text-serif-m layout-padded\">\u2013 Dermed forsterkes oppvarmingen, og dette har vi ingen kontroll p\u00e5. Vi vet ikke hvor raskt det vil skje og hvilken effekt det f\u00e5r hvis store omr\u00e5der endrer seg samtidig, understreker han.<\/p>\n<p>Store konsekvenser<\/p>\n<p class=\"_paragraph_o9xde_4 _paragraph_xtcu6_10 layout-component text-serif-m layout-normal text-serif-m layout-padded\">Endringene vil ogs\u00e5 f\u00e5 store konsekvenser for b\u00e5de menneske- og dyre- og plantelivet.<\/p>\n<p class=\"_paragraph_o9xde_4 _paragraph_xtcu6_10 layout-component text-serif-m layout-normal text-serif-m layout-padded\">\u2013 De store forsenkningene vil fylles av vann. Det kan gi utfordringer for drikkevannet. At tundraen tiner, vil ogs\u00e5 f\u00f8re til setningsskader p\u00e5 veier, hus, bygninger, flypasser og kunne utl\u00f8se flere skred i skr\u00e5ninger.<\/p>\n<p class=\"_paragraph_o9xde_4 _paragraph_xtcu6_10 layout-component text-serif-m layout-normal text-serif-m layout-padded\">Dyrelivet vil bli p\u00e5virket negativt. Det vil gjelde b\u00e5de reinsdyr, polarrev, ryper og mange fuglearter og dessuten mus og andre gnagere. <\/p>\n<p class=\"_paragraph_o9xde_4 _paragraph_xtcu6_10 layout-component text-serif-m layout-normal text-serif-m layout-padded\"><strong class=\"_strong_o9xde_25\">Hvordan effekten, blir er det knyttet mye usikkerhet rundt.<\/strong><\/p>\n<p class=\"_paragraph_o9xde_4 _paragraph_xtcu6_10 layout-component text-serif-m layout-normal text-serif-m layout-padded\">\u2013 Fordi klimaendringene skjer s\u00e5 raskt, vil noen arter f\u00e5 problemer med \u00e5 tilpasse seg, mens andre vil klare det. Men at et s\u00e5 stabilt system endrer seg s\u00e5 raskt, f\u00e5r konsekvenser som vi enn\u00e5 ikke kjenner omfanget av, understreker Isaksen.<\/p>\n<p class=\"_paragraph_o9xde_4 _paragraph_xtcu6_10 layout-component text-serif-m layout-normal text-serif-m layout-padded\">Han er klar p\u00e5 at endringen skyldes den globale oppvarmingen som f\u00f8lge av menneskeskapte utslipp.<\/p>\n<p class=\"_paragraph_o9xde_4 _paragraph_xtcu6_10 layout-component text-serif-m layout-normal text-serif-m layout-padded\">Med kortere sn\u00f8sesong og permafrosten som tiner, vil vi alts\u00e5 f\u00e5 ytterligere oppvarming. Oppvarmingen i nord g\u00e5r som kjent raskere enn noen annet sted i verden, og konsekvensene er dramatiske, fastsl\u00e5r han.<\/p>\n","protected":false},"excerpt":{"rendered":"Endringene har skjedd sv\u00e6rt raskt og f\u00f8rer til store utfordringer for mennesker og dyr, sier forsker Ketil Isaksen.&hellip;\n","protected":false},"author":2,"featured_media":131485,"comment_status":"","ping_status":"","sticky":false,"template":"","format":"standard","meta":{"footnotes":""},"categories":[5],"tags":[20,21,24,25,15,19,4828,22,23,17,18,13,30,28,29,14,16,1644,26,27],"class_list":{"0":"post-131484","1":"post","2":"type-post","3":"status-publish","4":"format-standard","5":"has-post-thumbnail","7":"category-overskrifter","8":"tag-breaking-news","9":"tag-breakingnews","10":"tag-featured-news","11":"tag-featurednews","12":"tag-headlines","13":"tag-hovedoppslag","14":"tag-klima-og-miljo","15":"tag-latest-news","16":"tag-latestnews","17":"tag-main-news","18":"tag-mainnews","19":"tag-news","20":"tag-no","21":"tag-norge","22":"tag-norway","23":"tag-nyheter","24":"tag-overskrifter","25":"tag-svalbard","26":"tag-top-stories","27":"tag-topstories"},"share_on_mastodon":{"url":"https:\/\/pubeurope.com\/@no\/115855640779438413","error":""},"_links":{"self":[{"href":"https:\/\/www.europesays.com\/no\/wp-json\/wp\/v2\/posts\/131484","targetHints":{"allow":["GET"]}}],"collection":[{"href":"https:\/\/www.europesays.com\/no\/wp-json\/wp\/v2\/posts"}],"about":[{"href":"https:\/\/www.europesays.com\/no\/wp-json\/wp\/v2\/types\/post"}],"author":[{"embeddable":true,"href":"https:\/\/www.europesays.com\/no\/wp-json\/wp\/v2\/users\/2"}],"replies":[{"embeddable":true,"href":"https:\/\/www.europesays.com\/no\/wp-json\/wp\/v2\/comments?post=131484"}],"version-history":[{"count":0,"href":"https:\/\/www.europesays.com\/no\/wp-json\/wp\/v2\/posts\/131484\/revisions"}],"wp:featuredmedia":[{"embeddable":true,"href":"https:\/\/www.europesays.com\/no\/wp-json\/wp\/v2\/media\/131485"}],"wp:attachment":[{"href":"https:\/\/www.europesays.com\/no\/wp-json\/wp\/v2\/media?parent=131484"}],"wp:term":[{"taxonomy":"category","embeddable":true,"href":"https:\/\/www.europesays.com\/no\/wp-json\/wp\/v2\/categories?post=131484"},{"taxonomy":"post_tag","embeddable":true,"href":"https:\/\/www.europesays.com\/no\/wp-json\/wp\/v2\/tags?post=131484"}],"curies":[{"name":"wp","href":"https:\/\/api.w.org\/{rel}","templated":true}]}}