{"id":131486,"date":"2026-01-07T20:12:12","date_gmt":"2026-01-07T20:12:12","guid":{"rendered":"https:\/\/www.europesays.com\/no\/131486\/"},"modified":"2026-01-07T20:12:12","modified_gmt":"2026-01-07T20:12:12","slug":"tottenham-legende-martin-chivers-er-dod","status":"publish","type":"post","link":"https:\/\/www.europesays.com\/no\/131486\/","title":{"rendered":"Tottenham-legende Martin Chivers er d\u00f8d"},"content":{"rendered":"\n<p class=\"_lead_o9xde_2 _lead_xtcu6_50 layout-component text-serif-m layout-normal text-serif-l layout-component layout-wide layout-padded _wide_17hqh_1 layout-padded\">Martin Chivers, som i en \u00e5rrekke var en stor m\u00e5lscorer i Tottenham, er d\u00f8d 80 \u00e5r gammel.<\/p>\n<p><img alt=\"Tottenham-legenden Martin Chivers er d\u00f8d. Her er han avbildet under en kamp i april i fjor.  Foto: Dave Shopland \/ AP \/ NTB\" class=\"_image_qp4xg_65 layout-component layout-wide\" data-fullscreen- data-track-element-type=\"Article image fullscreen\" data-track-name=\"ImageFullscreen\" fetchpriority=\"high\" decoding=\"sync\" loading=\"eager\" height=\"4462\" itemprop=\"image\"  src=\"https:\/\/www.europesays.com\/no\/wp-content\/uploads\/2026\/01\/fd6d0291-77fd-4d9c-ad72-e0d90fad729d.jpeg\"  style=\"object-position:0% 0%\" width=\"6693\"\/>Tottenham-legenden Martin Chivers er d\u00f8d. Her er han avbildet under en kamp i april i fjor.  Foto: Dave Shopland \/ AP \/ NTB<\/p>\n<ul aria-hidden=\"true\" class=\"_images_ntbth_112\">\n<li><a class=\"_link_ntbth_117\" href=\"https:\/\/www.vg.no\/forfatter\/ntb\" style=\"z-index:1\" title=\"NTB\" rel=\"nofollow noopener\" target=\"_blank\"><img alt=\"Bilde av NTB\" class=\"_image_ntbth_93\" fetchpriority=\"low\" loading=\"lazy\" decoding=\"async\" itemprop=\"image\"  src=\"https:\/\/www.europesays.com\/no\/wp-content\/uploads\/2026\/01\/1767816732_714_c33980b0-5d07-4027-84a1-813f90a7c8d6.png\"  width=\"480\"\/><\/a><\/li>\n<\/ul>\n<p> Oppdatert onsdag 7. januar kl. 18:41     <\/p>\n<p class=\"_paragraph_o9xde_4 _paragraph_xtcu6_10 layout-component text-serif-m layout-normal text-serif-m layout-padded\"> Tottenham opplyser om klubblegendens bortgang i en <a href=\"https:\/\/x.com\/SpursOfficial\/status\/2008946898665689411\" class=\"_link_o9xde_39\" rel=\"nofollow\">melding p\u00e5 X<\/a> onsdag.<\/p>\n<p class=\"_paragraph_o9xde_4 _paragraph_xtcu6_10 layout-component text-serif-m layout-normal text-serif-m layout-padded\">\u00abDet er med stor sorg at vi kunngj\u00f8r bortgangen til v\u00e5r legendariske spiss\u00bb, heter det i uttalelsen.<\/p>\n<p class=\"_paragraph_o9xde_4 _paragraph_xtcu6_10 layout-component text-serif-m layout-normal text-serif-m layout-padded\">Tottenham vil b\u00e6re svarte s\u00f8rgeb\u00e5nd i onsdagens Premier League-kamp mot Bournemouth.<\/p>\n<p class=\"_paragraph_o9xde_4 _paragraph_xtcu6_10 layout-component text-serif-m layout-normal text-serif-m layout-padded\">Chivers spilte langt over 300 kamper for Tottenham og scoret 174 m\u00e5l. Med ham som spiss gikk klubben til topps i Uefa-cupen (1972) og ligacupen (1973).<\/p>\n<p class=\"_paragraph_o9xde_4 _paragraph_xtcu6_10 layout-component text-serif-m layout-normal text-serif-m layout-padded\">Han fikk ogs\u00e5 24 kamper for Englands landslag.<\/p>\n","protected":false},"excerpt":{"rendered":"Martin Chivers, som i en \u00e5rrekke var en stor m\u00e5lscorer i Tottenham, er d\u00f8d 80 \u00e5r gammel. Tottenham-legenden&hellip;\n","protected":false},"author":2,"featured_media":131487,"comment_status":"","ping_status":"","sticky":false,"template":"","format":"standard","meta":{"footnotes":""},"categories":[59],"tags":[92,30,28,29,161,83,82,1638],"class_list":{"0":"post-131486","1":"post","2":"type-post","3":"status-publish","4":"format-standard","5":"has-post-thumbnail","7":"category-sport","8":"tag-fotball","9":"tag-no","10":"tag-norge","11":"tag-norway","12":"tag-premier-league","13":"tag-sport","14":"tag-sports","15":"tag-tottenham-hotspur-fc"},"share_on_mastodon":{"url":"https:\/\/pubeurope.com\/@no\/115855644639281343","error":""},"_links":{"self":[{"href":"https:\/\/www.europesays.com\/no\/wp-json\/wp\/v2\/posts\/131486","targetHints":{"allow":["GET"]}}],"collection":[{"href":"https:\/\/www.europesays.com\/no\/wp-json\/wp\/v2\/posts"}],"about":[{"href":"https:\/\/www.europesays.com\/no\/wp-json\/wp\/v2\/types\/post"}],"author":[{"embeddable":true,"href":"https:\/\/www.europesays.com\/no\/wp-json\/wp\/v2\/users\/2"}],"replies":[{"embeddable":true,"href":"https:\/\/www.europesays.com\/no\/wp-json\/wp\/v2\/comments?post=131486"}],"version-history":[{"count":0,"href":"https:\/\/www.europesays.com\/no\/wp-json\/wp\/v2\/posts\/131486\/revisions"}],"wp:featuredmedia":[{"embeddable":true,"href":"https:\/\/www.europesays.com\/no\/wp-json\/wp\/v2\/media\/131487"}],"wp:attachment":[{"href":"https:\/\/www.europesays.com\/no\/wp-json\/wp\/v2\/media?parent=131486"}],"wp:term":[{"taxonomy":"category","embeddable":true,"href":"https:\/\/www.europesays.com\/no\/wp-json\/wp\/v2\/categories?post=131486"},{"taxonomy":"post_tag","embeddable":true,"href":"https:\/\/www.europesays.com\/no\/wp-json\/wp\/v2\/tags?post=131486"}],"curies":[{"name":"wp","href":"https:\/\/api.w.org\/{rel}","templated":true}]}}