{"id":131490,"date":"2026-01-07T20:19:19","date_gmt":"2026-01-07T20:19:19","guid":{"rendered":"https:\/\/www.europesays.com\/no\/131490\/"},"modified":"2026-01-07T20:19:19","modified_gmt":"2026-01-07T20:19:19","slug":"emil-iversen-langrenn-emil-iversen-star-over-nm-vil-forberede-seg-pa-mulig-ol-plass","status":"publish","type":"post","link":"https:\/\/www.europesays.com\/no\/131490\/","title":{"rendered":"Emil Iversen, Langrenn | Emil Iversen st\u00e5r over NM \u2013 vil forberede seg p\u00e5 mulig OL-plass"},"content":{"rendered":"\n<p>Han \u00f8nsker \u00e5 v\u00e6re best mulig forberedt om han f\u00e5r klarsignal til OL.<\/p>\n<p> Det opplyser Iversens trener Trond Nystad til <a href=\"https:\/\/www.adressa.no\/sport\/ol\/i\/Wvbnw2\/emil-iversen-dropper-nm\" rel=\"nofollow noopener\" target=\"_blank\">Adresseavisen<\/a> onsdag.<\/p>\n<p>Iversen har imponert s\u00e5 langt denne sesongen. Siden han gjorde comeback i verdenscupen tidlig i desember, har tr\u00f8nderen v\u00e6rt p\u00e5 pallen tre ganger og endt i topp fem i fem av ni renn. Han tok 5.-plassen sammenlagt i Tour de Ski.<\/p>\n<p>Han har lenge hatt sikte p\u00e5 en plass i OL-troppen, men per n\u00e5 er han ikke tatt ut. Trener Nystad opplyser til Adressa at Iversen dropper NM for \u00e5 forberede seg til et mulig OL. Han skal til h\u00f8yden for \u00e5 trene, opplyser Nystad.<\/p>\n<p>Dermed gj\u00f8r han unna forberedelsene som om han var tatt ut til OL.<\/p>\n<p>Iversen var ikke blant dem som tidligere i uken fikk klarsignal de olympiske lekene i Nord-Italia. TV 2-ekspert Petter Skinstad var blant flere som reagerte p\u00e5 det.<\/p>\n<p>\u2013 Jeg er skremt over valget som er tatt av landslagsledelsen, men jeg er dessverre ikke overrasket. Jeg stiller et stort sp\u00f8rsm\u00e5l ved vurderingsevnen til landslagsledelsen. Det framst\u00e5r \u00e5penbart at Emil Iversen og Julie Bjervig Drivenes har levert resultater som gj\u00f8r at de burde ha v\u00e6rt OL-klare, sa Skinstad til NTB.<\/p>\n<p>Iversen har v\u00e6rt klar p\u00e5 at landslagsledelsen burde kunne ta ut laget f\u00f8r planen, som er etter NM.<\/p>\n<p>\u2013 Vi har g\u00e5tt mange skirenn, og det er mange resultater \u00e5 se tilbake p\u00e5. Vi trenger ikke \u00e5 trekke lodd. Jeg mener at ledelsen b\u00f8r ha det de trenger for \u00e5 ta ut \u00e5tte mann, sa Iversen til NTB under Tour de Ski.<\/p>\n<p>Seks av \u00e5tte plasser er hittil fylt opp.<\/p>\n<p>(\u00a9NTB)<\/p>\n","protected":false},"excerpt":{"rendered":"Han \u00f8nsker \u00e5 v\u00e6re best mulig forberedt om han f\u00e5r klarsignal til OL. Det opplyser Iversens trener Trond&hellip;\n","protected":false},"author":2,"featured_media":131491,"comment_status":"","ping_status":"","sticky":false,"template":"","format":"standard","meta":{"footnotes":""},"categories":[59],"tags":[30,28,29,83,82],"class_list":{"0":"post-131490","1":"post","2":"type-post","3":"status-publish","4":"format-standard","5":"has-post-thumbnail","7":"category-sport","8":"tag-no","9":"tag-norge","10":"tag-norway","11":"tag-sport","12":"tag-sports"},"share_on_mastodon":{"url":"https:\/\/pubeurope.com\/@no\/115855672139774575","error":""},"_links":{"self":[{"href":"https:\/\/www.europesays.com\/no\/wp-json\/wp\/v2\/posts\/131490","targetHints":{"allow":["GET"]}}],"collection":[{"href":"https:\/\/www.europesays.com\/no\/wp-json\/wp\/v2\/posts"}],"about":[{"href":"https:\/\/www.europesays.com\/no\/wp-json\/wp\/v2\/types\/post"}],"author":[{"embeddable":true,"href":"https:\/\/www.europesays.com\/no\/wp-json\/wp\/v2\/users\/2"}],"replies":[{"embeddable":true,"href":"https:\/\/www.europesays.com\/no\/wp-json\/wp\/v2\/comments?post=131490"}],"version-history":[{"count":0,"href":"https:\/\/www.europesays.com\/no\/wp-json\/wp\/v2\/posts\/131490\/revisions"}],"wp:featuredmedia":[{"embeddable":true,"href":"https:\/\/www.europesays.com\/no\/wp-json\/wp\/v2\/media\/131491"}],"wp:attachment":[{"href":"https:\/\/www.europesays.com\/no\/wp-json\/wp\/v2\/media?parent=131490"}],"wp:term":[{"taxonomy":"category","embeddable":true,"href":"https:\/\/www.europesays.com\/no\/wp-json\/wp\/v2\/categories?post=131490"},{"taxonomy":"post_tag","embeddable":true,"href":"https:\/\/www.europesays.com\/no\/wp-json\/wp\/v2\/tags?post=131490"}],"curies":[{"name":"wp","href":"https:\/\/api.w.org\/{rel}","templated":true}]}}