{"id":131492,"date":"2026-01-07T20:24:25","date_gmt":"2026-01-07T20:24:25","guid":{"rendered":"https:\/\/www.europesays.com\/no\/131492\/"},"modified":"2026-01-07T20:24:25","modified_gmt":"2026-01-07T20:24:25","slug":"har-brukt-over-45-millionar-kroner-meir-pa-sjukepleiarar-fra-vikarbyra-sogn-avis","status":"publish","type":"post","link":"https:\/\/www.europesays.com\/no\/131492\/","title":{"rendered":"Har brukt over 4,5 millionar kroner meir p\u00e5 sjukepleiarar fr\u00e5 vikarbyr\u00e5 &#8211; Sogn Avis"},"content":{"rendered":"<ol>\n<li><a href=\"https:\/\/news.google.com\/rss\/articles\/CBMiqgFBVV95cUxOQmdoQ3JiSWhqd1JMcXUyU2JKYWZIZXZlOFo4OTNIa3NIS0VPdzFsd09nWkFwWW9yUlB0c2w0NnZNaXl0OG1uSlpFLXhIU0JmVmx1M1o2VHBDa19mU3h0MjhXXzZsWGtrYmxaNVY5UDROX3JSc2ZqZW9OSUFUNGdjcERtSlgwRWRpUWNLd01oZEU2ZWJMcFU2Uno0V3RxejlZOGlRbDROOExGdw?oc=5\" target=\"_blank\" rel=\"nofollow noopener\">Har brukt over 4,5 millionar kroner meir p\u00e5 sjukepleiarar fr\u00e5 vikarbyr\u00e5<\/a>&nbsp;&nbsp;Sogn Avis<\/li>\n<li><a href=\"https:\/\/news.google.com\/rss\/articles\/CBMijgFBVV95cUxPYi1BLV9YMlhla1ZHQm1sdFJrMW5KX0pBcG9veU41Z3AtMWRNSWZ5MHQ1MTB3UV91X2wtZnd2NDYtYy1qUklvNHpBLUtHTjBFVFUwM1hmYmFra1A2R2ZEalBnRGZ4T3FuVzY5MTVtLTlqVU1pYVI2S09WYmFwTUgwZlZ4azlqd3hNaElMTXlR?oc=5\" target=\"_blank\" rel=\"nofollow noopener\">Manglende politisk vilje: \u2013 Dette g\u00e5r ikke over, det har bare s\u00e5 vidt begynt<\/a>&nbsp;&nbsp;S\u00e1gat<\/li>\n<li><a href=\"https:\/\/news.google.com\/rss\/articles\/CBMinwFBVV95cUxQcEZkcUVTTmJFSU8xdmx1aTZaXzBoU0Z6NlFXTVdRNURLeHpGV0h4VjY0d29wclNOVVdSc3JiZVZESUJpaWxKcnM0MGJxdmtLRFFCQ2dzbGQ2ZHhVcnRRc2VEbjM3b0h0YmtqQ3E5a2xpS29wOExjcXpWT1V1RXV6UVdldXBDQU1ld1VrbGVpYkcwaExMcFdHSXhNWk5ZSnM?oc=5\" target=\"_blank\" rel=\"nofollow noopener\">2,7 milliarder til helsevikarer: Disse kommunene brukte mest<\/a>&nbsp;&nbsp;Fagbladet<\/li>\n<li><a href=\"https:\/\/news.google.com\/rss\/articles\/CBMiiAFBVV95cUxPR3MteFJLYzU1V2ZDaDRsVlZieUNMby1Ic1hzVlVMekszNkJQUjQ4NHEwVFZaeTFvSXp3dUVOTzVoS1RJTmM5dnpoZFF0UmZndmZyWUJyMWFiZVVRWEMxSjNHdTFoZ0tYY0xQcjlJOEQwdDFEdndkN25kdllQanYtX1BhRTBLMkkz?oc=5\" target=\"_blank\" rel=\"nofollow noopener\">(+) 9,1 millioner til l\u00e5nte sykepleiere p\u00e5 Ask\u00f8y<\/a>&nbsp;&nbsp;askoy24<\/li>\n<li><a href=\"https:\/\/news.google.com\/rss\/articles\/CBMiaEFVX3lxTE9rai1PeHlUakY1QzV2MXhwbXFTYV9VLUxidDhOaG4wcTdWZGdvSkZvU1h6ZXpTbGh1WHIyOGg0UVROTnM1SFZKZkFyaE82b3YwZ3pYOEVBYnh3MXJYTnl6MXQ3MDlVM3p5?oc=5\" target=\"_blank\" rel=\"nofollow noopener\">Se kommuneoversikt for Finnmark: Bruker millioner p\u00e5 vikarer<\/a>&nbsp;&nbsp;S\u00e1gat<\/li>\n<\/ol>\n","protected":false},"excerpt":{"rendered":"Har brukt over 4,5 millionar kroner meir p\u00e5 sjukepleiarar fr\u00e5 vikarbyr\u00e5&nbsp;&nbsp;Sogn Avis Manglende politisk vilje: \u2013 Dette g\u00e5r&hellip;\n","protected":false},"author":2,"featured_media":131493,"comment_status":"","ping_status":"","sticky":false,"template":"","format":"standard","meta":{"footnotes":""},"categories":[10],"tags":[20,21,24,25,15,22,23,13,30,28,29,14,16,26,27],"class_list":{"0":"post-131492","1":"post","2":"type-post","3":"status-publish","4":"format-standard","5":"has-post-thumbnail","7":"category-norge","8":"tag-breaking-news","9":"tag-breakingnews","10":"tag-featured-news","11":"tag-featurednews","12":"tag-headlines","13":"tag-latest-news","14":"tag-latestnews","15":"tag-news","16":"tag-no","17":"tag-norge","18":"tag-norway","19":"tag-nyheter","20":"tag-overskrifter","21":"tag-top-stories","22":"tag-topstories"},"share_on_mastodon":{"url":"https:\/\/pubeurope.com\/@no\/115855691766760185","error":""},"_links":{"self":[{"href":"https:\/\/www.europesays.com\/no\/wp-json\/wp\/v2\/posts\/131492","targetHints":{"allow":["GET"]}}],"collection":[{"href":"https:\/\/www.europesays.com\/no\/wp-json\/wp\/v2\/posts"}],"about":[{"href":"https:\/\/www.europesays.com\/no\/wp-json\/wp\/v2\/types\/post"}],"author":[{"embeddable":true,"href":"https:\/\/www.europesays.com\/no\/wp-json\/wp\/v2\/users\/2"}],"replies":[{"embeddable":true,"href":"https:\/\/www.europesays.com\/no\/wp-json\/wp\/v2\/comments?post=131492"}],"version-history":[{"count":0,"href":"https:\/\/www.europesays.com\/no\/wp-json\/wp\/v2\/posts\/131492\/revisions"}],"wp:featuredmedia":[{"embeddable":true,"href":"https:\/\/www.europesays.com\/no\/wp-json\/wp\/v2\/media\/131493"}],"wp:attachment":[{"href":"https:\/\/www.europesays.com\/no\/wp-json\/wp\/v2\/media?parent=131492"}],"wp:term":[{"taxonomy":"category","embeddable":true,"href":"https:\/\/www.europesays.com\/no\/wp-json\/wp\/v2\/categories?post=131492"},{"taxonomy":"post_tag","embeddable":true,"href":"https:\/\/www.europesays.com\/no\/wp-json\/wp\/v2\/tags?post=131492"}],"curies":[{"name":"wp","href":"https:\/\/api.w.org\/{rel}","templated":true}]}}