{"id":131494,"date":"2026-01-07T20:26:52","date_gmt":"2026-01-07T20:26:52","guid":{"rendered":"https:\/\/www.europesays.com\/no\/131494\/"},"modified":"2026-01-07T20:26:52","modified_gmt":"2026-01-07T20:26:52","slug":"lillehammer-skiskyting-skiskytteren-sivert-guttorm-bakken-bisettes-13-januar","status":"publish","type":"post","link":"https:\/\/www.europesays.com\/no\/131494\/","title":{"rendered":"Lillehammer, Skiskyting | Skiskytteren Sivert Guttorm Bakken bisettes 13. januar"},"content":{"rendered":"\n<p>Det framkommer av en pressemelding torsdag.<\/p>\n<p>Lille julaften ble det kjent at Bakken var funnet d\u00f8d p\u00e5 hotellrommet sitt i italienske Lavaz\u00e8. Han ble 27 \u00e5r.<\/p>\n<p>Skiskytterprofilen ble i romjulen obdusert i Italia. Svarene fra de rettsmedisinske unders\u00f8kelsene vil imidlertid ikke foreligge f\u00f8r i mars, ble det opplyst i en pressemelding rett f\u00f8r nytt\u00e5r.<\/p>\n<p>P\u00e5talemyndigheten i Italia har gitt rettsmedisinerne frist til 7. mars med \u00e5 ferdigstille unders\u00f8kelsene og avgi sin rapport.<\/p>\n<p>Italiensk politi etterforsker saken som et mistenkelig d\u00f8dsfall. Det inneb\u00e6rer ikke at man mistenker at det har skjedd noe straffbart, kun at man ikke kjenner til hva som for\u00e5rsaket d\u00f8dsfallet.<\/p>\n<p>\u2013 Italiensk politi og p\u00e5talemyndighet har v\u00e6rt sv\u00e6rt im\u00f8tekommende og samarbeidsvillige. De har lagt godt til rette for at de etterlatte skal f\u00e5 s\u00e5 mye informasjon som mulig, og bidratt til at Bakken kan fraktes hjem til Norge s\u00e5 snart som mulig, sa familiens bistandsadvokat Bernt Heiberg i Elden Advokatfirma i den forbindelse.<\/p>\n<p>  <a href=\"https:\/\/www.gd.no\/5-18-2432827\" class=\"related-teaser has-image default-story-teaser article--c-eRUmMG article--c-eRUmMG-jKCPdD-design-default\" rel=\"nofollow noopener\" target=\"_blank\"><\/p>\n<p>    <img decoding=\"async\" loading=\"lazy\"  src=\"https:\/\/www.europesays.com\/no\/wp-content\/uploads\/2026\/01\/1767817611_476_unnamed.jpg\" alt=\"\" class=\"brick-c-cFOWSL\" style=\"\"\/><\/p>\n<p>\n            Les ogs\u00e5<\/p>\n<p>              Det er gjennomf\u00f8rt rettsmedisinske unders\u00f8kelser: F\u00e5r komme hjem\n        <\/p>\n<p>  <\/a><\/p>\n<p>Rekruttlandslags-l\u00f8per Bakken var p\u00e5 et h\u00f8ydeopphold sammen med flere andre norske skiprofiler da han d\u00f8de.<\/p>\n<p>Julaften opplyste Norges Skiskytterforbund at Bakken ble funnet d\u00f8d med h\u00f8ydemaske, men uten \u00e5 sl\u00e5 fast om det hadde noen sammenheng med d\u00f8dsfallet.<\/p>\n<p>Denne uken er det verdenscuprenn i Oberhof. Der skal Det internasjonale skiskytterforbundet (IBU) hylle avd\u00f8de Bakken f\u00f8r torsdagens verdenscupsprint.<\/p>\n<p>Bakken vil f\u00e5 startnummer 1, og nummer 2 blir dermed den f\u00f8rste startende. Videre blir det ogs\u00e5 ett minutts applaus.<\/p>\n<p>  <a href=\"https:\/\/www.gd.no\/5-18-2432580\" class=\"related-teaser has-image default-story-teaser article--c-eRUmMG article--c-eRUmMG-jKCPdD-design-default\" rel=\"nofollow noopener\" target=\"_blank\"><\/p>\n<p>    <img decoding=\"async\" loading=\"lazy\"  src=\"https:\/\/www.europesays.com\/no\/wp-content\/uploads\/2026\/01\/TO+-+MINNESTUND+SIVERT+BAKKEN+3.jpg\" alt=\"\" class=\"brick-c-cFOWSL\" style=\"\"\/><\/p>\n<p>\n            Les ogs\u00e5<\/p>\n<p>              \u2013 Den viktigste jobben er \u00e5 ta vare p\u00e5 hverandre\n        <\/p>\n<p>  <\/a><\/p>\n<p>  <a href=\"https:\/\/www.gd.no\/5-18-2429902\" class=\"related-teaser has-image default-story-teaser article--c-eRUmMG article--c-eRUmMG-jKCPdD-design-default\" rel=\"nofollow noopener\" target=\"_blank\"><\/p>\n<p>    <img decoding=\"async\" loading=\"lazy\"  src=\"https:\/\/www.europesays.com\/no\/wp-content\/uploads\/2025\/12\/arne.horten.jpg\" alt=\"\" class=\"brick-c-cFOWSL\" style=\"\"\/><\/p>\n<p>\n            Les ogs\u00e5<\/p>\n<p>              Skiskyttermilj\u00f8et i sorg\n        <\/p>\n<p>  <\/a><\/p>\n","protected":false},"excerpt":{"rendered":"Det framkommer av en pressemelding torsdag. Lille julaften ble det kjent at Bakken var funnet d\u00f8d p\u00e5 hotellrommet&hellip;\n","protected":false},"author":2,"featured_media":125096,"comment_status":"","ping_status":"","sticky":false,"template":"","format":"standard","meta":{"footnotes":""},"categories":[59],"tags":[36,1427,30,28,29,14517,769,83,82,1510],"class_list":{"0":"post-131494","1":"post","2":"type-post","3":"status-publish","4":"format-standard","5":"has-post-thumbnail","7":"category-sport","8":"tag-art","9":"tag-lillehammer","10":"tag-no","11":"tag-norge","12":"tag-norway","13":"tag-sivert-bakken","14":"tag-skiskyting","15":"tag-sport","16":"tag-sports","17":"tag-story"},"share_on_mastodon":{"url":"https:\/\/pubeurope.com\/@no\/115855703618663185","error":""},"_links":{"self":[{"href":"https:\/\/www.europesays.com\/no\/wp-json\/wp\/v2\/posts\/131494","targetHints":{"allow":["GET"]}}],"collection":[{"href":"https:\/\/www.europesays.com\/no\/wp-json\/wp\/v2\/posts"}],"about":[{"href":"https:\/\/www.europesays.com\/no\/wp-json\/wp\/v2\/types\/post"}],"author":[{"embeddable":true,"href":"https:\/\/www.europesays.com\/no\/wp-json\/wp\/v2\/users\/2"}],"replies":[{"embeddable":true,"href":"https:\/\/www.europesays.com\/no\/wp-json\/wp\/v2\/comments?post=131494"}],"version-history":[{"count":0,"href":"https:\/\/www.europesays.com\/no\/wp-json\/wp\/v2\/posts\/131494\/revisions"}],"wp:featuredmedia":[{"embeddable":true,"href":"https:\/\/www.europesays.com\/no\/wp-json\/wp\/v2\/media\/125096"}],"wp:attachment":[{"href":"https:\/\/www.europesays.com\/no\/wp-json\/wp\/v2\/media?parent=131494"}],"wp:term":[{"taxonomy":"category","embeddable":true,"href":"https:\/\/www.europesays.com\/no\/wp-json\/wp\/v2\/categories?post=131494"},{"taxonomy":"post_tag","embeddable":true,"href":"https:\/\/www.europesays.com\/no\/wp-json\/wp\/v2\/tags?post=131494"}],"curies":[{"name":"wp","href":"https:\/\/api.w.org\/{rel}","templated":true}]}}