{"id":131495,"date":"2026-01-07T20:31:21","date_gmt":"2026-01-07T20:31:21","guid":{"rendered":"https:\/\/www.europesays.com\/no\/131495\/"},"modified":"2026-01-07T20:31:21","modified_gmt":"2026-01-07T20:31:21","slug":"nyheter-nes-kommune-alle-har-fatt-strommen-tilbake-raumnes","status":"publish","type":"post","link":"https:\/\/www.europesays.com\/no\/131495\/","title":{"rendered":"Nyheter, Nes kommune | Alle har f\u00e5tt str\u00f8mmen tilbake &#8211; Raumnes"},"content":{"rendered":"<ol>\n<li><a href=\"https:\/\/news.google.com\/rss\/articles\/CBMia0FVX3lxTFBsc0pwcFZZY1VHMjhrQXdVb0NWbFIybEg3aElmc0hjVnViR0pQcnQ3RERTeHp6Mm9ya1N6YmMtQ2QwOFFNMDQxTkxLb1Bha19OWGZrZlI0el8zVGN2UVBfMFhiVmNkS1FFZXc0?oc=5\" target=\"_blank\" rel=\"nofollow noopener\">Nyheter, Nes kommune | Alle har f\u00e5tt str\u00f8mmen tilbake<\/a>&nbsp;&nbsp;Raumnes<\/li>\n<li><a href=\"https:\/\/news.google.com\/rss\/articles\/CBMihAFBVV95cUxQekg1clBUcFhJSy1UN3ZuMHdDS0E4bjZPbkNiTzZzVnhkc3FRcExoRFZFZVAydGJHMEdIM0FNNm9sVWxXM0d6QTloNnBPdnlRNXNBcUVHVU5kYm5aTnlNMFNFckZ6bm1ub0VENHRPUVdRY3M3TndnZEluNS1NR0tCOXNiaE8?oc=5\" target=\"_blank\" rel=\"nofollow noopener\">Massivt str\u00f8mbrudd: Gardermoen rammet<\/a>&nbsp;&nbsp;Dagbladet<\/li>\n<li><a href=\"https:\/\/news.google.com\/rss\/articles\/CBMiigFBVV95cUxOZm40WVBqQTJpUEh1V0NaWDZvOExSQ2ZwdVBCYmZyR1ozbmU5bVZxT01FTlR2WEEyOHNVcVp0QmNIUm53SkVEOFh1dUEyVkU5NUVNZHRLOE9wMGVfek9HckpublhwZXctLXZrTnZHNW1IdGlWaHhjaUJQSklWU2NqX09kWkQteUF1UWc?oc=5\" target=\"_blank\" rel=\"nofollow noopener\">Massivt str\u00f8mbrudd p\u00e5 Romerike \u2013 Oslo Lufthavn rammet<\/a>&nbsp;&nbsp;VG<\/li>\n<li><a href=\"https:\/\/news.google.com\/rss\/articles\/CBMie0FVX3lxTFBqbGtNdVduTk54MWNfYmRkTUxRTnNzN0g3SUtlUzRJbnF0YllmTGs0UEpfRkx6Y0RhaW1hc0N2LUNWVkVZTjNDalkyS3VldjBzdnJOTENRU0lsT1ZGd2hpdEltcTV3NlZvOXVYUXprU0VxS0RmSnZEM1lhbw?oc=5\" target=\"_blank\" rel=\"nofollow noopener\">Str\u00f8m, Str\u00f8mbrudd | 35.000 var uten str\u00f8m: \u2013 Blant de st\u00f8rste<\/a>&nbsp;&nbsp;Romerikes Blad<\/li>\n<li><a href=\"https:\/\/news.google.com\/rss\/articles\/CBMigwFBVV95cUxNQUwxRHo3QzZnNGdxV0c0cjZzLWtEcGdBaXFGN1p2M2Q2SXp0SkU5ZkRpTkxxVlB1OTNNZzZZNi0zUDNLcUFBc1ZNZ3htX0J1aUI1OURmbklmYUw1YXVaZlh3Rk1PS0ZlV1ZnOVdDb2NhcllBOHVVQlRNbTY0WlhLeDBBNA?oc=5\" target=\"_blank\" rel=\"nofollow noopener\">Nyheter, Nes | Derfor fikk \u00c5rnes tilbake str\u00f8mmen sist<\/a>&nbsp;&nbsp;Raumnes<\/li>\n<\/ol>\n","protected":false},"excerpt":{"rendered":"Nyheter, Nes kommune | Alle har f\u00e5tt str\u00f8mmen tilbake&nbsp;&nbsp;Raumnes Massivt str\u00f8mbrudd: Gardermoen rammet&nbsp;&nbsp;Dagbladet Massivt str\u00f8mbrudd p\u00e5 Romerike \u2013&hellip;\n","protected":false},"author":2,"featured_media":131496,"comment_status":"","ping_status":"","sticky":false,"template":"","format":"standard","meta":{"footnotes":""},"categories":[10],"tags":[20,21,24,25,15,22,23,13,30,28,29,14,16,26,27],"class_list":{"0":"post-131495","1":"post","2":"type-post","3":"status-publish","4":"format-standard","5":"has-post-thumbnail","7":"category-norge","8":"tag-breaking-news","9":"tag-breakingnews","10":"tag-featured-news","11":"tag-featurednews","12":"tag-headlines","13":"tag-latest-news","14":"tag-latestnews","15":"tag-news","16":"tag-no","17":"tag-norge","18":"tag-norway","19":"tag-nyheter","20":"tag-overskrifter","21":"tag-top-stories","22":"tag-topstories"},"share_on_mastodon":{"url":"https:\/\/pubeurope.com\/@no\/115855719331145013","error":""},"_links":{"self":[{"href":"https:\/\/www.europesays.com\/no\/wp-json\/wp\/v2\/posts\/131495","targetHints":{"allow":["GET"]}}],"collection":[{"href":"https:\/\/www.europesays.com\/no\/wp-json\/wp\/v2\/posts"}],"about":[{"href":"https:\/\/www.europesays.com\/no\/wp-json\/wp\/v2\/types\/post"}],"author":[{"embeddable":true,"href":"https:\/\/www.europesays.com\/no\/wp-json\/wp\/v2\/users\/2"}],"replies":[{"embeddable":true,"href":"https:\/\/www.europesays.com\/no\/wp-json\/wp\/v2\/comments?post=131495"}],"version-history":[{"count":0,"href":"https:\/\/www.europesays.com\/no\/wp-json\/wp\/v2\/posts\/131495\/revisions"}],"wp:featuredmedia":[{"embeddable":true,"href":"https:\/\/www.europesays.com\/no\/wp-json\/wp\/v2\/media\/131496"}],"wp:attachment":[{"href":"https:\/\/www.europesays.com\/no\/wp-json\/wp\/v2\/media?parent=131495"}],"wp:term":[{"taxonomy":"category","embeddable":true,"href":"https:\/\/www.europesays.com\/no\/wp-json\/wp\/v2\/categories?post=131495"},{"taxonomy":"post_tag","embeddable":true,"href":"https:\/\/www.europesays.com\/no\/wp-json\/wp\/v2\/tags?post=131495"}],"curies":[{"name":"wp","href":"https:\/\/api.w.org\/{rel}","templated":true}]}}