{"id":131499,"date":"2026-01-07T20:37:09","date_gmt":"2026-01-07T20:37:09","guid":{"rendered":"https:\/\/www.europesays.com\/no\/131499\/"},"modified":"2026-01-07T20:37:09","modified_gmt":"2026-01-07T20:37:09","slug":"ice-agent-drepte-bilforer-i-minneapolis-ordforer-krever-at-etaten-forlater-byen-siste-nytt-nrk","status":"publish","type":"post","link":"https:\/\/www.europesays.com\/no\/131499\/","title":{"rendered":"Ice-agent drepte bilf\u00f8rer i Minneapolis \u2013 ordf\u00f8rer krever at etaten forlater byen \u2013 Siste nytt \u2013\u00a0NRK"},"content":{"rendered":"<p>Innenriksdepartementet i Washington, som kontrollerer Ice, mener den kvinnelige bilf\u00f8reren gjorde seg skyldig i en terrorhandling og hevder hun pr\u00f8vde \u00e5 kj\u00f8re p\u00e5 Ice-agentene.<\/p>\n<p>Ice-agenten som skj\u00f8t og drepte kvinnen, handlet i selvforsvar, if\u00f8lge departementet.<\/p>\n<p>Ice er USAs f\u00f8derale immigrasjonspoliti.<\/p>\n<p>Minneapolis-ordf\u00f8rer Jacob Frey har en helt annen oppfatning av det som skjedde og bestrider p\u00e5standen om at Ice handlet i selvforsvar.<\/p>\n<p>P\u00e5 en pressekonferanse flere timer etter hendelsen kommer Frey med en kraftig irettesettelse av den f\u00f8derale innvandringsetatens fremferd i tvillingbyene Minneapolis og St. Paul.<\/p>\n<p>\u2013 De er ikke her for \u00e5 skape trygghet i byen. Det de gj\u00f8r, er ikke \u00e5 gi trygghet til Amerika. Det de gj\u00f8r, er \u00e5 for\u00e5rsake kaos og mistillit, sier Frey.<\/p>\n<p>\u2013 De river familier i stykker. De skaper kaos i v\u00e5re gater, og i dette tilfelle dreper de bokstavelig talt mennesker, sier ordf\u00f8reren.<\/p>\n<p>\u2013 De pr\u00f8ver allerede \u00e5 spinne dette som en selvforsvarshandling. Etter \u00e5 ha sett videoen selv vil jeg si til alle rett ut at dette er bullshit, sier ordf\u00f8reren.<\/p>\n<p>(NTB)<\/p>\n","protected":false},"excerpt":{"rendered":"Innenriksdepartementet i Washington, som kontrollerer Ice, mener den kvinnelige bilf\u00f8reren gjorde seg skyldig i en terrorhandling og hevder&hellip;\n","protected":false},"author":2,"featured_media":131500,"comment_status":"","ping_status":"","sticky":false,"template":"","format":"standard","meta":{"footnotes":""},"categories":[12],"tags":[20,21,24,25,15,22,23,13,30,28,29,14,16,26,27,42,43,44,45],"class_list":{"0":"post-131499","1":"post","2":"type-post","3":"status-publish","4":"format-standard","5":"has-post-thumbnail","7":"category-verden","8":"tag-breaking-news","9":"tag-breakingnews","10":"tag-featured-news","11":"tag-featurednews","12":"tag-headlines","13":"tag-latest-news","14":"tag-latestnews","15":"tag-news","16":"tag-no","17":"tag-norge","18":"tag-norway","19":"tag-nyheter","20":"tag-overskrifter","21":"tag-top-stories","22":"tag-topstories","23":"tag-verden","24":"tag-world","25":"tag-world-news","26":"tag-worldnews"},"share_on_mastodon":{"url":"https:\/\/pubeurope.com\/@no\/115855742944062474","error":""},"_links":{"self":[{"href":"https:\/\/www.europesays.com\/no\/wp-json\/wp\/v2\/posts\/131499","targetHints":{"allow":["GET"]}}],"collection":[{"href":"https:\/\/www.europesays.com\/no\/wp-json\/wp\/v2\/posts"}],"about":[{"href":"https:\/\/www.europesays.com\/no\/wp-json\/wp\/v2\/types\/post"}],"author":[{"embeddable":true,"href":"https:\/\/www.europesays.com\/no\/wp-json\/wp\/v2\/users\/2"}],"replies":[{"embeddable":true,"href":"https:\/\/www.europesays.com\/no\/wp-json\/wp\/v2\/comments?post=131499"}],"version-history":[{"count":0,"href":"https:\/\/www.europesays.com\/no\/wp-json\/wp\/v2\/posts\/131499\/revisions"}],"wp:featuredmedia":[{"embeddable":true,"href":"https:\/\/www.europesays.com\/no\/wp-json\/wp\/v2\/media\/131500"}],"wp:attachment":[{"href":"https:\/\/www.europesays.com\/no\/wp-json\/wp\/v2\/media?parent=131499"}],"wp:term":[{"taxonomy":"category","embeddable":true,"href":"https:\/\/www.europesays.com\/no\/wp-json\/wp\/v2\/categories?post=131499"},{"taxonomy":"post_tag","embeddable":true,"href":"https:\/\/www.europesays.com\/no\/wp-json\/wp\/v2\/tags?post=131499"}],"curies":[{"name":"wp","href":"https:\/\/api.w.org\/{rel}","templated":true}]}}