{"id":131509,"date":"2026-01-07T20:45:11","date_gmt":"2026-01-07T20:45:11","guid":{"rendered":"https:\/\/www.europesays.com\/no\/131509\/"},"modified":"2026-01-07T20:45:11","modified_gmt":"2026-01-07T20:45:11","slug":"ofotbanen-stengt-over-flere-dager-rammer-posten-over-hele-norge-nrk-nordland","status":"publish","type":"post","link":"https:\/\/www.europesays.com\/no\/131509\/","title":{"rendered":"Ofotbanen stengt over flere dager \u2013 rammer posten over hele Norge \u2013 NRK Nordland"},"content":{"rendered":"<p>\u2013 Det skal v\u00e6re ekstrem kulde for at vi lar oss stoppe, sier kommunikasjonsdirekt\u00f8r i Posten, Kenneth Pettersen til NRK.<\/p>\n<p>Etter en mild desember slo kulda til over store deler av landet.<\/p>\n<p>Med temperaturer ned mot -40 grader, har ingen pasasjertog p\u00e5 Ofotbanen g\u00e5tt siden fredag. Alle godstog har st\u00e5tt siden mandag.<\/p>\n<p>Innstilte tog betyr strandede turister i malmbyen Narvik.<\/p>\n<p>Men ekstremkulda f\u00e5r ogs\u00e5 store ringvirkninger for posten over hele landet.<\/p>\n<p><strong>\u2013 Det er veldig store volum pakker og gods som sendes p\u00e5 denne strekningen, og n\u00e5r togene ikke g\u00e5r vil det dessverre f\u00e5 konsekvenser for oss og kundene v\u00e5re, sier Pettersen.<\/strong><\/p>\n<p><img decoding=\"async\"   src=\"data:image\/gif;base64,R0lGODlhAQABAIAAAAAAAP\/\/\/yH5BAEAAAAALAAAAAABAAEAAAIBRAA7\" loading=\"eager\" alt=\"93 cm sn\u00f8 falt p\u00e5 Nelaug f\u00f8rste helg i januar \" title=\"Foto: Lokf\u00f8rer Sven Henning Myra\"\/><\/p>\n<p class=\"\">Lave temperaturer kan skape store problem for b\u00e5de materiell og personell p\u00e5 togene.<\/p>\n<p>Foto: Lokf\u00f8rer Sven Henning Myra<\/p>\n<p>Satt sikkerheten f\u00f8rst<\/p>\n<p>I tillegg til persontransport, er Ofotbanen en tungt trafikkert jernbanestrekning som spiller en viktig rolle for godstransport mellom S\u00f8r-Norge, Nord-Norge og Sverige.<\/p>\n<p>B\u00e5de Posten og Postnord bruker Ofotbanen for transport av post mellom Oslo, Kiruna og Narvik.<\/p>\n<p>Dette medf\u00f8rer at det er store forsinkelser for pakke og gods over store deler av landet. Brev sendes stort sett med fly.<\/p>\n<p><img decoding=\"async\"   src=\"data:image\/gif;base64,R0lGODlhAQABAIAAAAAAAP\/\/\/yH5BAEAAAAALAAAAAABAAEAAAIBRAA7\" loading=\"eager\" alt=\"Ofotbanen\" title=\"Foto: Lars-Bj\u00f8rn Martinsen \/ NRK\"\/><\/p>\n<p class=\"\">Passasjertog p\u00e5 Ofotbanen har ogs\u00e5 hatt mange innstillinger siden fredag forrige uke. <\/p>\n<p>Foto: Lars-Bj\u00f8rn Martinsen \/ NRK<\/p>\n<p>Kommunikasjonsdirekt\u00f8ren i Posten forteller at forsinkelsene kan strekke seg inn i starten av neste uke.<\/p>\n<p>Det er CargoNet som kj\u00f8rer posten for Posten p\u00e5 strekningen Narvik-Kiruna. De har tatt sikkerhetstiltak p\u00e5 grunn av kulden.<\/p>\n<p>\u2013 Det stemmer at det har v\u00e6rt noen dager med veldig kaldt v\u00e6r med mer enn 30 minusgrader. Hensynet til sikkerheten for f\u00f8rer, tog og gods har g\u00e5tt foran, sier Jorunn Wold, pressevakt i Vy og CargoNet.<\/p>\n<p><img decoding=\"async\"   src=\"data:image\/gif;base64,R0lGODlhAQABAIAAAAAAAP\/\/\/yH5BAEAAAAALAAAAAABAAEAAAIBRAA7\" loading=\"eager\" alt=\"Kenneth Tj\u00f8nndal Pettersen, pressesjef Posten Bring\" title=\"Foto: Posten Bring\"\/><\/p>\n<p class=\"\">Kenneth Tj\u00f8nndal Pettersen, pressesjef Posten Bring sier det vil bli flere dagers forsinkelse p\u00e5 leveranser fra posten som f\u00f8lge av at togene har st\u00e5tt i ekstremkulda.<\/p>\n<p>Foto: Posten Bring<\/p>\n<p>Derfor har de valgt \u00e5 ikke kj\u00f8re tog tre dager. Men fra i morgen mener hun togene vil g\u00e5 som normalt.<\/p>\n<p>\u2013 Hvorfor m\u00e5 togene st\u00e5, selv om det er kaldt?<\/p>\n<p>\u2013 Det er en strekning som er veldig \u00f8de. Hvis det blir en stopp, kan det v\u00e6re farlig. Ogs\u00e5 togene og godset vi frakter m\u00e5 t\u00e5le kulden.<\/p>\n<p>Vil bli forsinkelser<\/p>\n<p><strong>Det vil likevel bli forsinkelser i postleveransene.<\/strong><\/p>\n<p>\u2013 Vi flytter store volum fra tog og over p\u00e5 biler, men totalsituasjonen er krevende og det vil derfor oppst\u00e5 store forsinkelser for pakker og gods mellom landsdelene de kommende dagene, sier Pettersen.<\/p>\n<p>Han mener at det ikke gj\u00f8r situasjonen enklere at et p\u00e5 Nordlandsbanen kun kj\u00f8rer ett tog i hver retning mellom Steinkjer og Bod\u00f8.<\/p>\n<p><img decoding=\"async\"   src=\"data:image\/gif;base64,R0lGODlhAQABAIAAAAAAAP\/\/\/yH5BAEAAAAALAAAAAABAAEAAAIBRAA7\" loading=\"eager\" alt=\"Carl Fredrik Karlsen, kommersiell direkt\u00f8r i CargoNet\" title=\"Foto: CargoNet\"\/><\/p>\n<p class=\"\">Carl Fredrik Karlsen, kommersiell direkt\u00f8r i CargoNet, forteller at de vil \u00f8ke kapasiteten for \u00e5 f\u00e5 leveransene ut til kundene.<\/p>\n<p>Foto: CargoNet<\/p>\n<p>Carl Fredrik Karlsen, leder for kundeopplevelser og forretningsutvikling i CargoNet, sier at det er store transportdistanser for mye av posten.<\/p>\n<p>\u2013 Hvis posten skal fra Oslo til Narvik, vil den komme hit f\u00f8rst p\u00e5 l\u00f8rdags morgen. Den skal videreformidles derfra gjennom terminaler ut til mottakerne. Noe tid vil det ta.<\/p>\n<p>Likevel sier han at de prioriterer \u00e5 kj\u00f8re full produksjon og \u00f8ke den gjennom helga, dersom kundene har behov for dette.<\/p>\n<p>Mener beredskapen er satt p\u00e5 spill<\/p>\n<p>Ofotbanen har siden fredag 2. januar hatt innstillinger p\u00e5 grunn av kulde. Bane Nor skriver i en trafikkmelding at neste oppdatering kommer torsdag klokken 21:00.<\/p>\n<p>\u2013 Det er dessverre ikke uventet. Vi har hatt mange slikte problemer over lang tid, sier B\u00f8rge Edvardsen Klingan, havnedirekt\u00f8r i Narvik.<\/p>\n<p>\u2013 Det er ikke en ny situasjon at Ofotbanen og Malmbanan ligger i Arktis, s\u00e5 dette er en situasjon vi m\u00e5 unng\u00e5 i fremtida.<\/p>\n<p><img decoding=\"async\"   src=\"data:image\/gif;base64,R0lGODlhAQABAIAAAAAAAP\/\/\/yH5BAEAAAAALAAAAAABAAEAAAIBRAA7\" loading=\"eager\" alt=\"En mann med gr\u00e5tt h\u00e5r og sort frakk st\u00e5r ved Narvik havn med sn\u00f8dekte b\u00e5ter og hus i bakgrunn.\" title=\"Foto: Frida Elise Brembo \/ NRK\"\/><\/p>\n<p class=\"\">\u2013 Vi trenger \u00e5 f\u00e5 investeringer p\u00e5 plass for \u00e5 sikre tilgjengelig logistikk, sier B\u00f8rge Edvardsen Klingan, havnedirekt\u00f8r i Narvik.<\/p>\n<p>Foto: Frida Elise Brembo \/ NRK<\/p>\n<p>Han mener m\u00e5 se p\u00e5 rutiner for vedlikehold og oppgradering, og hvordan man reparerer n\u00e5r det for eksempel blir utfordringer med kulden.<\/p>\n<p>\u2013 Det er viktig at vi har operative emner p\u00e5 banen ogs\u00e5 n\u00e5r det er veldig kaldt.<\/p>\n<p>Narvik har tidligere blitt trukket frem som <a href=\"http:\/\/www.nrk.no\/nordland\/narvik-kan-bli-ein-flaskehals-for-noreg-og-nato-i-krise-og-krig-1.17697425\" ec-id=\"pp:article:1.17697425\" ec-name=\"en flaksehals i krise og krig\" rel=\"nofollow noopener\" target=\"_blank\">en flaksehals i krise og krig<\/a>. Havnedirekt\u00f8ren mener togstansen viser at det er en flaksehals i flere tilfeller.<\/p>\n<p>Karlsen i CargoNet sier de gj\u00f8r sitt beste for \u00e5 ivareta beredskapen. Men det er mange forhold som skal bli ivaretatt.<\/p>\n<p>\u2013 V\u00e5r vurdering handler b\u00e5de om gjennomf\u00f8ring av de aktuelle togene, men ogs\u00e5 for leveranser fremover gjennom vinteren.<\/p>\n<p>P\u00e5 s\u00e5 lave temperaturer sier Karlsen at materialet p\u00e5 togsettene ogs\u00e5 blir p\u00e5virket.<\/p>\n<p>\u2013 Hvis man f\u00e5r et stopp p\u00e5 et s\u00e5nt tog, vil det skape store utfordringer. Ikke minst for det godset som er p\u00e5 toget.<\/p>\n<p>Publisert<\/p>\n<p>07.01.2026, kl. 20.14<\/p>\n<p>Oppdatert<\/p>\n<p>07.01.2026, kl. 20.40<\/p>\n","protected":false},"excerpt":{"rendered":"\u2013 Det skal v\u00e6re ekstrem kulde for at vi lar oss stoppe, sier kommunikasjonsdirekt\u00f8r i Posten, Kenneth Pettersen&hellip;\n","protected":false},"author":2,"featured_media":131510,"comment_status":"","ping_status":"","sticky":false,"template":"","format":"standard","meta":{"footnotes":""},"categories":[10],"tags":[20,21,24,25,15,22,23,13,30,28,29,14,16,26,27],"class_list":{"0":"post-131509","1":"post","2":"type-post","3":"status-publish","4":"format-standard","5":"has-post-thumbnail","7":"category-norge","8":"tag-breaking-news","9":"tag-breakingnews","10":"tag-featured-news","11":"tag-featurednews","12":"tag-headlines","13":"tag-latest-news","14":"tag-latestnews","15":"tag-news","16":"tag-no","17":"tag-norge","18":"tag-norway","19":"tag-nyheter","20":"tag-overskrifter","21":"tag-top-stories","22":"tag-topstories"},"share_on_mastodon":{"url":"https:\/\/pubeurope.com\/@no\/115855774327102753","error":""},"_links":{"self":[{"href":"https:\/\/www.europesays.com\/no\/wp-json\/wp\/v2\/posts\/131509","targetHints":{"allow":["GET"]}}],"collection":[{"href":"https:\/\/www.europesays.com\/no\/wp-json\/wp\/v2\/posts"}],"about":[{"href":"https:\/\/www.europesays.com\/no\/wp-json\/wp\/v2\/types\/post"}],"author":[{"embeddable":true,"href":"https:\/\/www.europesays.com\/no\/wp-json\/wp\/v2\/users\/2"}],"replies":[{"embeddable":true,"href":"https:\/\/www.europesays.com\/no\/wp-json\/wp\/v2\/comments?post=131509"}],"version-history":[{"count":0,"href":"https:\/\/www.europesays.com\/no\/wp-json\/wp\/v2\/posts\/131509\/revisions"}],"wp:featuredmedia":[{"embeddable":true,"href":"https:\/\/www.europesays.com\/no\/wp-json\/wp\/v2\/media\/131510"}],"wp:attachment":[{"href":"https:\/\/www.europesays.com\/no\/wp-json\/wp\/v2\/media?parent=131509"}],"wp:term":[{"taxonomy":"category","embeddable":true,"href":"https:\/\/www.europesays.com\/no\/wp-json\/wp\/v2\/categories?post=131509"},{"taxonomy":"post_tag","embeddable":true,"href":"https:\/\/www.europesays.com\/no\/wp-json\/wp\/v2\/tags?post=131509"}],"curies":[{"name":"wp","href":"https:\/\/api.w.org\/{rel}","templated":true}]}}