{"id":131514,"date":"2026-01-07T20:51:06","date_gmt":"2026-01-07T20:51:06","guid":{"rendered":"https:\/\/www.europesays.com\/no\/131514\/"},"modified":"2026-01-07T20:51:06","modified_gmt":"2026-01-07T20:51:06","slug":"donald-trump-usa-valg-trump-de-burde-avlyse-valget-i-usa","status":"publish","type":"post","link":"https:\/\/www.europesays.com\/no\/131514\/","title":{"rendered":"Donald Trump, USA-valg | Trump: \u2013 De burde avlyse valget i USA"},"content":{"rendered":"\n<p>USAs president Donald Trump advarer sine partifeller om at Republikanerne m\u00e5 vinne flertallet i Kongressen i h\u00f8stens mellomvalg for \u00e5 unng\u00e5 at han blir stilt til riksrett.<\/p>\n<p>\u2013 Dere m\u00e5 vinne mellomvalget fordi hvis vi ikke vinner mellomvalget, kommer de til \u00e5 finne en grunn til \u00e5 stille meg for riksrett, sa Trump med henvisning til Demokratene.<\/p>\n<p>\u2013 Jeg kommer til \u00e5 bli stilt for riksrett, sa han i en <a rel=\"Follow nofollow noopener\" href=\"https:\/\/abcnews.go.com\/amp\/Politics\/trump-warns-republicans-win-midterms-hell-impeached\/story?id=128958317\" target=\"_blank\">tale<\/a> til sine partifeller p\u00e5 Kennedy Center tirsdag.<\/p>\n<p>(Trump har nylig omd\u00f8pt det anerkjente Kennedy Center til Trump-Kennedy Center). <\/p>\n<p>Demokratene m\u00e5 ha flertall i Representantenes hus for \u00e5 igangsette en riksrettsprosess mot Trump. Republikanerne har for \u00f8yeblikket flertall i begge kamrene i Kongressen.<\/p>\n<p>Trump antyder ogs\u00e5 at mellomvalget burde avlyses.<\/p>\n<p>\u2013 De hadde den verste presidenten, og gjorde den verste jobben. De hadde den verste politikken. Vi m\u00e5 til og med stille mot disse folkene. N\u00e5 vil jeg ikke si at valget skal avlyses, de burde avlyse valget, fordi de falske nyhetene kommer til \u00e5 si: \u00abHan vil at valget skal avlyses. Han er en diktator\u00bb. De har alltid kalt meg en diktator, <a href=\"https:\/\/x.com\/atrupar\/status\/2008562805843140812?ref_src=twsrc%5Etfw%7Ctwcamp%5Etweetembed%7Ctwterm%5E2008562805843140812%7Ctwgr%5E2af6d166697750c65906d5dcc7b8461869c4e579%7Ctwcon%5Es1_&amp;ref_url=https%3A%2F%2Fwww.express.co.uk%2Fnews%2Fworld%2F2154343%2Fdonald-trump-speech-elections-republican-january-6\" rel=\"Follow nofollow\">sa Trump<\/a>.<\/p>\n<p><b>Les ogs\u00e5: <a class=\"simple-relation related-teaser article--c-eRUmMG article--c-eRUmMG-fZoQSp-design-nettavisen article--c-eRUmMG-gwthdJ-cv\" href=\"https:\/\/www.nettavisen.no\/norsk-usa-ekspert-tror-trump-har-bestemt-seg-for-a-ta-kontroll-over-gronland\/s\/5-95-2811555\" rel=\"nofollow noopener\" target=\"_blank\">Norsk USA-ekspert tror Trump har bestemt seg for \u00e5 ta kontroll over Gr\u00f8nland<\/a><\/b><\/p>\n<p>\u2013 Bare Trump som brisker seg<\/p>\n<p>USA-ekspert Hilmar Mjelde, som er professor i statsvitenskap ved H\u00f8gskulen p\u00e5 Vestlandet, tror ikke Trump mener alvor om \u00e5 avlyse valget.<\/p>\n<p><b>\u2013 Nei, jeg tror ikke han mener alvor. Dette er bare Trump som brisker seg. Han kan uansett ikke avlyse valget, det har han ingen som helst mulighet til i henhold til Grunnloven, sier Mjelde til Nettavisen. <\/b><\/p>\n<p>\u2013 Problemet her er heller at han nok en gang s\u00e5r tvil om valget, og hvorvidt folk kan ha tillit til valgavviklingen og valgresultatet. Det har han jo gjort i all sin tid som politiker, sier Mjelde.<\/p>\n<p>Trump har utallige ganger fremmet grunnl\u00f8se p\u00e5stander om at han ble frastj\u00e5let valgseieren i presidentvalget i 2020.<\/p>\n<p>Trump ble stilt for riksrett to ganger i l\u00f8pet av sin f\u00f8rste presidentperiode fra 2017 til 2021.<\/p>\n<p>I 2019 ble Trump stilt for riksrett. Da ble han anklaget for maktmisbruk og hindringer av Kongressens arbeid.<\/p>\n<p>Trump ble ogs\u00e5 stilt for riksrett p\u00e5 tampen av f\u00f8rste presidentperiode i januar 2021. Da sto han anklaget for \u00e5 ha oppildnet til oppr\u00f8r i forbindelse med stormingen av Kongressen 6. januar.<\/p>\n<p>Trump ble frifunnet av Senatet begge gangene.<\/p>\n<p>\u2013 En tannl\u00f8s sanksjon<\/p>\n<p>Mjelde sier riksrettsordningen er blitt en tannl\u00f8s sanksjon i dagens amerikanske politikk.<\/p>\n<p>\u2013 Riksrett forutsetter tverrpolitisk samarbeid om \u00e5 avsette en president, og dagens republikanske parti kommer ikke til st\u00f8tte noen riksrettssak mot Trump, sier Mjelde.<\/p>\n<p>\u2013 Jeg tror ogs\u00e5 at Demokratene vil vokte seg vel for \u00e5 stille Trump for riksrett enda en gang. De feilet spektakul\u00e6rt sist, spesielt i den andre riksrettssaken, da oddsene for \u00e5 f\u00e5 Trump d\u00f8mt var ganske gode, sier Mjelde.<\/p>\n<p><b>\u2013 Men samtidig er det stor risiko for at Trump steller i stand et eller annet s\u00e5 dr\u00f8yt at Demokratene n\u00e6rmest ikke har noe annet valg enn \u00e5 stille ham for riksrett en tredje gang, legger han til. <\/b><\/p>\n<p><b>Les ogs\u00e5: <\/b><a class=\"simple-relation related-teaser article--c-eRUmMG article--c-eRUmMG-fZoQSp-design-nettavisen article--c-eRUmMG-gwthdJ-cv\" href=\"https:\/\/www.nettavisen.no\/det-hvite-hus-om-gronland-alltids-et-alternativ-a-bruke-militaret\/s\/5-95-2811081\" rel=\"nofollow noopener\" target=\"_blank\">Det hvite hus om Gr\u00f8nland: \u2013 Alltids et alternativ \u00e5 bruke milit\u00e6ret<\/a><\/p>\n<p>            Hva er en riksrett?<\/p>\n<p>* Amerikansk riksrett er en politisk prosess med juridisk innpakning som f\u00f8res av den amerikanske Kongressens to kamre &#8211; Representantenes hus og Senatet.<\/p>\n<p>* Riksretten, som alts\u00e5 er en domstolaktig prosess, har i oppgave \u00e5 behandle anklager mot h\u00f8ytst\u00e5ende tjenestemenn, ministre, dommere og presidenter.<\/p>\n<p>* Det er Representantenes hus som i henhold til Grunnloven skal ta ut og vedta tiltale mot en offentlig representant, inkludert presidenten, som har beg\u00e5tt \u00abforr\u00e6deri, bestikkelse eller andre alvorlige kriminelle handlinger eller forseelser\u00bb.<\/p>\n<p>* Det kreves simpelt flertall i Representantenes hus for \u00e5 ta ut tiltalen. Tiltalepunktene sendes videre til Senatet.<\/p>\n<p>* Riksrettprosessen avsluttes i Senatet, hvor de hundre senatorene fungerer som en slags jury\/dommer.<\/p>\n<p>* Presidenten blir avsatt dersom ett eller flere tiltalepunkter blir vedtatt med to-tredjedels flertall i Senatet.<\/p>\n<p>Kilde: <a href=\"https:\/\/www.nettavisen.no\/nyheter\/hva-er-riksrettssaken-mot-donald-trump\/s\/12-95-3423912695\" rel=\"nofollow noopener\" target=\"_blank\">Nettavisen<\/a><\/p>\n<p>Valg- og riksrettsutspillet fra Trump ble gitt under en tale p\u00e5 Kennedy Center tirsdag kveld.<\/p>\n<p>Det alvorlige bakteppet er USAs Venezuela-aksjon med p\u00e5gripelsen av Nicol\u00e1s Maduro sist helg, som eksperter mener strider med b\u00e5de internasjonal og amerikansk lov, samt Trumps gjentatte alvorlige trusler om \u00e5 ta kontroll over Gr\u00f8nnland.<\/p>\n<p>Hvis Trump gj\u00f8r alvor av truslene om \u00e5 ta kontroll over Gr\u00f8nland, som er en del av Nato-landet Danmark, vil hele forsvarsalliansen kunne kollapse.<\/p>\n","protected":false},"excerpt":{"rendered":"USAs president Donald Trump advarer sine partifeller om at Republikanerne m\u00e5 vinne flertallet i Kongressen i h\u00f8stens mellomvalg&hellip;\n","protected":false},"author":2,"featured_media":131515,"comment_status":"","ping_status":"","sticky":false,"template":"","format":"standard","meta":{"footnotes":""},"categories":[12],"tags":[20,21,24,25,15,22,23,13,30,28,29,14,16,26,27,42,43,44,45],"class_list":{"0":"post-131514","1":"post","2":"type-post","3":"status-publish","4":"format-standard","5":"has-post-thumbnail","7":"category-verden","8":"tag-breaking-news","9":"tag-breakingnews","10":"tag-featured-news","11":"tag-featurednews","12":"tag-headlines","13":"tag-latest-news","14":"tag-latestnews","15":"tag-news","16":"tag-no","17":"tag-norge","18":"tag-norway","19":"tag-nyheter","20":"tag-overskrifter","21":"tag-top-stories","22":"tag-topstories","23":"tag-verden","24":"tag-world","25":"tag-world-news","26":"tag-worldnews"},"share_on_mastodon":{"url":"https:\/\/pubeurope.com\/@no\/115855798021637100","error":""},"_links":{"self":[{"href":"https:\/\/www.europesays.com\/no\/wp-json\/wp\/v2\/posts\/131514","targetHints":{"allow":["GET"]}}],"collection":[{"href":"https:\/\/www.europesays.com\/no\/wp-json\/wp\/v2\/posts"}],"about":[{"href":"https:\/\/www.europesays.com\/no\/wp-json\/wp\/v2\/types\/post"}],"author":[{"embeddable":true,"href":"https:\/\/www.europesays.com\/no\/wp-json\/wp\/v2\/users\/2"}],"replies":[{"embeddable":true,"href":"https:\/\/www.europesays.com\/no\/wp-json\/wp\/v2\/comments?post=131514"}],"version-history":[{"count":0,"href":"https:\/\/www.europesays.com\/no\/wp-json\/wp\/v2\/posts\/131514\/revisions"}],"wp:featuredmedia":[{"embeddable":true,"href":"https:\/\/www.europesays.com\/no\/wp-json\/wp\/v2\/media\/131515"}],"wp:attachment":[{"href":"https:\/\/www.europesays.com\/no\/wp-json\/wp\/v2\/media?parent=131514"}],"wp:term":[{"taxonomy":"category","embeddable":true,"href":"https:\/\/www.europesays.com\/no\/wp-json\/wp\/v2\/categories?post=131514"},{"taxonomy":"post_tag","embeddable":true,"href":"https:\/\/www.europesays.com\/no\/wp-json\/wp\/v2\/tags?post=131514"}],"curies":[{"name":"wp","href":"https:\/\/api.w.org\/{rel}","templated":true}]}}