{"id":131516,"date":"2026-01-07T20:52:20","date_gmt":"2026-01-07T20:52:20","guid":{"rendered":"https:\/\/www.europesays.com\/no\/131516\/"},"modified":"2026-01-07T20:52:20","modified_gmt":"2026-01-07T20:52:20","slug":"naeringsliv-ver-ettersporselen-har-skote-i-veret-ekstremt-travelt-firda","status":"publish","type":"post","link":"https:\/\/www.europesays.com\/no\/131516\/","title":{"rendered":"N\u00e6ringsliv, Ver | Ettersp\u00f8rselen har skote i v\u00earet: \u2013 Ekstremt travelt &#8211; Firda"},"content":{"rendered":"<ol>\n<li><a href=\"https:\/\/news.google.com\/rss\/articles\/CBMijgFBVV95cUxOZnFSV3FwbnB5VkdpR3NJZk1FbS1OVGUtaXZuMWNWLXF2NktIaUhjOGM5V25jckVkd2xvRnhNeXhUMGhqaWpWXzNYc0JGWTNweXMwWDZMbGl2bUl4ZnNGaFRnSkt5UDV4UFR5WS1FVmlfWmUwcWh6VGJsNWhLY2NJVUlNUmpFN1lleHUxQlN3?oc=5\" target=\"_blank\" rel=\"nofollow noopener\">N\u00e6ringsliv, Ver | Ettersp\u00f8rselen har skote i v\u00earet: \u2013 Ekstremt travelt<\/a>&nbsp;&nbsp;Firda<\/li>\n<li><a href=\"https:\/\/news.google.com\/rss\/articles\/CBMifEFVX3lxTFAwMWxZZm4yampaUWcyNjZGcGlkN2hqWF9ndkNPVU1wZm55UW1XXzJPNFRNczIyd19MSG1Ma0RvRTYwM0dSS1Nrb3dsY3Y3THYyYzdLRHdObDVOU3NBWmhvU2VuSkM2LUlxeUtXSndGckI2X1hNd2R4VnMyVjI?oc=5\" target=\"_blank\" rel=\"nofollow noopener\">Rives ut av hyllene: \u2013 Det g\u00e5r unna n\u00e5<\/a>&nbsp;&nbsp;TV2.no<\/li>\n<li><a href=\"https:\/\/news.google.com\/rss\/articles\/CBMiigFBVV95cUxPQ1hTNE8zVG5EZ0VQWGZIM0Q4T2VnS2t0UHlTcGV3N0taUWs5TFV6akdnNGFLa0YwX1g0NWktb3ljZ0JaNV91aERXS0U2dzktY3FBOXlaZ0w0MXFWNXFHaWZWVU9XYmRwZGdlM3Bnd3Z3NGZuMjk0NWEwN3JqMzlwQzdKRHdydkFPeWc?oc=5\" target=\"_blank\" rel=\"nofollow noopener\">Steinkjer, Varehandel | Flyr ut av butikkene: \u2013 Plutselig kan det bli tomt<\/a>&nbsp;&nbsp;Tr\u00f8nder-Avisa<\/li>\n<li><a href=\"https:\/\/news.google.com\/rss\/articles\/CBMirgFBVV95cUxNOUtJemU2TGlUWTdNbGI1Y2tnUkZ2Y2M4YXE0VnFkT0hwTU9DRDcxUjJRVGt5R0Z1YWwzWk84N0U5MEVJdV9NVkc3OWtYYk9MUUpvNDdKT3loSnl4bEtfR19hank1SzVYbzNfYnYzNi13QTRoLS1USWhBNGEtTEVGS3VRU0NaU2JULVZPd3NnQ016azRQY29YeE52OEdPMDBFUkwzYnItVlgtU1U1dnc?oc=5\" target=\"_blank\" rel=\"nofollow noopener\">Har solgt et 30-talls varmeovner p\u00e5 to dager: &#8211; Her var det smekkfullt<\/a>&nbsp;&nbsp;avisa-st.no<\/li>\n<li><a href=\"https:\/\/news.google.com\/rss\/articles\/CBMimgFBVV95cUxNRXYyb1lLSV9wYlFtSFhaSmVlcUxKa0t1REdiOTlmRHVRR0ZrSTR5SHpUYThvcGZxNEhjRFd4UG5mQ3ZHckxRSTBlXzhaVFp5OUtldnJ1bXRuV29VOWVYLTFPQ2hWT2lfOENCZmlNa3VxdWdFakhISWJLMGxrWkF4NEZtWkF6X3VVcGtVdXpwMFF2X3NWRk15RENn?oc=5\" target=\"_blank\" rel=\"nofollow noopener\">Flere str\u00f8mbrudd i Bergen. Slik holder du varmen i kulden.<\/a>&nbsp;&nbsp;Bergens Tidende<\/li>\n<\/ol>\n","protected":false},"excerpt":{"rendered":"N\u00e6ringsliv, Ver | Ettersp\u00f8rselen har skote i v\u00earet: \u2013 Ekstremt travelt&nbsp;&nbsp;Firda Rives ut av hyllene: \u2013 Det g\u00e5r&hellip;\n","protected":false},"author":2,"featured_media":131517,"comment_status":"","ping_status":"","sticky":false,"template":"","format":"standard","meta":{"footnotes":""},"categories":[10],"tags":[20,21,24,25,15,22,23,13,30,28,29,14,16,26,27],"class_list":{"0":"post-131516","1":"post","2":"type-post","3":"status-publish","4":"format-standard","5":"has-post-thumbnail","7":"category-norge","8":"tag-breaking-news","9":"tag-breakingnews","10":"tag-featured-news","11":"tag-featurednews","12":"tag-headlines","13":"tag-latest-news","14":"tag-latestnews","15":"tag-news","16":"tag-no","17":"tag-norge","18":"tag-norway","19":"tag-nyheter","20":"tag-overskrifter","21":"tag-top-stories","22":"tag-topstories"},"share_on_mastodon":{"url":"https:\/\/pubeurope.com\/@no\/115855801897105857","error":""},"_links":{"self":[{"href":"https:\/\/www.europesays.com\/no\/wp-json\/wp\/v2\/posts\/131516","targetHints":{"allow":["GET"]}}],"collection":[{"href":"https:\/\/www.europesays.com\/no\/wp-json\/wp\/v2\/posts"}],"about":[{"href":"https:\/\/www.europesays.com\/no\/wp-json\/wp\/v2\/types\/post"}],"author":[{"embeddable":true,"href":"https:\/\/www.europesays.com\/no\/wp-json\/wp\/v2\/users\/2"}],"replies":[{"embeddable":true,"href":"https:\/\/www.europesays.com\/no\/wp-json\/wp\/v2\/comments?post=131516"}],"version-history":[{"count":0,"href":"https:\/\/www.europesays.com\/no\/wp-json\/wp\/v2\/posts\/131516\/revisions"}],"wp:featuredmedia":[{"embeddable":true,"href":"https:\/\/www.europesays.com\/no\/wp-json\/wp\/v2\/media\/131517"}],"wp:attachment":[{"href":"https:\/\/www.europesays.com\/no\/wp-json\/wp\/v2\/media?parent=131516"}],"wp:term":[{"taxonomy":"category","embeddable":true,"href":"https:\/\/www.europesays.com\/no\/wp-json\/wp\/v2\/categories?post=131516"},{"taxonomy":"post_tag","embeddable":true,"href":"https:\/\/www.europesays.com\/no\/wp-json\/wp\/v2\/tags?post=131516"}],"curies":[{"name":"wp","href":"https:\/\/api.w.org\/{rel}","templated":true}]}}