{"id":131523,"date":"2026-01-07T20:59:10","date_gmt":"2026-01-07T20:59:10","guid":{"rendered":"https:\/\/www.europesays.com\/no\/131523\/"},"modified":"2026-01-07T20:59:10","modified_gmt":"2026-01-07T20:59:10","slug":"trafikk-gjovik-sno-skapte-kaos-pa-veien-flere-dager-oppland-arbeiderblad","status":"publish","type":"post","link":"https:\/\/www.europesays.com\/no\/131523\/","title":{"rendered":"Trafikk, Gj\u00f8vik | Sn\u00f8 skapte kaos p\u00e5 veien flere dager &#8211; Oppland Arbeiderblad"},"content":{"rendered":"<ol>\n<li><a href=\"https:\/\/news.google.com\/rss\/articles\/CBMieEFVX3lxTFAzelVWeFNqRVBLLTZQWmV4bWpFTVNIRjJwakhFSjBhRV93SS1CMHBDX2F3LXpXR25jRzdLYm1mSExpWFRrX1BvYXJiM0VqUm1GWmJBclJnOTQ0Vm9iOGN2dko2aDRSTEFrTXdsbTUyMjlUQU41bXRkTQ?oc=5\" target=\"_blank\" rel=\"nofollow noopener\">Trafikk, Gj\u00f8vik | Sn\u00f8 skapte kaos p\u00e5 veien flere dager<\/a>&nbsp;&nbsp;Oppland Arbeiderblad<\/li>\n<li><a href=\"https:\/\/news.google.com\/rss\/articles\/CBMimAFBVV95cUxOQ1B0U1VBUTdldWZSSnNscFRoX1RiSmhsTEtqaFRLbEFyaFc3Y09uRzZfcjFtUWZid2dNTmFBbDRJRTRDQXMtTXZObF9fMVBnTUdEeUt3RjhDZGV6TTExSk1lSmpkbFVhVExaVWdwWU5xc1ZBQVFxaVZsTEpNMkV2NWlVbHRHV0o1TVlmcE9xRllocmxpWHJRZA?oc=5\" target=\"_blank\" rel=\"nofollow noopener\">Kvinne kj\u00f8rte av veien &#8211; Vedum hjalp til<\/a>&nbsp;&nbsp;VG<\/li>\n<li><a href=\"https:\/\/news.google.com\/rss\/articles\/CBMie0FVX3lxTE5TZTRpRlg3RjhtOGNsRTJQemdEd3pqVUV3ZUI4UzFTZ04yNk8zd2o2OUJMWndqWkM3SDRjRndQZUNpYTJkMWFNZGRxUFdERW5qb3RYc2ZmRTRodktqbTRuM3Azc0dUUkZJN2IxOVhtMGl0Zng0U1pfVENOQQ?oc=5\" target=\"_blank\" rel=\"nofollow noopener\">Reddet dagen: &#8211; Fullstendig kaos<\/a>&nbsp;&nbsp;Dagbladet<\/li>\n<li><a href=\"https:\/\/news.google.com\/rss\/articles\/CBMipgFBVV95cUxOSHBia19PSzNPeFZKUG5nVElZd1Z5eFB2Mk9ZY09QUDBRUnF4Sm42djdWZXdwV3RyaGR2eHdmUHl3MEVDUXkyUzA1c1JhTnBOVjBxcEZpMC1yWDRkajNfVXo3WXp4VFpUQm9EZ0pYcHRETW9RNDd0blVtTklBTmx2Vk50UFR6X1NISG1VRWJXalE1Rlc4bFEwNVA0QlpGMG9jclBLb2RR?oc=5\" target=\"_blank\" rel=\"nofollow noopener\">Trygve stoppet opp da han s\u00e5 hva som hadde skjedd<\/a>&nbsp;&nbsp;Nettavisen<\/li>\n<li><a href=\"https:\/\/news.google.com\/rss\/articles\/CBMimwFBVV95cUxQbFhsMXJFSjZOMzhxcU9UUnktSGhhRXg4ZXB0XzFTN3pEWVVDS3k3djU1QzUyenEwNUdhZG5SV2ZxYXZ1WEtRRnBZd2VMdUpZS25ZaDI0OTc4b0laSmo4bVgtVEhxNFQ2SmNrTGNJTnQxRTd3Yzl4RFliWWNyWHBWOS1nYW4tbXJkejhFSlVObTAtdGpITnpvYm5HWQ?oc=5\" target=\"_blank\" rel=\"nofollow noopener\">Full stopp i trafikken n\u00e5r denne karen dukker opp: \u2013 Kan ikke bry seg med det<\/a>&nbsp;&nbsp;steinkjer24.no<\/li>\n<\/ol>\n","protected":false},"excerpt":{"rendered":"Trafikk, Gj\u00f8vik | Sn\u00f8 skapte kaos p\u00e5 veien flere dager&nbsp;&nbsp;Oppland Arbeiderblad Kvinne kj\u00f8rte av veien &#8211; Vedum hjalp&hellip;\n","protected":false},"author":2,"featured_media":131524,"comment_status":"","ping_status":"","sticky":false,"template":"","format":"standard","meta":{"footnotes":""},"categories":[10],"tags":[20,21,24,25,15,22,23,13,30,28,29,14,16,26,27],"class_list":{"0":"post-131523","1":"post","2":"type-post","3":"status-publish","4":"format-standard","5":"has-post-thumbnail","7":"category-norge","8":"tag-breaking-news","9":"tag-breakingnews","10":"tag-featured-news","11":"tag-featurednews","12":"tag-headlines","13":"tag-latest-news","14":"tag-latestnews","15":"tag-news","16":"tag-no","17":"tag-norge","18":"tag-norway","19":"tag-nyheter","20":"tag-overskrifter","21":"tag-top-stories","22":"tag-topstories"},"share_on_mastodon":{"url":"https:\/\/pubeurope.com\/@no\/115855829725314237","error":""},"_links":{"self":[{"href":"https:\/\/www.europesays.com\/no\/wp-json\/wp\/v2\/posts\/131523","targetHints":{"allow":["GET"]}}],"collection":[{"href":"https:\/\/www.europesays.com\/no\/wp-json\/wp\/v2\/posts"}],"about":[{"href":"https:\/\/www.europesays.com\/no\/wp-json\/wp\/v2\/types\/post"}],"author":[{"embeddable":true,"href":"https:\/\/www.europesays.com\/no\/wp-json\/wp\/v2\/users\/2"}],"replies":[{"embeddable":true,"href":"https:\/\/www.europesays.com\/no\/wp-json\/wp\/v2\/comments?post=131523"}],"version-history":[{"count":0,"href":"https:\/\/www.europesays.com\/no\/wp-json\/wp\/v2\/posts\/131523\/revisions"}],"wp:featuredmedia":[{"embeddable":true,"href":"https:\/\/www.europesays.com\/no\/wp-json\/wp\/v2\/media\/131524"}],"wp:attachment":[{"href":"https:\/\/www.europesays.com\/no\/wp-json\/wp\/v2\/media?parent=131523"}],"wp:term":[{"taxonomy":"category","embeddable":true,"href":"https:\/\/www.europesays.com\/no\/wp-json\/wp\/v2\/categories?post=131523"},{"taxonomy":"post_tag","embeddable":true,"href":"https:\/\/www.europesays.com\/no\/wp-json\/wp\/v2\/tags?post=131523"}],"curies":[{"name":"wp","href":"https:\/\/api.w.org\/{rel}","templated":true}]}}