{"id":131525,"date":"2026-01-07T21:00:08","date_gmt":"2026-01-07T21:00:08","guid":{"rendered":"https:\/\/www.europesays.com\/no\/131525\/"},"modified":"2026-01-07T21:00:08","modified_gmt":"2026-01-07T21:00:08","slug":"vil-gi-530-milliarder-til-bonder-for-a-sikre-handelsavtale-e24","status":"publish","type":"post","link":"https:\/\/www.europesays.com\/no\/131525\/","title":{"rendered":"Vil gi 530 milliarder til b\u00f8nder for \u00e5 sikre handelsavtale \u2013 E24"},"content":{"rendered":"<p class=\"fullWidthDesktop hyperion-css-71ztg2\" data-test-tag=\"lead-text\">EU-kommisjonens president Ursula von der Leyen \u00f8nsker \u00e5 signere handelsavtale til fredag.<\/p>\n<p><img decoding=\"async\" class=\"image-asset hyperion-css-u06ts1\" data-test-tag=\"image-asset\" src=\"https:\/\/www.europesays.com\/no\/wp-content\/uploads\/2026\/01\/cc082189-ccf8-49e0-bc49-0350dad555e5.jpeg\"  alt=\"VIL SIKRE HANDELSAVTALE: EU-kommisjonens president Ursula von der Leyen frigj\u00f8r 45 milliarder euro til b\u00f8nder fra EU budsjettet. \"  loading=\"eager\" fetchpriority=\"high\" style=\"aspect-ratio:1900 \/ 1267\"\/>VIL SIKRE HANDELSAVTALE: EU-kommisjonens president Ursula von der Leyen frigj\u00f8r 45 milliarder euro til b\u00f8nder fra EU budsjettet. Foto: ELOISA LOPEZ \/ ReutersPublisert: Publisert: <\/p>\n<p>For mindre enn 20 minutter siden<\/p>\n<ul class=\"hyperion-css-pte5x0\">\n<li aria-label=\"link\" class=\"narrow-button hyperion-css-1sz7d3n\">Kopier lenke<\/li>\n<li aria-label=\"link\" class=\"wide-button hyperion-css-1sz7d3n\">Kopier lenke<\/li>\n<li aria-label=\"facebook\" class=\"narrow-button hyperion-css-1sz7d3n\">Del p\u00e5 Facebook<\/li>\n<li aria-label=\"facebook\" class=\"wide-button hyperion-css-1sz7d3n\">Del p\u00e5 Facebook<\/li>\n<li aria-label=\"email\" class=\"narrow-button hyperion-css-1sz7d3n\">Del med e-post<\/li>\n<li aria-label=\"email\" class=\"wide-button hyperion-css-1sz7d3n\">Del med e-post<\/li>\n<\/ul>\n<p class=\"hyperion-css-1lemvax\">Tirsdag la von der Leyen fram et forslag om \u00e5 tilgjengeliggj\u00f8re 45 milliarder euro, tilsvarende 530 milliarder kroner, i st\u00f8tte til europeiske b\u00f8nder. <\/p>\n<p class=\"hyperion-css-1lemvax\">Pengene er tidligere satt av i EU budsjettet for \u00e5 st\u00f8tte landbruk i 2028 til 2034. <\/p>\n<p class=\"hyperion-css-1lemvax\">Det gj\u00f8r hun i et fors\u00f8k p\u00e5 \u00e5 sikre Italia og andre EU-land sin st\u00f8tte til den omdiskuterte handelsavtalen med Mercosurhandelsavtalen med MercosurMercosur handelsavtalen er en omfattende avtale mellom EU (og EFTA, inkludert Norge) og Mercosur-blokken (Brasil, Argentina, Uruguay, Paraguay) som tar sikte p\u00e5 \u00e5 fjerne toll, forenkle handel og fremme investeringer.. Det skriver <a aria-label=\"Reuters\" class=\"default hyperion-css-1rezu2g\" href=\"https:\/\/www.reuters.com\/business\/eu-summons-farm-ministers-secure-mercosur-deal-backing-2026-01-06\/\" rel=\"noopener nofollow noreferrer\" data-test-tag=\"external-link\" target=\"_blank\">Reuters<\/a>.<\/p>\n<p class=\"hyperion-css-1lemvax\">Handelsavtalen har v\u00e6rt under arbeid i 25 \u00e5r. Den skulle ha blitt signert desember i fjor, men Italias statsminister, Giorgia Meloni, trakk landets st\u00f8tte. <\/p>\n<p class=\"hyperion-css-1lemvax\">Meloni har omtalt forslaget om st\u00f8tte til b\u00f8nder som \u00abpositivt og et betydelig steg fremover\u00bb, if\u00f8lge nyhetsbyr\u00e5et. <\/p>\n<p class=\"hyperion-css-1lemvax\">Fredag skal EU-kommisjonen igjen fors\u00f8ke \u00e5 f\u00e5 gjennom avtalen. Det trengs st\u00f8tte fra 15 EU-land som representerer 65 prosent av innbyggerne i unionen for at EU kan signere avtalen. <\/p>\n<p class=\"hyperion-css-1lemvax\">Tyskland og Spania har lenge st\u00f8ttet avtalen, mens Frankrike og Polen er imot. <\/p>\n<p class=\"hyperion-css-1lemvax\">Derfor er Italias stemme avgj\u00f8rende for utfallet. <\/p>\n","protected":false},"excerpt":{"rendered":"EU-kommisjonens president Ursula von der Leyen \u00f8nsker \u00e5 signere handelsavtale til fredag. VIL SIKRE HANDELSAVTALE: EU-kommisjonens president Ursula&hellip;\n","protected":false},"author":2,"featured_media":131526,"comment_status":"","ping_status":"","sticky":false,"template":"","format":"standard","meta":{"footnotes":""},"categories":[5],"tags":[20,21,24,25,15,19,22,23,17,18,13,30,28,29,14,16,26,27],"class_list":{"0":"post-131525","1":"post","2":"type-post","3":"status-publish","4":"format-standard","5":"has-post-thumbnail","7":"category-overskrifter","8":"tag-breaking-news","9":"tag-breakingnews","10":"tag-featured-news","11":"tag-featurednews","12":"tag-headlines","13":"tag-hovedoppslag","14":"tag-latest-news","15":"tag-latestnews","16":"tag-main-news","17":"tag-mainnews","18":"tag-news","19":"tag-no","20":"tag-norge","21":"tag-norway","22":"tag-nyheter","23":"tag-overskrifter","24":"tag-top-stories","25":"tag-topstories"},"share_on_mastodon":{"url":"https:\/\/pubeurope.com\/@no\/115855833354104747","error":""},"_links":{"self":[{"href":"https:\/\/www.europesays.com\/no\/wp-json\/wp\/v2\/posts\/131525","targetHints":{"allow":["GET"]}}],"collection":[{"href":"https:\/\/www.europesays.com\/no\/wp-json\/wp\/v2\/posts"}],"about":[{"href":"https:\/\/www.europesays.com\/no\/wp-json\/wp\/v2\/types\/post"}],"author":[{"embeddable":true,"href":"https:\/\/www.europesays.com\/no\/wp-json\/wp\/v2\/users\/2"}],"replies":[{"embeddable":true,"href":"https:\/\/www.europesays.com\/no\/wp-json\/wp\/v2\/comments?post=131525"}],"version-history":[{"count":0,"href":"https:\/\/www.europesays.com\/no\/wp-json\/wp\/v2\/posts\/131525\/revisions"}],"wp:featuredmedia":[{"embeddable":true,"href":"https:\/\/www.europesays.com\/no\/wp-json\/wp\/v2\/media\/131526"}],"wp:attachment":[{"href":"https:\/\/www.europesays.com\/no\/wp-json\/wp\/v2\/media?parent=131525"}],"wp:term":[{"taxonomy":"category","embeddable":true,"href":"https:\/\/www.europesays.com\/no\/wp-json\/wp\/v2\/categories?post=131525"},{"taxonomy":"post_tag","embeddable":true,"href":"https:\/\/www.europesays.com\/no\/wp-json\/wp\/v2\/tags?post=131525"}],"curies":[{"name":"wp","href":"https:\/\/api.w.org\/{rel}","templated":true}]}}