{"id":131529,"date":"2026-01-07T21:13:12","date_gmt":"2026-01-07T21:13:12","guid":{"rendered":"https:\/\/www.europesays.com\/no\/131529\/"},"modified":"2026-01-07T21:13:12","modified_gmt":"2026-01-07T21:13:12","slug":"kevin-keegan-har-fatt-kreftdiagnose","status":"publish","type":"post","link":"https:\/\/www.europesays.com\/no\/131529\/","title":{"rendered":"Kevin Keegan har f\u00e5tt kreftdiagnose"},"content":{"rendered":"<p class=\"kicker \" style=\"\">Skribent om Solskj\u00e6r-rapportene:\u00a0<\/p>\n<p>  Det koker f\u00f8r kveldens Manchester United-kamp, og mye handler om Ole Gunnar Solskj\u00e6r (52). &#8211; Jeg vil si det virker veldig 50\/50, sier skribent om fansens respons.\u00a0<\/p>\n<p>BURNLEY\/OSLO (Dagbladet): Bakteppet er ekstraordin\u00e6rt f\u00f8r det som er en \u00abvanlig\u00bb ligakamp mot Burnley.\u00a0<\/p>\n<p class=\"font-weight-bold m-font-weight-bold\" data-lab-font_weight=\"font-weight-bold\">28 mil nord for Manchester handler mye om \u00e9n mann: Ole Gunnar Solskj\u00e6r.\u00a0<\/p>\n<p class=\"font-weight-normal m-font-weight-normal\" data-lab-font_weight=\"font-weight-normal\">Nordmannen er h\u00f8yaktuell til \u00e5 ta over trenerjobben i Manchester United, etter at Ruben Amorim var\u00a0<a href=\"https:\/\/www.dagbladet.no\/sport\/sparket\/84055446\" rel=\"nofollow noopener\" target=\"_blank\">ferdig i klubben tidligere denne uka.<\/a><\/p>\n<p>Til Viaplay onsdag kveld meldte den troverdige The Athletic-skribenten David Ornstein at United-sportssjef Jason Wilcox skal ha samtaler med aktuelle managerkandidater etter kampen mot Burnley i kveld. Solskj\u00e6r, Michael Carrick og Ruud van Nistelrooy er navnene som nevnes.\u00a0<\/p>\n<p>    <a itemprop=\"url\" href=\"https:\/\/www.dagbladet.no\/sport\/kostnad-en-milliard\/84065208\" rel=\"nofollow noopener\" target=\"_blank\"><\/p>\n<p>        <img loading=\"lazy\" decoding=\"async\" src=\"https:\/\/www.europesays.com\/no\/wp-content\/uploads\/2026\/01\/84065332.webp.webp\" width=\"980\" height=\"441\" title=\"Kostnad: \u00c9n milliard\" alt=\"\" class=\"\" style=\"--aspect-ratio-image: 2.22; \"\/><\/p>\n<p>        Kostnad: \u00c9n milliard<\/p>\n<p>    <\/a><\/p>\n<p>I Burnley er Solskj\u00e6r og den ledige jobben et heftig tema, og interessen til ligakampen har v\u00e6rt enorm.\u00a0<\/p>\n<p>Det har har v\u00e6rt\u00a0voldsom<br \/>\np\u00e5gang fra journalister og TV-akt\u00f8rer som \u00f8nsker akkreditering, f\u00e5r Dagbladet opplyst. United-fansen str\u00f8mmer ogs\u00e5 til portene p\u00e5 stadion f\u00f8r start. De g\u00e5r inn en egen inngang et godt stykke borte fra hjemmefansen. De fleste \u00f8nsker ikke \u00e5 snakke med norsk presse.<\/p>\n<p>Men noen vil sette ord p\u00e5 Solskj\u00e6r-rapportene:\u00a0<\/p>\n<p class=\"font-weight-bold m-font-weight-bold\" data-lab-font_weight=\"font-weight-bold\"> &#8211; Fantastisk. Solskj\u00e6r er mannen til \u00e5 f\u00e5 oss tilbake til Champions League neste sesong. Han kjenner klubben inn og ut. Det er den rette beslutningen hvis det blir ham, sier Manchester United-supporter Conor Hegarty til Dagbladet utenfor Turf Moor.\u00a0<\/p>\n<p>        SOLSKJ\u00c6R: Ole Gunnar Solskj\u00e6r ledet Manchester United fra 2018-2021. Slik var hans tid i klubben. Video: Henrik Ljosland, Dagbladet TV-sporten<\/p>\n<p>Mellom 80-90 reportere har s\u00f8kt om innpass p\u00e5 stadion, hvor 20 har m\u00e5ttet bli avsl\u00e5tt grunnet kapasiteten. Dette er sv\u00e6rt uvanlig for en slik type kamp.\u00a0<\/p>\n<p>Darren Fletcher leder United-laget til kampen, men Solskj\u00e6r er alts\u00e5 h\u00f8yaktuell til \u00e5 f\u00e5 jobben.\u00a0<\/p>\n<p>Men hvordan har responsen v\u00e6rt til rapportene om nordmannens United-comeback?\u00a0<\/p>\n<p>&#8211; Jeg vil si det virker veldig 50\/50, forteller Josh Holland, i lokalavisa Manchester Evening News, til Dagbladet.\u00a0<\/p>\n<p class=\"font-weight-bold m-font-weight-bold\" data-lab-font_weight=\"font-weight-bold\">&#8211; Noen vil gjerne sett Ole tilbake etter underverkene han gjorde sist han var midlertidig ansvarlig. Han er en klubblegende, s\u00e5 det er garantier for at han \u00abforst\u00e5r\u00bb hva det vil si \u00e5 representere Manchester United. P\u00e5 andre siden er det at han siste periode endte s\u00e5 d\u00e5rlig &#8211; 5-0-tapet mot Liverpool og 4-1-tapet mot Watford &#8211; at det er vanskelig \u00e5 se hvordan han er god nok. Han har imidlertid f\u00e5tt topp fire-plasseringer p\u00e5 rad med United tidligere, og det er akkurat det klubben trenger n\u00e5, fortsetter skribenten.\u00a0<\/p>\n<p class=\"italic m-italic\" data-lab-italic=\"italic\">&#8211; Tror du klubben lander p\u00e5 Solskj\u00e6r n\u00e5?\u00a0<\/p>\n<p>&#8211; Med rapportene om at samtalene har intensivert seg onsdag, vil jeg si at det er sannsynlig at vi ser Solskj\u00e6r. Hvis ikke, blir det Michael Carrick. Jeg tror ikke det er noen mulighet for \u00e5 ha Solskj\u00e6r som Carricks nummer to, men vi kan se Carrick fungere som Solskj\u00e6rs assistent slik som tidligere, svarer Holland.\u00a0<\/p>\n<p>        <img loading=\"lazy\" decoding=\"async\" src=\"https:\/\/www.europesays.com\/no\/wp-content\/uploads\/2026\/01\/84068830.webp.webp\" width=\"980\" height=\"559\" title=\"FAVORITTER: Ole Gunnar Solskj\u00e6r og Michael Carrick er favoritter til \u00e5 ta over trenerjobben i Manchester United. Foto: AP\/NTB\" alt=\"\" class=\"\" style=\"--aspect-ratio-image: 1.75; \"\/><\/p>\n<p>\n        FAVORITTER: Ole Gunnar Solskj\u00e6r og Michael Carrick er favoritter til \u00e5 ta over trenerjobben i Manchester United. Foto: AP\/NTB\n    <\/p>\n<p class=\"italic m-italic\" data-lab-italic=\"italic\">&#8211; Hvordan tror du han vil passe inn slik situasjonen er i United n\u00e5?\u00a0<\/p>\n<p>&#8211; Planen for resten av sesongen blir \u00e5 la ham lede f\u00f8rstelaget resten av 2025\/26-sesongen. Om han blir v\u00e6rende i klubben utover det i en annen rolle er ukjent. Men som hovedtrener vil han ha et klart m\u00e5l om \u00e5 f\u00e5 United i gang igjen og ende opp p\u00e5 Champions League-plassene.<\/p>\n<p> I 2018 tok Solskj\u00e6r ogs\u00e5 over som midlertidig manager etter at Jos\u00e9 Mourinho fikk sparken. Noen m\u00e5neder senere ble jobben gjort permanent. I 2021 var han ferdig i jobben. Siden gang har han trent Besiktas.\u00a0<\/p>\n","protected":false},"excerpt":{"rendered":"Skribent om Solskj\u00e6r-rapportene:\u00a0 Det koker f\u00f8r kveldens Manchester United-kamp, og mye handler om Ole Gunnar Solskj\u00e6r (52). &#8211;&hellip;\n","protected":false},"author":2,"featured_media":131530,"comment_status":"","ping_status":"","sticky":false,"template":"","format":"standard","meta":{"footnotes":""},"categories":[5],"tags":[20,21,24,25,15,19,22,23,17,18,13,30,28,29,14,16,83,26,27],"class_list":{"0":"post-131529","1":"post","2":"type-post","3":"status-publish","4":"format-standard","5":"has-post-thumbnail","7":"category-overskrifter","8":"tag-breaking-news","9":"tag-breakingnews","10":"tag-featured-news","11":"tag-featurednews","12":"tag-headlines","13":"tag-hovedoppslag","14":"tag-latest-news","15":"tag-latestnews","16":"tag-main-news","17":"tag-mainnews","18":"tag-news","19":"tag-no","20":"tag-norge","21":"tag-norway","22":"tag-nyheter","23":"tag-overskrifter","24":"tag-sport","25":"tag-top-stories","26":"tag-topstories"},"share_on_mastodon":{"url":"https:\/\/pubeurope.com\/@no\/115855884532961911","error":""},"_links":{"self":[{"href":"https:\/\/www.europesays.com\/no\/wp-json\/wp\/v2\/posts\/131529","targetHints":{"allow":["GET"]}}],"collection":[{"href":"https:\/\/www.europesays.com\/no\/wp-json\/wp\/v2\/posts"}],"about":[{"href":"https:\/\/www.europesays.com\/no\/wp-json\/wp\/v2\/types\/post"}],"author":[{"embeddable":true,"href":"https:\/\/www.europesays.com\/no\/wp-json\/wp\/v2\/users\/2"}],"replies":[{"embeddable":true,"href":"https:\/\/www.europesays.com\/no\/wp-json\/wp\/v2\/comments?post=131529"}],"version-history":[{"count":0,"href":"https:\/\/www.europesays.com\/no\/wp-json\/wp\/v2\/posts\/131529\/revisions"}],"wp:featuredmedia":[{"embeddable":true,"href":"https:\/\/www.europesays.com\/no\/wp-json\/wp\/v2\/media\/131530"}],"wp:attachment":[{"href":"https:\/\/www.europesays.com\/no\/wp-json\/wp\/v2\/media?parent=131529"}],"wp:term":[{"taxonomy":"category","embeddable":true,"href":"https:\/\/www.europesays.com\/no\/wp-json\/wp\/v2\/categories?post=131529"},{"taxonomy":"post_tag","embeddable":true,"href":"https:\/\/www.europesays.com\/no\/wp-json\/wp\/v2\/tags?post=131529"}],"curies":[{"name":"wp","href":"https:\/\/api.w.org\/{rel}","templated":true}]}}