{"id":131539,"date":"2026-01-07T21:25:15","date_gmt":"2026-01-07T21:25:15","guid":{"rendered":"https:\/\/www.europesays.com\/no\/131539\/"},"modified":"2026-01-07T21:25:15","modified_gmt":"2026-01-07T21:25:15","slug":"nick-reiners-advokat-trekker-seg-for-rettsmote-i-drapssak","status":"publish","type":"post","link":"https:\/\/www.europesays.com\/no\/131539\/","title":{"rendered":"Nick Reiners advokat trekker seg f\u00f8r rettsm\u00f8te i drapssak"},"content":{"rendered":"<p class=\"kicker \" style=\"\">Nick Reiner:\u00a0<\/p>\n<p>  Kjendiss\u00f8nnens advokat trekker seg rett f\u00f8r rettsm\u00f8tet.<\/p>\n<p>\n    TREKKER SEG: Stjerneadvokat Alan Jackson ble hyret inn av drapssiktede Nick Reiner. N\u00e5 trekker han seg. Foto: Daniel Cole \/ Reuters \/ NTB\n  <\/p>\n<p><a href=\"https:\/\/www.tmz.com\/2026\/01\/07\/nick-reiner-lawyer-alan-jackson-withdraws\/\" rel=\"nofollow noopener\" target=\"_blank\">TMZ<\/a>\u00a0melder at Nick Reiners (32) advokat Alan Jackson har trukket seg. Det er forel\u00f8pig ikke blitt gitt noen begrunnelse til hvorfor han ikke lenger skal presentere ham.\u00a0<\/p>\n<p>Nick vil n\u00e5 f\u00e5 bistand fra offentlig oppnevnt advokat, Kimberly Greene, som har 19 \u00e5rs erfaring.\u00a0<\/p>\n<p>    <a itemprop=\"url\" href=\"https:\/\/www.seher.no\/kjendis\/i-sorg-umulig-tragedie\/84000161\" rel=\"nofollow noopener\" target=\"_blank\"><\/p>\n<p>        <img loading=\"lazy\" decoding=\"async\" src=\"https:\/\/www.europesays.com\/no\/wp-content\/uploads\/2026\/01\/84000225.webp.webp\" width=\"147\" height=\"98\" title=\"I sorg: - Umulig tragedie\" alt=\"\" class=\"lazyload\" style=\"--aspect-ratio-image: 1.50; \"\/><\/p>\n<p>        I sorg: &#8211; Umulig tragedie<\/p>\n<p>    <\/a><\/p>\n<p>32-\u00e5ringen er siktet for \u00e5 ha drept foreldrene sine Rob Reiner og Michele Singer Reiner i hjemmet deres med kniv.\u00a0<\/p>\n<p class=\"font-weight-bold m-font-weight-bold\" data-lab-font_weight=\"font-weight-bold\">Beslutningen ble tatt kort tid f\u00f8r han skulle m\u00f8te i retten for \u00e5 avgi sitt formelle svar p\u00e5 drapstiltalen.<\/p>\n<p>        Politiet frigir video som viser tragiske omstendigheter rund d\u00f8dsfallene til Gene Hackman og kona Betsy Arakawa. Video: AP. Reporter: Vegard Kr\u00fcger \/ Dagbladet TV<\/p>\n<p>Den 32 \u00e5r gamle s\u00f8nnen m\u00f8tte i retten i Los Angeles onsdag 7. januar, med barbert hode og if\u00f8rt beige fengselsdrakt. Han avga ingen erkl\u00e6ring i retten.\u00a0<\/p>\n<p>    <a itemprop=\"url\" href=\"https:\/\/www.seher.no\/kjendis\/barna-bryter-tausheten\/83999774\" rel=\"nofollow noopener\" target=\"_blank\"><\/p>\n<p>        <img loading=\"lazy\" decoding=\"async\" src=\"https:\/\/www.europesays.com\/no\/wp-content\/uploads\/2026\/01\/83999840.webp.webp\" width=\"147\" height=\"98\" title=\"Barna bryter tausheten\" alt=\"\" class=\"lazyload\" style=\"--aspect-ratio-image: 1.50; \"\/><\/p>\n<p>        Barna bryter tausheten<\/p>\n<p>    <\/a><\/p>\n<p>Rettsm\u00f8tet har blitt utsatt til 23. februar.\u00a0\u00a0<\/p>\n<p>Distriktsadvokat Nathan Hochman i Los Angeles sier at aktoratet er sikre p\u00e5 at en jury vil finne Nick\u00a0skyldig i drapet p\u00e5 foreldrene sine, uansett hvem han har som forsvarsadvokat.<\/p>\n<p>        <img loading=\"lazy\" decoding=\"async\" src=\"https:\/\/www.europesays.com\/no\/wp-content\/uploads\/2026\/01\/84068667.webp.webp\" width=\"686\" height=\"762\" title=\"VANSKELIG: Rob og s\u00f8nnen Nick skal ha havnet i en voldsom krangel p\u00e5 en fest hos Conan O'Brien dagen f\u00f8r drapet fant sted, melder flere medier. S\u00f8ndag ble Nick p\u00e5grepet. Bildet er fra 2015. Foto: SplashNews.com\/NTB\" alt=\"\" class=\"\" style=\"--aspect-ratio-image: 0.90; \"\/><\/p>\n<p>\n        VANSKELIG: Rob og s\u00f8nnen Nick skal ha havnet i en voldsom krangel p\u00e5 en fest hos Conan O&#8217;Brien dagen f\u00f8r drapet fant sted, melder flere medier. S\u00f8ndag ble Nick p\u00e5grepet. Bildet er fra 2015. Foto: SplashNews.com\/NTB\n    <\/p>\n<p class=\"font-weight-bold m-font-weight-bold\" data-lab-font_weight=\"font-weight-bold\">Kort tid etter at det ble kjent at Jackson trekker seg, holdt han en kort pressekonferanse. Han sa at det er \u00e9n ting alle kan v\u00e6re innforst\u00e5tt med: \u00abNick Reiner er ikke skyldig\u00bb.<\/p>\n<p>Rob og Michele Reiner ble funnet drept i hjemmet sitt p\u00e5 Brentwood i Los Angeles 14. desember. Nick ble kort tid senere arrestert.\u00a0<\/p>\n<p>    <a itemprop=\"url\" href=\"https:\/\/www.seher.no\/kjendis\/rystende-avsloringer\/83988256\" rel=\"nofollow noopener\" target=\"_blank\"><\/p>\n<p>        <img loading=\"lazy\" decoding=\"async\" src=\"https:\/\/www.europesays.com\/no\/wp-content\/uploads\/2026\/01\/83988365.webp.webp\" width=\"147\" height=\"98\" title=\"Rystende avsl\u00f8ringer\" alt=\"\" class=\"lazyload\" style=\"--aspect-ratio-image: 1.50; \"\/><\/p>\n<p>        Rystende avsl\u00f8ringer<\/p>\n<p>    <\/a><\/p>\n<p>Etter p\u00e5gripelsen ble Nick tatt med til politistasjonen og holdt i varetekt over natten. Omtrent klokken fem om morgenen dagen etter ble han <a href=\"https:\/\/www.seher.no\/kjendis\/barna-bryter-tausheten\/83999774\" rel=\"nofollow noopener\" target=\"_blank\">offisielt mistenkt for de to grufulle drapene<\/a>.\u00a0<\/p>\n<p>&#8211; De jobbet hele natten med denne saken og tok Nick Reiner i varetekt. Dette er en sv\u00e6rt tragisk hendelse, opplyste politisjefen.<\/p>\n<p>        PLAYBOY MURDERS: R\u00f8d L\u00f8per har snakket med \u00abPlayboy\u00bb-profilen Holly Madison, som har lagd dokumentarserien \u00abPlayboy Murderers\u00bb. Den tar for seg mysterier og drap knyttet til Hugh Hefners Playboy-dynasti. <\/p>\n<p>Nick risikerer livstid uten mulighet for pr\u00f8vel\u00f8slatelse eller d\u00f8dsstraff, dersom han blir d\u00f8mt for drapet p\u00e5 foreldrene.\u00a0<\/p>\n","protected":false},"excerpt":{"rendered":"Nick Reiner:\u00a0 Kjendiss\u00f8nnens advokat trekker seg rett f\u00f8r rettsm\u00f8tet. TREKKER SEG: Stjerneadvokat Alan Jackson ble hyret inn av&hellip;\n","protected":false},"author":2,"featured_media":131540,"comment_status":"","ping_status":"","sticky":false,"template":"","format":"standard","meta":{"footnotes":""},"categories":[12],"tags":[20,21,24,25,15,479,2543,22,23,13,13951,30,28,29,14,16,26,27,15229,42,43,44,45],"class_list":{"0":"post-131539","1":"post","2":"type-post","3":"status-publish","4":"format-standard","5":"has-post-thumbnail","7":"category-verden","8":"tag-breaking-news","9":"tag-breakingnews","10":"tag-featured-news","11":"tag-featurednews","12":"tag-headlines","13":"tag-kjendis","14":"tag-kjendisdesken","15":"tag-latest-news","16":"tag-latestnews","17":"tag-news","18":"tag-nick-reiner","19":"tag-no","20":"tag-norge","21":"tag-norway","22":"tag-nyheter","23":"tag-overskrifter","24":"tag-top-stories","25":"tag-topstories","26":"tag-trekker-seg","27":"tag-verden","28":"tag-world","29":"tag-world-news","30":"tag-worldnews"},"share_on_mastodon":{"url":"https:\/\/pubeurope.com\/@no\/115855931667892048","error":""},"_links":{"self":[{"href":"https:\/\/www.europesays.com\/no\/wp-json\/wp\/v2\/posts\/131539","targetHints":{"allow":["GET"]}}],"collection":[{"href":"https:\/\/www.europesays.com\/no\/wp-json\/wp\/v2\/posts"}],"about":[{"href":"https:\/\/www.europesays.com\/no\/wp-json\/wp\/v2\/types\/post"}],"author":[{"embeddable":true,"href":"https:\/\/www.europesays.com\/no\/wp-json\/wp\/v2\/users\/2"}],"replies":[{"embeddable":true,"href":"https:\/\/www.europesays.com\/no\/wp-json\/wp\/v2\/comments?post=131539"}],"version-history":[{"count":0,"href":"https:\/\/www.europesays.com\/no\/wp-json\/wp\/v2\/posts\/131539\/revisions"}],"wp:featuredmedia":[{"embeddable":true,"href":"https:\/\/www.europesays.com\/no\/wp-json\/wp\/v2\/media\/131540"}],"wp:attachment":[{"href":"https:\/\/www.europesays.com\/no\/wp-json\/wp\/v2\/media?parent=131539"}],"wp:term":[{"taxonomy":"category","embeddable":true,"href":"https:\/\/www.europesays.com\/no\/wp-json\/wp\/v2\/categories?post=131539"},{"taxonomy":"post_tag","embeddable":true,"href":"https:\/\/www.europesays.com\/no\/wp-json\/wp\/v2\/tags?post=131539"}],"curies":[{"name":"wp","href":"https:\/\/api.w.org\/{rel}","templated":true}]}}