{"id":131541,"date":"2026-01-07T21:27:24","date_gmt":"2026-01-07T21:27:24","guid":{"rendered":"https:\/\/www.europesays.com\/no\/131541\/"},"modified":"2026-01-07T21:27:24","modified_gmt":"2026-01-07T21:27:24","slug":"na-haster-det-med-ny-eu-debatt","status":"publish","type":"post","link":"https:\/\/www.europesays.com\/no\/131541\/","title":{"rendered":"N\u00e5 haster det med ny EU-debatt"},"content":{"rendered":"<p><img decoding=\"async\" src=\"data:image\/gif;base64,R0lGODlhEAAJAIAAAP\/\/\/wAAACH5BAEAAAAALAAAAAAQAAkAAAIKhI+py+0Po5yUFQA7\" alt=\"\"\/>    <\/p>\n<p class=\"lead\">Hva gj\u00f8r vi hvis Nato svikter? Svaret er innlysende.<\/p>\n<p>Publisert:<br \/>\n  6. januar 2026 kl. 21:33<br \/>\n  Oppdatert:<br \/>\n  6. januar 2026 kl. 21:33\n <\/p>\n<p>Dette er en lederartikkel. Den uttrykker Adresseavisens mening. Lederartiklene legger ikke f\u00f8ringer for avisens nyhetsdekning.<\/p>\n<p><strong>Norge er et bittelite<\/strong>\u00a0land med store ressurser. Olje- og gassvirksomheten gj\u00f8r oss til et potensielt m\u00e5l for fiendtlige makter. Vi deler grense med Russland, som ikke er til \u00e5 stole p\u00e5. I \u00e5revis har vi samarbeidet tett med USA, som akkurat n\u00e5 truer en fredelig, europeisk alliert. Hva skal vi gj\u00f8re?<\/p>\n<p>Svaret er innlysende. P\u00e5 samme m\u00e5te som en akutt sikkerhetspolitisk situasjon f\u00f8rte til at b\u00e5de Sverige og Finland tok debatten og meldte seg inn i Nato p\u00e5 rekordtid, er det n\u00e5 p\u00e5 h\u00f8y tid med en ny EU-debatt her hjemme.<\/p>\n<p><strong>I en verden der\u00a0<\/strong>supermaktene Russland, Kina og USA tydelig viser at de vil dominere egne \u00abinteressesf\u00e6rer\u00bb og ta seg til rette, er det br\u00e5tt blitt prek\u00e6rt at Europa st\u00e5r mer samlet. Norge b\u00f8r v\u00e6re en del av dette fellesskapet.<\/p>\n<p><strong>EU-sp\u00f8rsm\u00e5let er betent<\/strong>\u00a0i Norge. Vi har sagt nei to ganger, men n\u00e5 er det over 30 \u00e5r siden forrige folkeavstemning. Verden ser annerledes ut i dag. Det er ikke sikkert at en ny debatt vil f\u00f8re til et \u00abja\u00bb. Men vi m\u00e5 diskutere dette p\u00e5 nytt. Vi har ikke r\u00e5d til \u00e5 la v\u00e6re.<\/p>\n<p><strong>Det kan v\u00e6re mange<\/strong>\u00a0grunner til at Arbeiderpartiet og H\u00f8yre har skygget unna. EU-debatten kan bli b\u00e5de opprivende og splittende, samtidig som vi trenger samhold og fellesskap.<\/p>\n<p><strong>EU-motstanden\u00a0<\/strong>har ogs\u00e5 v\u00e6rt stor over tid. En meningsm\u00e5ling fra desember i fjor viser at 53 prosent svarer \u00abnei\u00bb til EU-medlemskap. 33 prosent sier \u00abja\u00bb, mens 14 prosent svarer \u00abvet ikke\u00bb.<\/p>\n<p><strong>Mostanden b\u00f8r likevel<\/strong>\u00a0ikke v\u00e6re til hinder for en ny debatt. Som regjeringsparti \u2013 der partilederen i tillegg er uttalt EU-tilhenger \u2013 b\u00f8r Ap v\u00e6re sitt ansvar bevisst. Dette handler om hva som er viktig for Norge. Det er et sp\u00f8rsm\u00e5l om v\u00e5r nasjonale sikkerhet.<\/p>\n<p>Det er uansvarlig \u00e5 late som noe annet.<\/p>\n<p><strong>V\u00e5r mening er klar:\u00a0<\/strong>Vi kan ikke st\u00e5 alene. EU har alltid v\u00e6rt et fredsprosjekt. Europa har mange ganger blitt \u00f8delagt av krig og konflikter mellom nasjonalstater. Men de siste 80 \u00e5rene har samarbeid gjort kontinentet v\u00e5rt mer fredelig.<\/p>\n<p><strong>Vi m\u00e5 samarbeide<\/strong>\u00a0mer \u2013 og enda mer om forsvar enn i dag. N\u00e5 trenger vi et opplyst ordskifte om hva et EU-medlemskap kan bety for Norge, og hva det vil koste \u00e5 st\u00e5 utenfor.<\/p>\n<p><strong>USA truer med \u00e5<\/strong>\u00a0ta Gr\u00f8nland med milit\u00e6r makt. Flere eksperter konkluderer med at dette vil skje. Ledere i store europeiske land har skrevet under p\u00e5 et opprop som ber Donald Trump holde seg unna. Norge burde ogs\u00e5 ha skrevet under.<\/p>\n<p><strong>Og Jonas Gahr St\u00f8re<\/strong>\u00a0(Ap) b\u00f8r ikke lenger holde tilbake, selv om han sikkert vil m\u00f8te motstand b\u00e5de internt og eksternt. Vi trenger ganske enkelt en ny debatt om Norge b\u00f8r bli med i EU.<\/p>\n","protected":false},"excerpt":{"rendered":"Hva gj\u00f8r vi hvis Nato svikter? Svaret er innlysende. Publisert: 6. januar 2026 kl. 21:33 Oppdatert: 6. januar&hellip;\n","protected":false},"author":2,"featured_media":131542,"comment_status":"","ping_status":"","sticky":false,"template":"","format":"standard","meta":{"footnotes":""},"categories":[5],"tags":[499,20,21,55,279,274,24,25,226,2112,15,19,762,201,22,23,246,17,18,2730,233,13,30,28,29,14,16,188,1219,26,27,50],"class_list":{"0":"post-131541","1":"post","2":"type-post","3":"status-publish","4":"format-standard","5":"has-post-thumbnail","7":"category-overskrifter","8":"tag-arbeiderpartiet","9":"tag-breaking-news","10":"tag-breakingnews","11":"tag-donald-trump","12":"tag-eu","13":"tag-europa","14":"tag-featured-news","15":"tag-featurednews","16":"tag-forsvar","17":"tag-gronland","18":"tag-headlines","19":"tag-hovedoppslag","20":"tag-hoyre","21":"tag-jonas-gahr-store","22":"tag-latest-news","23":"tag-latestnews","24":"tag-leder","25":"tag-main-news","26":"tag-mainnews","27":"tag-militaer","28":"tag-nato","29":"tag-news","30":"tag-no","31":"tag-norge","32":"tag-norway","33":"tag-nyheter","34":"tag-overskrifter","35":"tag-russland","36":"tag-sikkerhet","37":"tag-top-stories","38":"tag-topstories","39":"tag-usa"},"share_on_mastodon":{"url":"https:\/\/pubeurope.com\/@no\/115855939510542305","error":""},"_links":{"self":[{"href":"https:\/\/www.europesays.com\/no\/wp-json\/wp\/v2\/posts\/131541","targetHints":{"allow":["GET"]}}],"collection":[{"href":"https:\/\/www.europesays.com\/no\/wp-json\/wp\/v2\/posts"}],"about":[{"href":"https:\/\/www.europesays.com\/no\/wp-json\/wp\/v2\/types\/post"}],"author":[{"embeddable":true,"href":"https:\/\/www.europesays.com\/no\/wp-json\/wp\/v2\/users\/2"}],"replies":[{"embeddable":true,"href":"https:\/\/www.europesays.com\/no\/wp-json\/wp\/v2\/comments?post=131541"}],"version-history":[{"count":0,"href":"https:\/\/www.europesays.com\/no\/wp-json\/wp\/v2\/posts\/131541\/revisions"}],"wp:featuredmedia":[{"embeddable":true,"href":"https:\/\/www.europesays.com\/no\/wp-json\/wp\/v2\/media\/131542"}],"wp:attachment":[{"href":"https:\/\/www.europesays.com\/no\/wp-json\/wp\/v2\/media?parent=131541"}],"wp:term":[{"taxonomy":"category","embeddable":true,"href":"https:\/\/www.europesays.com\/no\/wp-json\/wp\/v2\/categories?post=131541"},{"taxonomy":"post_tag","embeddable":true,"href":"https:\/\/www.europesays.com\/no\/wp-json\/wp\/v2\/tags?post=131541"}],"curies":[{"name":"wp","href":"https:\/\/api.w.org\/{rel}","templated":true}]}}