{"id":131551,"date":"2026-01-07T21:44:07","date_gmt":"2026-01-07T21:44:07","guid":{"rendered":"https:\/\/www.europesays.com\/no\/131551\/"},"modified":"2026-01-07T21:44:07","modified_gmt":"2026-01-07T21:44:07","slug":"oslofjorden-dor-faerder-vil-sikre-250-arbeidsplasser-som-rok-1-januar-vi-finner-det-urimelig-tonsbergs-blad","status":"publish","type":"post","link":"https:\/\/www.europesays.com\/no\/131551\/","title":{"rendered":"Oslofjorden d\u00f8r, F\u00e6rder | Vil sikre 250 arbeidsplasser som r\u00f8k 1. januar: \u2013 Vi finner det urimelig &#8211; T\u00f8nsbergs Blad"},"content":{"rendered":"<ol>\n<li><a href=\"https:\/\/news.google.com\/rss\/articles\/CBMiowFBVV95cUxQd2xLVzhkb1IydklQUV9MX1cweWNNeUo2WHMyTWRsRDNXVkpjcTJOYllCc2JTakd1eDdQNmlrZF9fbWdUeWdnTFlWaXpsbktCR0VMTFg1dGxiSWY0TWFZZFo4WlhlM0k4NzdRVmxIbnZXWHZnV1J0a0VNMTRSRVI5NW5HTGhkdXp1VjJrVDFjeEJwejJ3U2hOTHU2TXMxTWJka1BZ?oc=5\" target=\"_blank\" rel=\"nofollow noopener\">Oslofjorden d\u00f8r, F\u00e6rder | Vil sikre 250 arbeidsplasser som r\u00f8k 1. januar: \u2013 Vi finner det urimelig<\/a>&nbsp;&nbsp;T\u00f8nsbergs Blad<\/li>\n<li><a href=\"https:\/\/news.google.com\/rss\/articles\/CBMipAFBVV95cUxQVW1HZG15c3FkZUZvSWJpd0VIam9IMHNGRDE2azFLYVY1MHNGUkpRUjZZSWxHY1dXRFpFOXFGa0dwVTBHamRFaFdhcy13TnNVT09SY21jOEc1Mm14OVRzVGZHS0hwR00zS2RPLTNNTnNYT0tWZ3VONG5LQk9NdEYxLUo2b3hNR3MtOGl2bnhzRGI0SGtOelUxUkdTbWtYZmxzcUVnRw?oc=5\" target=\"_blank\" rel=\"nofollow noopener\">H\u00e5per ny ordning fra regjeringen kan redde levebr\u00f8det<\/a>&nbsp;&nbsp;NRK<\/li>\n<li><a href=\"https:\/\/news.google.com\/rss\/articles\/CBMiigFBVV95cUxNNVlCaVNGcDIxRm9aVTZrZWlydVJKUFY5dGdDRTFacTRQR2lJNFB3WjN3Yk0yemFKcUZSS2ZUX3JORHBadjVmMHlwNldaZk5rUzBvM1dTbmp0eW9qRVFTVnc1a1JxUkpaRmhrbEU0N0Y0bWdDdGRabUloazRRNVJ4Y3BXR2d5UFZlSkE?oc=5\" target=\"_blank\" rel=\"nofollow noopener\">Dr\u00f8bak b\u00e5thavn, Frogn | Den siste fisketuren p\u00e5 ti \u00e5r: \u2013 Avsluttet med stil<\/a>&nbsp;&nbsp;Akershus Amtstidende<\/li>\n<li><a href=\"https:\/\/news.google.com\/rss\/articles\/CBMiqwFBVV95cUxQcGg0OGtfMHRSUzN4R1BCM0gxd3NzcTdiZThlMDczMk11dldHVlFIRkU0a1U3M3BPSmMxcHNYQ2IwNWh6Wjk0SXl2Y1NEcEJJU0tPbkVweVVsVDcwbEZKQ053ZmdERjBzNElxcFVqUkxIdjF4X0U1bEJ3ak5fTGtHalAyQlRRZlJzUkVrRUJnbFRLTlVyVl9iT3JFcUZ3MTAtQS1yUU51dk55Wm8?oc=5\" target=\"_blank\" rel=\"nofollow noopener\">Husk nullfiske fra 1. januar \u2013 men barna kan fortsatt fiske krabber<\/a>&nbsp;&nbsp;Jarlsberg Avis<\/li>\n<li><a href=\"https:\/\/news.google.com\/rss\/articles\/CBMifkFVX3lxTFBZOUhkTHgweFlHWmRBd193M2MxZDQ3VVFZelZqWkpqQ1ZQQjJnZDRFNWRBZW9LaVBiNm1kbXhqd2JwZGhpQkcyOTB4WXI0RmhGSUpxTUZuWTlGa2lxci10ZndkR1ZHc1czcU5LZ3JLTV82V3hCR2o0NlVLbDFOQQ?oc=5\" target=\"_blank\" rel=\"nofollow noopener\">\u2013 Aner ikke hva jeg skal gj\u00f8re<\/a>&nbsp;&nbsp;kystogfjord.no<\/li>\n<\/ol>\n","protected":false},"excerpt":{"rendered":"Oslofjorden d\u00f8r, F\u00e6rder | Vil sikre 250 arbeidsplasser som r\u00f8k 1. januar: \u2013 Vi finner det urimelig&nbsp;&nbsp;T\u00f8nsbergs Blad&hellip;\n","protected":false},"author":2,"featured_media":131552,"comment_status":"","ping_status":"","sticky":false,"template":"","format":"standard","meta":{"footnotes":""},"categories":[10],"tags":[20,21,24,25,15,22,23,13,30,28,29,14,16,26,27],"class_list":{"0":"post-131551","1":"post","2":"type-post","3":"status-publish","4":"format-standard","5":"has-post-thumbnail","7":"category-norge","8":"tag-breaking-news","9":"tag-breakingnews","10":"tag-featured-news","11":"tag-featurednews","12":"tag-headlines","13":"tag-latest-news","14":"tag-latestnews","15":"tag-news","16":"tag-no","17":"tag-norge","18":"tag-norway","19":"tag-nyheter","20":"tag-overskrifter","21":"tag-top-stories","22":"tag-topstories"},"share_on_mastodon":{"url":"https:\/\/pubeurope.com\/@no\/115856006414252512","error":""},"_links":{"self":[{"href":"https:\/\/www.europesays.com\/no\/wp-json\/wp\/v2\/posts\/131551","targetHints":{"allow":["GET"]}}],"collection":[{"href":"https:\/\/www.europesays.com\/no\/wp-json\/wp\/v2\/posts"}],"about":[{"href":"https:\/\/www.europesays.com\/no\/wp-json\/wp\/v2\/types\/post"}],"author":[{"embeddable":true,"href":"https:\/\/www.europesays.com\/no\/wp-json\/wp\/v2\/users\/2"}],"replies":[{"embeddable":true,"href":"https:\/\/www.europesays.com\/no\/wp-json\/wp\/v2\/comments?post=131551"}],"version-history":[{"count":0,"href":"https:\/\/www.europesays.com\/no\/wp-json\/wp\/v2\/posts\/131551\/revisions"}],"wp:featuredmedia":[{"embeddable":true,"href":"https:\/\/www.europesays.com\/no\/wp-json\/wp\/v2\/media\/131552"}],"wp:attachment":[{"href":"https:\/\/www.europesays.com\/no\/wp-json\/wp\/v2\/media?parent=131551"}],"wp:term":[{"taxonomy":"category","embeddable":true,"href":"https:\/\/www.europesays.com\/no\/wp-json\/wp\/v2\/categories?post=131551"},{"taxonomy":"post_tag","embeddable":true,"href":"https:\/\/www.europesays.com\/no\/wp-json\/wp\/v2\/tags?post=131551"}],"curies":[{"name":"wp","href":"https:\/\/api.w.org\/{rel}","templated":true}]}}