{"id":131558,"date":"2026-01-07T21:53:12","date_gmt":"2026-01-07T21:53:12","guid":{"rendered":"https:\/\/www.europesays.com\/no\/131558\/"},"modified":"2026-01-07T21:53:12","modified_gmt":"2026-01-07T21:53:12","slug":"solskjaer-er-ett-av-tre-navn","status":"publish","type":"post","link":"https:\/\/www.europesays.com\/no\/131558\/","title":{"rendered":"\u2013 Solskj\u00e6r er ett av tre navn"},"content":{"rendered":"\n<p class=\"_lead_o9xde_2 _lead_xtcu6_50 layout-component text-serif-m layout-normal text-serif-l layout-component layout-wide layout-padded _wide_17hqh_1 layout-padded\">Ole Gunnar Solskj\u00e6r er sterkt koblet til den ledige United-jobben, men ingenting skal v\u00e6re avgjort. Samtalene skal fortsette i kveld etter kampen.<\/p>\n<p> <img class=\"_image_qp4xg_65 layout-component layout-wide\" data-fullscreen- data-track-element-type=\"Article image fullscreen\" data-track-name=\"ImageFullscreen\" fetchpriority=\"high\" decoding=\"sync\" loading=\"eager\" height=\"102\" itemprop=\"image\"  src=\"https:\/\/www.europesays.com\/no\/wp-content\/uploads\/2026\/01\/b09963d85d24b5fb75910568e9721af3.jpg\"  style=\"object-position:50% 50%;aspect-ratio:1.75;height:auto;object-fit:cover;width:100%\" width=\"102\"\/>  <\/p>\n<ul aria-hidden=\"true\" class=\"_images_ntbth_112\">\n<li><a class=\"_link_ntbth_117\" href=\"https:\/\/www.vg.no\/forfatter\/sindre-oegar\" style=\"z-index:1\" title=\"Sindre \u00d8gar\" rel=\"nofollow noopener\" target=\"_blank\"><img alt=\"Bilde av Sindre \u00d8gar\" class=\"_image_ntbth_93\" fetchpriority=\"low\" loading=\"lazy\" decoding=\"async\" itemprop=\"image\"  src=\"https:\/\/www.europesays.com\/no\/wp-content\/uploads\/2026\/01\/1767822791_100_104d6818-f429-4f77-a08f-a7022fcc3fa3.png\"  width=\"480\"\/><\/a><\/li>\n<\/ul>\n<p> Oppdatert onsdag 7. januar kl. 21:19     <\/p>\n<p class=\"_paragraph_o9xde_4 _paragraph_xtcu6_10 layout-component text-serif-m layout-normal text-serif-m layout-padded\">Det sier The Athletic-journalist David Ornstein i et intervju med Viaplay f\u00f8r Burnley-Manchester United onsdag kveld. <\/p>\n<p><img alt=\"B\u00e5de Michael Carrick og Ole Gunnar Solskj\u00e6r er aktuelle for jobben i Manchester United.  Foto: Dave Thompson \/ AP \/ NTB\" class=\"_image_qp4xg_65 layout-component layout-normal\" data-fullscreen- data-track-element-type=\"Article image fullscreen\" data-track-name=\"ImageFullscreen\" decoding=\"async\" loading=\"lazy\" height=\"906\" itemprop=\"image\"  src=\"https:\/\/www.europesays.com\/no\/wp-content\/uploads\/2026\/01\/60731ee1-69ad-4660-a434-3dcc549e0349.jpeg\"  style=\"object-position:0% 0%\" width=\"1359\"\/>B\u00e5de Michael Carrick og Ole Gunnar Solskj\u00e6r er aktuelle for jobben i Manchester United.  Foto: Dave Thompson \/ AP \/ NTB<\/p>\n<p class=\"_paragraph_o9xde_4 _paragraph_xtcu6_10 layout-component text-serif-m layout-normal text-serif-m layout-padded\">\u2013 Han er ett av tre navn, sammen med Michael Carrick og Ruud van Nistelrooy, sier Ornstein.<\/p>\n<p class=\"_paragraph_o9xde_4 _paragraph_xtcu6_10 layout-component text-serif-m layout-normal text-serif-m layout-padded\">Han trekker frem Solskj\u00e6r som den heteste kandidaten, sammen med Carrick.<\/p>\n<p class=\"_paragraph_o9xde_4 _paragraph_xtcu6_10 layout-component text-serif-m layout-normal text-serif-m layout-padded\">Michael Carrick hadde en stor spillerkarriere i Manchester United, og var manager for Middlesbrough fra oktober 2022 og frem til sommeren i \u00e5r.<\/p>\n<p class=\"_paragraph_o9xde_4 _paragraph_xtcu6_10 layout-component text-serif-m layout-normal text-serif-m layout-padded\">VG er p\u00e5 plass i Manchester og der er fansen delte i nyheten om Solskj\u00e6rs mulige retur:<\/p>\n<p class=\"_paragraph_o9xde_4 _paragraph_xtcu6_10 layout-component text-serif-m layout-normal text-serif-m layout-padded\">David Ornstein var f\u00f8rst ute med nyheten om at Ruben Amorim ville f\u00e5 sparken som United-trener tidligere i uken.<\/p>\n<p class=\"_paragraph_o9xde_4 _paragraph_xtcu6_10 layout-component text-serif-m layout-normal text-serif-m layout-padded\">Han sier at sportsdirekt\u00f8r Jason Wilcox vil ha samtaler med aktuelle kandidater etter kampen mot Burnley i kveld.<\/p>\n<p class=\"_paragraph_o9xde_4 _paragraph_xtcu6_10 layout-component text-serif-m layout-normal text-serif-m layout-padded\">Reporteren er sikker p\u00e5 at Solskj\u00e6r vil f\u00e5 smilene tilbake p\u00e5 Old Trafford, men understreker at ingenting er bestemt enn\u00e5.<\/p>\n<p class=\"_paragraph_o9xde_4 _paragraph_xtcu6_10 layout-component text-serif-m layout-normal text-serif-m layout-padded\">\u2013 Det kan v\u00e6re at de velger Michael Carrick. Vi har ikke et svar p\u00e5 dette, fordi det ikke finnes noe svar enn\u00e5, sier han.<\/p>\n<p><img decoding=\"async\" alt=\"Bilde av Gary Neville\" class=\"_image_ygndg_42\" height=\"27\" itemprop=\"image\" loading=\"lazy\"  src=\"https:\/\/www.europesays.com\/no\/wp-content\/uploads\/2026\/01\/13c4d98e-3088-4183-853b-1fe1a365275d.jpeg\"  width=\"40\"\/><strong class=\"_name_ygndg_51 title-serif-xs\">Gary Neville<\/strong><\/p>\n<p class=\"_paragraph_o9xde_4 text-sans-m _description_ygndg_56\">Ekspert i Sky Sports<\/p>\n<p class=\"_paragraph_o9xde_4 _paragraph_xtcu6_10 layout-component text-serif-m layout-normal text-serif-m layout-padded\">Sky Sports-ekspert og tidligere United-spiller Gary Neville uttaler seg ogs\u00e5 om Solskj\u00e6r som mulig United-manager.<\/p>\n<p class=\"_paragraph_o9xde_4 _paragraph_xtcu6_10 layout-component text-serif-m layout-normal text-serif-m layout-padded\">\u2013 De satte Ryan Giggs i sjefsstolen for ti \u00e5r siden, s\u00e5 tok Ole over, og s\u00e5 g\u00e5r man tilbake til \u00abde gamle gutta\u00bb, f\u00f8r man henter inn en ny, og deretter ser etter mer erfaring, sier han.<\/p>\n<p class=\"_paragraph_o9xde_4 _paragraph_xtcu6_10 layout-component text-serif-m layout-normal text-serif-m layout-padded\">\u2013 Det er nesten som en syklus, som en film vi alle har sett f\u00f8r \u2013 litt som Groundhog DayGroundhog Dayen film der hovedpersonen opplever at den samme dagen gjentar seg igjen og igjen.<\/p>\n<p class=\"_paragraph_o9xde_4 _paragraph_xtcu6_10 layout-component text-serif-m layout-normal text-serif-m layout-padded\">\u2013 Det jeg mener er at Ole er en som virkelig elsker klubben. Han kjenner jobben og har v\u00e6rt i den f\u00f8r, sier Neville. <\/p>\n","protected":false},"excerpt":{"rendered":"Ole Gunnar Solskj\u00e6r er sterkt koblet til den ledige United-jobben, men ingenting skal v\u00e6re avgjort. Samtalene skal fortsette&hellip;\n","protected":false},"author":2,"featured_media":131559,"comment_status":"","ping_status":"","sticky":false,"template":"","format":"standard","meta":{"footnotes":""},"categories":[5],"tags":[20,21,24,25,15,19,22,23,17,18,158,13,30,28,29,14,505,16,161,26,27],"class_list":{"0":"post-131558","1":"post","2":"type-post","3":"status-publish","4":"format-standard","5":"has-post-thumbnail","7":"category-overskrifter","8":"tag-breaking-news","9":"tag-breakingnews","10":"tag-featured-news","11":"tag-featurednews","12":"tag-headlines","13":"tag-hovedoppslag","14":"tag-latest-news","15":"tag-latestnews","16":"tag-main-news","17":"tag-mainnews","18":"tag-manchester-united","19":"tag-news","20":"tag-no","21":"tag-norge","22":"tag-norway","23":"tag-nyheter","24":"tag-ole-gunnar-solskjaer","25":"tag-overskrifter","26":"tag-premier-league","27":"tag-top-stories","28":"tag-topstories"},"share_on_mastodon":{"url":"https:\/\/pubeurope.com\/@no\/115856041768109162","error":""},"_links":{"self":[{"href":"https:\/\/www.europesays.com\/no\/wp-json\/wp\/v2\/posts\/131558","targetHints":{"allow":["GET"]}}],"collection":[{"href":"https:\/\/www.europesays.com\/no\/wp-json\/wp\/v2\/posts"}],"about":[{"href":"https:\/\/www.europesays.com\/no\/wp-json\/wp\/v2\/types\/post"}],"author":[{"embeddable":true,"href":"https:\/\/www.europesays.com\/no\/wp-json\/wp\/v2\/users\/2"}],"replies":[{"embeddable":true,"href":"https:\/\/www.europesays.com\/no\/wp-json\/wp\/v2\/comments?post=131558"}],"version-history":[{"count":0,"href":"https:\/\/www.europesays.com\/no\/wp-json\/wp\/v2\/posts\/131558\/revisions"}],"wp:featuredmedia":[{"embeddable":true,"href":"https:\/\/www.europesays.com\/no\/wp-json\/wp\/v2\/media\/131559"}],"wp:attachment":[{"href":"https:\/\/www.europesays.com\/no\/wp-json\/wp\/v2\/media?parent=131558"}],"wp:term":[{"taxonomy":"category","embeddable":true,"href":"https:\/\/www.europesays.com\/no\/wp-json\/wp\/v2\/categories?post=131558"},{"taxonomy":"post_tag","embeddable":true,"href":"https:\/\/www.europesays.com\/no\/wp-json\/wp\/v2\/tags?post=131558"}],"curies":[{"name":"wp","href":"https:\/\/api.w.org\/{rel}","templated":true}]}}