{"id":131562,"date":"2026-01-07T21:59:09","date_gmt":"2026-01-07T21:59:09","guid":{"rendered":"https:\/\/www.europesays.com\/no\/131562\/"},"modified":"2026-01-07T21:59:09","modified_gmt":"2026-01-07T21:59:09","slug":"fjell-nyheter-brann-i-lagerbygg-apne-flammer","status":"publish","type":"post","link":"https:\/\/www.europesays.com\/no\/131562\/","title":{"rendered":"Fjell, Nyheter | Brann i lagerbygg: \u2013 \u00c5pne flammer"},"content":{"rendered":"\n<p><b>FJELL: <\/b>Onsdag kveld rykket n\u00f8detatene ut til Laurits Gr\u00f8nlands vei p\u00e5 Fjell, etter \u00e5 ha f\u00e5tt melding om brann i et lagerbygg.<\/p>\n<p>\u2013 Det er \u00e5pne, synlige flammer, meldte operasjonsleder Tom Richard Skuggedal.<\/p>\n<p>Det skal ikke ha v\u00e6rt folk i bygget, som er av mur.\u00a0<\/p>\n<p>   <img decoding=\"async\" width=\"2048\" height=\"1365\" fetchpriority=\"low\"  loading=\"lazy\"  src=\"https:\/\/www.europesays.com\/no\/wp-content\/uploads\/2026\/01\/3bc844fd-2d59-4420-9e40-5f8a9a2d7e80.jpg\" alt=\"\" class=\"brick-c-cFOWSL\" style=\"--brick-image-ratio: 2048 \/ 1365;\"\/><\/p>\n<p>Klokken 21:21 melder Skuggedal at det dreier seg om et lagerbygg for m\u00f8bler.\u00a0<\/p>\n<p>\u2013 Brannvesenet holder p\u00e5 med slukningsarbeid. Sprinkleranlegg p\u00e5 stedet er utl\u00f8st.\u00a0<\/p>\n<p>If\u00f8lge operasjonslederen er helsevesenet i kontakt med en person som muligens har v\u00e6rt inne p\u00e5 stedet og f\u00e5tt i seg r\u00f8yk.<\/p>\n<p>   <img decoding=\"async\" width=\"2048\" height=\"1362\" fetchpriority=\"low\"  loading=\"lazy\"  src=\"https:\/\/www.europesays.com\/no\/wp-content\/uploads\/2026\/01\/c896a678-7d43-4ab3-bf77-0dbb554d9a57.jpg\" alt=\"\" class=\"brick-c-cFOWSL\" style=\"--brick-image-ratio: 2048 \/ 1362;\"\/><\/p>\n<p>      Det var stort oppm\u00f8te av n\u00f8detater p\u00e5 stedet.<br \/>\n      Foto: Reidar Folkedal\n    <\/p>\n<p>P\u00e5 stedet forteller politiets innsatsleder Geir Bodahl at brannen er slukket, og at tingene som har brent er tatt ut av bygget.\u00a0<\/p>\n<p>\u2013 Hva som er \u00e5rsaken til at det brant, vet vi ikke n\u00e5.\u00a0<\/p>\n<p>If\u00f8lge ham var det stor r\u00f8ykutvikling i hele bygningsmassen da det p\u00e5gikk.\u00a0<\/p>\n<p>P\u00e5 stedet er det satt opp sperreb\u00e5nd.<\/p>\n<p>\u2013 Det er bare for at vi skal f\u00e5 litt rom til \u00e5 jobbe rundt oss, forteller innsatslederen.\u00a0<\/p>\n<p>Det har m\u00f8tt opp en del skuelystne p\u00e5 stedet.\u00a0<\/p>\n<p>If\u00f8lge operasjonsleder Skuggedal, er det en restaurant i enden av lageret.\u00a0<\/p>\n<p>\u2013 0Det har kommet noe r\u00f8yk inn i dette lokalet. Eier er varslet om dette, melder han.<\/p>\n<p>Drammens Tidende har v\u00e6rt i kontakt med eierne av lagerbygget, som ikke \u00f8nsket \u00e5 kommentere saken.\u00a0<\/p>\n","protected":false},"excerpt":{"rendered":"FJELL: Onsdag kveld rykket n\u00f8detatene ut til Laurits Gr\u00f8nlands vei p\u00e5 Fjell, etter \u00e5 ha f\u00e5tt melding om&hellip;\n","protected":false},"author":2,"featured_media":131563,"comment_status":"","ping_status":"","sticky":false,"template":"","format":"standard","meta":{"footnotes":""},"categories":[10],"tags":[36,367,20,21,24,25,2407,15,22,23,13,30,28,29,14,16,1510,26,27],"class_list":{"0":"post-131562","1":"post","2":"type-post","3":"status-publish","4":"format-standard","5":"has-post-thumbnail","7":"category-norge","8":"tag-art","9":"tag-brann","10":"tag-breaking-news","11":"tag-breakingnews","12":"tag-featured-news","13":"tag-featurednews","14":"tag-fjell","15":"tag-headlines","16":"tag-latest-news","17":"tag-latestnews","18":"tag-news","19":"tag-no","20":"tag-norge","21":"tag-norway","22":"tag-nyheter","23":"tag-overskrifter","24":"tag-story","25":"tag-top-stories","26":"tag-topstories"},"share_on_mastodon":{"url":"https:\/\/pubeurope.com\/@no\/115856065386202267","error":""},"_links":{"self":[{"href":"https:\/\/www.europesays.com\/no\/wp-json\/wp\/v2\/posts\/131562","targetHints":{"allow":["GET"]}}],"collection":[{"href":"https:\/\/www.europesays.com\/no\/wp-json\/wp\/v2\/posts"}],"about":[{"href":"https:\/\/www.europesays.com\/no\/wp-json\/wp\/v2\/types\/post"}],"author":[{"embeddable":true,"href":"https:\/\/www.europesays.com\/no\/wp-json\/wp\/v2\/users\/2"}],"replies":[{"embeddable":true,"href":"https:\/\/www.europesays.com\/no\/wp-json\/wp\/v2\/comments?post=131562"}],"version-history":[{"count":0,"href":"https:\/\/www.europesays.com\/no\/wp-json\/wp\/v2\/posts\/131562\/revisions"}],"wp:featuredmedia":[{"embeddable":true,"href":"https:\/\/www.europesays.com\/no\/wp-json\/wp\/v2\/media\/131563"}],"wp:attachment":[{"href":"https:\/\/www.europesays.com\/no\/wp-json\/wp\/v2\/media?parent=131562"}],"wp:term":[{"taxonomy":"category","embeddable":true,"href":"https:\/\/www.europesays.com\/no\/wp-json\/wp\/v2\/categories?post=131562"},{"taxonomy":"post_tag","embeddable":true,"href":"https:\/\/www.europesays.com\/no\/wp-json\/wp\/v2\/tags?post=131562"}],"curies":[{"name":"wp","href":"https:\/\/api.w.org\/{rel}","templated":true}]}}