{"id":131566,"date":"2026-01-07T22:04:09","date_gmt":"2026-01-07T22:04:09","guid":{"rendered":"https:\/\/www.europesays.com\/no\/131566\/"},"modified":"2026-01-07T22:04:09","modified_gmt":"2026-01-07T22:04:09","slug":"trump-vil-oke-budsjettet-e24","status":"publish","type":"post","link":"https:\/\/www.europesays.com\/no\/131566\/","title":{"rendered":"Trump vil \u00f8ke budsjettet \u2013 E24"},"content":{"rendered":"<p class=\"fullWidthDesktop hyperion-css-71ztg2\" data-test-tag=\"lead-text\">Meldingene hagler fra presidenten. Det har sendt forsvarsaksjer p\u00e5 en berg-og-dalbanetur. <\/p>\n<p><img decoding=\"async\" class=\"image-asset hyperion-css-rn91le\" data-test-tag=\"image-asset\" src=\"https:\/\/www.europesays.com\/no\/wp-content\/uploads\/2026\/01\/4de5b203-4561-4bfa-92be-a41dd4c5a182.jpeg\"  alt=\"P\u00c5LOGGET: Flere Trump-meldinger p\u00e5 Truth Social har sendt flere aksjer nedover onsdag. \"  loading=\"eager\" fetchpriority=\"high\" style=\"aspect-ratio:1900 \/ 1267\"\/>P\u00c5LOGGET: Flere Trump-meldinger p\u00e5 Truth Social har sendt flere aksjer nedover onsdag. Foto: Kevin Lamarque \/ Reuters \/ NTBPublisert: <\/p>\n<p>For mindre enn 50 minutter siden<\/p>\n<p>Oppdatert n\u00e5 nettopp<\/p>\n<ul class=\"hyperion-css-pte5x0\">\n<li aria-label=\"link\" class=\"narrow-button hyperion-css-1sz7d3n\">Kopier lenke<\/li>\n<li aria-label=\"link\" class=\"wide-button hyperion-css-1sz7d3n\">Kopier lenke<\/li>\n<li aria-label=\"facebook\" class=\"narrow-button hyperion-css-1sz7d3n\">Del p\u00e5 Facebook<\/li>\n<li aria-label=\"facebook\" class=\"wide-button hyperion-css-1sz7d3n\">Del p\u00e5 Facebook<\/li>\n<li aria-label=\"email\" class=\"narrow-button hyperion-css-1sz7d3n\">Del med e-post<\/li>\n<li aria-label=\"email\" class=\"wide-button hyperion-css-1sz7d3n\">Del med e-post<\/li>\n<\/ul>\n<p class=\"hyperion-css-1lemvax\">For tredje gang i l\u00f8pet av kvelden har Donald Trump sendt ut meldinger p\u00e5 Truth Social om forsvarsindustrien. <\/p>\n<p class=\"hyperion-css-1lemvax\">F\u00f8rst varslet han selskapene om \u00e5 stoppe all utbytteutbetaling og tilbakekj\u00f8p av aksjer inntil problemene er l\u00f8st. Han mener forsvarsbedriftene produserer milit\u00e6rutstyr for sakte og ikke vedlikeholder det godt nok.<\/p>\n<p class=\"hyperion-css-1lemvax\">Det sendte forsvarsaksjene p\u00e5 Wall Street nedover. <\/p>\n<p><a data-test-tag=\"teaser-small:link-internal\" href=\"https:\/\/e24.no\/privatoekonomi\/i\/m0RoMp\/olav-chen-her-ville-han-investert-100-000\" class=\"imagePosition-top inline hyperion-css-6238vu\" rel=\"nofollow noopener\" target=\"\" aria-label=\"Olav Chen: Her ville han investert 100.000 \"><\/p>\n<p>Les p\u00e5 E24+<\/p>\n<p>Olav Chen: Her ville han investert 100.000 <\/p>\n<p><\/a><\/p>\n<p class=\"hyperion-css-1lemvax\">Like etter stengetid truet han giganten Raytheon spesielt. Han hevdet at forsvarsdepartementet har informert han om at Raytheon har v\u00e6rt minst lydh\u00f8r ovenfor milit\u00e6rets behov. Selskapet skal ogs\u00e5 ha v\u00e6rt tregest til \u00e5 \u00f8ke produksjonen sin.<\/p>\n<p class=\"hyperion-css-1lemvax\">\u2013 Raytheon ser ut til \u00e5 tro at dette er Biden-administrasjonen, og at dette er \u00abbusiness as usual\u00bb. Det er det IKKE, skriver Trump.<\/p>\n<p class=\"hyperion-css-1lemvax\">Han krever at selskapet investerer mer i fabrikker og utstyr. Hvis ikke, vil Raytheon ikke lenger gj\u00f8re forretninger med departementet. <\/p>\n<p class=\"hyperion-css-1lemvax\">Raytheon-aksjen falt br\u00e5tt dr\u00f8yt tre prosent etter meldingen. <\/p>\n<p class=\"hyperion-css-1lemvax\">Like f\u00f8r klokken 22.30 sende han en ny melding, som skulle l\u00f8fte flere aksjer kraftig i etterhandelen. <\/p>\n<p class=\"hyperion-css-1lemvax\">Der skriver han at han etter samtaler med senatorer, kongressrepresentanter, ministre og andre politiske representanter har han bestemt seg for at milit\u00e6rbudsjettet b\u00f8r ligge p\u00e5 1.500 milliarder dollar, og ikke p\u00e5 1.000 milliarder dollar.<\/p>\n<p class=\"hyperion-css-1lemvax\">Endringer i budsjettet m\u00e5 godkjennes av Kongressen. Det er ikke kjent hvorvidt Trump vil ha flertall for det. <\/p>\n<p class=\"hyperion-css-1lemvax\">Nyheten sender Lookhead Martin-aksjen opp rundt 7,8 prosent i etterhandelen. Samtidig klatrer n\u00e5 Raytheon tre prosent. <\/p>\n","protected":false},"excerpt":{"rendered":"Meldingene hagler fra presidenten. Det har sendt forsvarsaksjer p\u00e5 en berg-og-dalbanetur. P\u00c5LOGGET: Flere Trump-meldinger p\u00e5 Truth Social har&hellip;\n","protected":false},"author":2,"featured_media":131567,"comment_status":"","ping_status":"","sticky":false,"template":"","format":"standard","meta":{"footnotes":""},"categories":[56],"tags":[60,61,62,30,28,29],"class_list":{"0":"post-131566","1":"post","2":"type-post","3":"status-publish","4":"format-standard","5":"has-post-thumbnail","7":"category-naeringsliv","8":"tag-business","9":"tag-economy","10":"tag-naeringsliv","11":"tag-no","12":"tag-norge","13":"tag-norway"},"share_on_mastodon":{"url":"https:\/\/pubeurope.com\/@no\/115856084987774886","error":""},"_links":{"self":[{"href":"https:\/\/www.europesays.com\/no\/wp-json\/wp\/v2\/posts\/131566","targetHints":{"allow":["GET"]}}],"collection":[{"href":"https:\/\/www.europesays.com\/no\/wp-json\/wp\/v2\/posts"}],"about":[{"href":"https:\/\/www.europesays.com\/no\/wp-json\/wp\/v2\/types\/post"}],"author":[{"embeddable":true,"href":"https:\/\/www.europesays.com\/no\/wp-json\/wp\/v2\/users\/2"}],"replies":[{"embeddable":true,"href":"https:\/\/www.europesays.com\/no\/wp-json\/wp\/v2\/comments?post=131566"}],"version-history":[{"count":0,"href":"https:\/\/www.europesays.com\/no\/wp-json\/wp\/v2\/posts\/131566\/revisions"}],"wp:featuredmedia":[{"embeddable":true,"href":"https:\/\/www.europesays.com\/no\/wp-json\/wp\/v2\/media\/131567"}],"wp:attachment":[{"href":"https:\/\/www.europesays.com\/no\/wp-json\/wp\/v2\/media?parent=131566"}],"wp:term":[{"taxonomy":"category","embeddable":true,"href":"https:\/\/www.europesays.com\/no\/wp-json\/wp\/v2\/categories?post=131566"},{"taxonomy":"post_tag","embeddable":true,"href":"https:\/\/www.europesays.com\/no\/wp-json\/wp\/v2\/tags?post=131566"}],"curies":[{"name":"wp","href":"https:\/\/api.w.org\/{rel}","templated":true}]}}