{"id":131568,"date":"2026-01-07T22:06:08","date_gmt":"2026-01-07T22:06:08","guid":{"rendered":"https:\/\/www.europesays.com\/no\/131568\/"},"modified":"2026-01-07T22:06:08","modified_gmt":"2026-01-07T22:06:08","slug":"forbereder-seg-pa-snokaos-pa-ostlandet-kan-koste-millioner-nrk-ostfold-lokale-nyheter-tv-og-radio","status":"publish","type":"post","link":"https:\/\/www.europesays.com\/no\/131568\/","title":{"rendered":"Forbereder seg p\u00e5 sn\u00f8kaos p\u00e5 \u00d8stlandet \u2013 kan koste millioner \u2013 NRK \u00d8stfold \u2013 Lokale nyheter, TV og radio"},"content":{"rendered":"<p>Saken oppsummert:<\/p>\n<ul>\n<li>Fredrikstad kommune er forberedt p\u00e5 det varslede sn\u00f8fallet og har satt av ressurser til br\u00f8yting.<\/li>\n<li>Sn\u00f8varselet er nedjustert fra 25 til 20 cm, men gult farevarsel opprettholdes.<\/li>\n<li>Kollektivtransport, Statens vegvesen og kommunale etater har iverksatt tiltak og ber folk beregne god tid ved reiser.<\/li>\n<li>Kommuner som Halden og Sarpsborg prioriterer hovedveier og oppfordrer til t\u00e5lmodighet fra innbyggerne.<\/li>\n<li>Bilister oppfordres til \u00e5 kj\u00f8re forsiktig og tilpasse farten etter v\u00e6rforholdene.<\/li>\n<li>Veisjefen i Fredrikstad er optimistisk og forventer at veiene vil v\u00e6re klare for normal trafikk innen morgentimene.<\/li>\n<\/ul>\n<p>Oppsummeringen er laget av en KI-tjeneste fra OpenAI. Innholdet er kvalitetssikret av NRKs journalister f\u00f8r publisering.<\/p>\n<p><strong>\u2013 I verste fall s\u00e5 kan timene i ettermiddag til i morgen tidlig koste oss 1,6 millioner kroner, sier Frode Samuelsen, avdelingsleder vei, Fredrikstad kommune.<\/strong><\/p>\n<p>Kommunen er godt rustet for det varslede <a href=\"https:\/\/www.nrk.no\/ostfold\/gult-farevarsel_-kan-komme-25-cm-sno-1.17717073\" ec-id=\"pp:article:1.17717073\" ec-name=\"sn\u00f8fallet\" rel=\"nofollow noopener\" target=\"_blank\">sn\u00f8fallet<\/a>, og st\u00e5r klare til \u00e5 trykke p\u00e5 \u00abden store r\u00f8de knappen\u00bb om n\u00f8dvendig.\n<\/p>\n<p><img decoding=\"async\"   src=\"data:image\/gif;base64,R0lGODlhAQABAIAAAAAAAP\/\/\/yH5BAEAAAAALAAAAAABAAEAAAIBRAA7\" loading=\"eager\" alt=\"En person i en r\u00f8d arbeidsjakke med refleksstriper st\u00e5r foran en sn\u00f8plog og en lastebil. Bakgrunnen viser et verksted med sn\u00f8 p\u00e5 bakken. Personen ser ut til \u00e5 gi et intervju eller en uttalelse. Vanskelige v\u00e6rforhold kan v\u00e6re en del av konteksten. (Bildebeskrivelsen er laget av en KI-tjeneste)\" title=\"Foto: Tomas Berger \/ NRK\"\/><\/p>\n<p class=\"\">I tillegg til kommunens egne biler, f\u00e5r de hjelp fra lokale entrepren\u00f8rer. Totalt er det over 40 personer ute i l\u00f8pet av natta, forteller Frode Samuelsen, avdelingsleder vei, Fredrikstad kommune.<\/p>\n<p>Foto: Tomas Berger \/ NRK<\/p>\n<p><strong>\u2013 N\u00e5r vi trykker p\u00e5 den knappen, som vi sier, n\u00e5r alt vi r\u00e5der over og har kontrakter med blir sendt ut, da koster det minst 800 000 kroner for en gjennomkj\u00f8ring av rutene.<\/strong><\/p>\n<p>To fulle gjennomkj\u00f8ringer dobler prisen til 1,6 millioner kroner.<\/p>\n<p>Veisjefen forbereder seg p\u00e5 kontinuerlig br\u00f8yting fra klokken 21.00 i kveld til morgengry torsdag.<\/p>\n<p>\u2013 Vi vet hva vi skal gj\u00f8re. Det som er viktig, er at mannskapene og personellet f\u00e5r hvilt og er klare, for det kan bli en lang natt.<\/p>\n<p>Sn\u00f8varselet nedjusteres<\/p>\n<p>Onsdag kveld traff sn\u00f8v\u00e6ret kysten fra Kristiansand til \u00d8stfold. Det beveger seg sakte nordover, men bringer mindre sn\u00f8 enn varslet.<\/p>\n<p>\u2013 Det kan komme kanskje 20 centimeter og ikke 25, som vi f\u00f8rst sa, men vi lar det gule farevarselet st\u00e5, sier vakthavende statsmeteorolog Ingrid Bentsen.<\/p>\n<p><img decoding=\"async\"   src=\"data:image\/gif;base64,R0lGODlhAQABAIAAAAAAAP\/\/\/yH5BAEAAAAALAAAAAABAAEAAAIBRAA7\" loading=\"eager\" alt=\"Bilde viser tre r\u00f8de br\u00f8ytebiler parkert under et tak, med sn\u00f8 p\u00e5 bakken. Hver av bilene har en vedlagt br\u00f8yteplog, med variasjoner i farge og design. Omr\u00e5det er dekket av sn\u00f8, og det er begrenset synlighet av andre elementer i bakgrunnen. Bildet gir inntrykk av vintervedlikehold og beredskap. (Bildebeskrivelsen er laget av en KI-tjeneste)\" title=\"Foto: Tomas Berger \/ NRK\"\/><\/p>\n<p class=\"\">Br\u00f8ytebilene til Fredrikstad kommune er klare til innsats.<\/p>\n<p>Foto: Tomas Berger \/ NRK<\/p>\n<p>Kan bli forsinkelser<\/p>\n<p>B\u00e5de Ruter, Vy og Bane Nor har satt i gang tiltak for \u00e5 v\u00e6re klar til de store sn\u00f8mengdene som er meldt fra onsdag kveld. De ber reisende om \u00e5 beregne god tid, melder NTB.<\/p>\n<p>Ruter og operat\u00f8rene som drifter kollektivtilbudet i Oslo og omegn, er godt forberedt p\u00e5 sn\u00f8v\u00e6ret. Det er satt inn ekstra bemanning, og situasjonen f\u00f8lges n\u00f8ye.<\/p>\n<p>Ogs\u00e5 Bymilj\u00f8etaten, som er ansvarlige for br\u00f8yting og str\u00f8ing, er klare til innsats.<\/p>\n<p><strong>\u2013 Dette kan p\u00e5virke kollektivtransporten, og vi anbefaler alle som skal ut \u00e5 reise \u00e5 beregne god tid og vurdere om de kan reise utenfor rushtid, sier Eilif Swensen, leder for ekstern kommunikasjon i Ruter, i en pressemelding.<\/strong><\/p>\n<p><img decoding=\"async\"   src=\"data:image\/gif;base64,R0lGODlhAQABAIAAAAAAAP\/\/\/yH5BAEAAAAALAAAAAABAAEAAAIBRAA7\" loading=\"eager\" alt=\"En buss kj\u00f8rer gjennom sn\u00f8dekt gate mens passasjerer venter p\u00e5 holdeplassen. Flere mennesker st\u00e5r p\u00e5 fortauet if\u00f8rt vinterkl\u00e6r, noen har paraplyer. Sn\u00f8 faller tett, noe som reduserer siktet. I bakgrunnen ses bygninger dekket av sn\u00f8. (Bildebeskrivelsen er laget av en KI-tjeneste)\" title=\"Foto: Erlend Dalhaug Daae \/ NRK\"\/><\/p>\n<p class=\"\">Kollektivtransporten i Oslo har hatt store utfordringer i sn\u00f8v\u00e6r tidligere. For to \u00e5r siden ble hovedstaden lammet da en rekke busser satte seg fast i sn\u00f8massene.<\/p>\n<p>Foto: Erlend Dalhaug Daae \/ NRK<\/p>\n<p><strong>Statens vegvesen sier at de vil ha alle tilgjengelige ressurser klare til \u00e5 h\u00e5ndtere det som kommer.<\/strong><\/p>\n<p>\u2013 Men kan det bli krevende \u00e5 holde veiene br\u00f8ytet og farbare torsdag morgen?<\/p>\n<p>\u2013 Ja, det kan det. Men vi har en god beredskap, sier kommunikasjonsr\u00e5dgiver Lars Olve Hesjedal i Vegvesenet.<\/p>\n<p>Han minner om at det ogs\u00e5 er bilistenes ansvar \u00e5 s\u00f8rge for at det g\u00e5r bra p\u00e5 veiene.<\/p>\n<p>\u2013 Sj\u00e5f\u00f8rene har ansvar for \u00e5 avpasse farten etter v\u00e6r- og f\u00f8reforholdene p\u00e5 stedet, p\u00e5peker Hesjedal.<\/p>\n<p>\nDin nettleser st\u00f8tter ikke innbygging av eksternt innhold\n<\/p>\n<p>Venter store sn\u00f8mengder p\u00e5 \u00d8stlandet i natt.<\/p>\n<p>Oppfordrer til t\u00e5lmodighet<\/p>\n<p>If\u00f8lge Meteorologisk institutt er de h\u00f8yeste mengdene ventet i deler av \u00d8stfold og n\u00e6r svenskegrensen.<\/p>\n<p><strong>I grensebyen Halden forbereder de seg p\u00e5 et t\u00f8ft d\u00f8gn med kontinuerlig br\u00f8yting. Kommunen h\u00e5per trafikantene har t\u00e5lmodighet, og kommer med en klar oppfordring p\u00e5 sine nettsider:<\/strong><\/p>\n<p>\u2013 Halden kommune skal br\u00f8yte cirka 19 mil med veier og 6 mil med gang- og sykkelveier. Det er praktisk umulig \u00e5 br\u00f8yte overalt samtidig. Det vil komme sn\u00f8 overalt, og det vil komme br\u00f8ytebiler til akkurat der du er uten at vi kan si n\u00f8yaktig n\u00e5r.<\/p>\n<p>Huskeliste i sn\u00f8v\u00e6ret: <\/p>\n<ul>\n<li>Eier du et hus i tettbebygd str\u00f8k, b\u00f8r du br\u00f8yte og str\u00f8 p\u00e5 fortau utenfor egen eiendom.<\/li>\n<li>Husk ogs\u00e5 \u00e5 rydde sn\u00f8 fra veien og fram til postkasse og s\u00f8ppelkasse. Da sparer du ansatte i post og renovasjon for \u00e5 f\u00e5 en mye tyngre arbeidsdag.<\/li>\n<li>S\u00f8rg for at det ikke oppst\u00e5r fare for takras eller fallende istapper fra ditt bygg.<\/li>\n<li>Har du parkert i gaten, blir sn\u00f8ryddingen best om du kan flytte bilen f\u00f8r det br\u00f8ytes. F\u00f8lg med p\u00e5 skilting.<\/li>\n<li>Sn\u00f8en som br\u00f8ytes m\u00e5 legges et sted. Derfor kan det komme sn\u00f8 inn p\u00e5 din eiendom n\u00e5r vi br\u00f8yter. Det er lurt \u00e5 ta hensyn til det n\u00e5r du planter eller setter opp gjerder.<\/li>\n<li>V\u00e6r ogs\u00e5 oppmerksom p\u00e5 at det vil komme sn\u00f8 i din oppkj\u00f8rsel etter br\u00f8yting. Det b\u00f8r du beregne tid til \u00e5 rydde p\u00e5 dager med br\u00f8yting.<\/li>\n<\/ul>\n<p>Kilde: Halden kommune<\/p>\n<p>Ogs\u00e5 Sarpsborg kommune opplyser om at de kommer til \u00e5 prioritere de kommunale hovedveiene som har mest trafikk f\u00f8rst, deretter tar de for seg de mindre trafikkerte veiene i tillegg til gang- og sykkelveier.<\/p>\n<p><strong>Indre \u00d8stfold Renovasjon h\u00e5per p\u00e5 drahjelp fra innbyggerne med n\u00f8dvendig sn\u00f8m\u00e5king, slik at renovasjonsbilene kommer seg frem.<\/strong><\/p>\n<p>\u2013 Husk \u00e5 m\u00e5ke og str\u00f8 fram til avfallsbeholderne, og fjern sn\u00f8 fra lokket. Kj\u00f8r forsiktig, skriver de p\u00e5 sine nettsider.<\/p>\n<p><img decoding=\"async\"   src=\"data:image\/gif;base64,R0lGODlhAQABAIAAAAAAAP\/\/\/yH5BAEAAAAALAAAAAABAAEAAAIBRAA7\" loading=\"eager\" alt=\"Br\u00f8ytebil i Karmsundgata i Haugesund\" title=\"Foto: Tor Andr\u00e9 Johannessen\"\/><\/p>\n<p class=\"\">Flere kommuner p\u00e5 \u00d8stlandet ruster n\u00e5 opp til omfattende sn\u00f8br\u00f8yting.<\/p>\n<p>Foto: Tor Andr\u00e9 Johannessen<\/p>\n<p>Tror det g\u00e5r bra<\/p>\n<p>V\u00e6rmeldingen skremmer ikke veisjefen i Fredrikstad. Han tar den varslede sn\u00f8mengden med knusende ro forel\u00f8pig.<\/p>\n<p>\u2013 Dette kommer til \u00e5 g\u00e5 veldig bra. Det vil jo v\u00e6re utfordringer under sn\u00f8fallet, og det tar litt tid \u00e5 komme overalt. Men m\u00e5let er at siden det if\u00f8lge Yr skal slutte \u00e5 sn\u00f8 i 4-5-tiden i morgen tidlig, b\u00f8r vi v\u00e6re rimelig forn\u00f8yde innen klokken seks.<\/p>\n<p><strong>\u2013 S\u00e5 hvis lykken st\u00e5r den kjekke bi, blir det normal morgentrafikk p\u00e5 veiene i morgen, sier Samuelsen.<\/strong><\/p>\n<p>Publisert<\/p>\n<p>07.01.2026, kl. 20.51<\/p>\n","protected":false},"excerpt":{"rendered":"Saken oppsummert: Fredrikstad kommune er forberedt p\u00e5 det varslede sn\u00f8fallet og har satt av ressurser til br\u00f8yting. Sn\u00f8varselet&hellip;\n","protected":false},"author":2,"featured_media":131569,"comment_status":"","ping_status":"","sticky":false,"template":"","format":"standard","meta":{"footnotes":""},"categories":[10],"tags":[20,21,24,25,15,22,23,13,30,28,29,14,16,26,27],"class_list":{"0":"post-131568","1":"post","2":"type-post","3":"status-publish","4":"format-standard","5":"has-post-thumbnail","7":"category-norge","8":"tag-breaking-news","9":"tag-breakingnews","10":"tag-featured-news","11":"tag-featurednews","12":"tag-headlines","13":"tag-latest-news","14":"tag-latestnews","15":"tag-news","16":"tag-no","17":"tag-norge","18":"tag-norway","19":"tag-nyheter","20":"tag-overskrifter","21":"tag-top-stories","22":"tag-topstories"},"share_on_mastodon":{"url":"https:\/\/pubeurope.com\/@no\/115856092990126677","error":""},"_links":{"self":[{"href":"https:\/\/www.europesays.com\/no\/wp-json\/wp\/v2\/posts\/131568","targetHints":{"allow":["GET"]}}],"collection":[{"href":"https:\/\/www.europesays.com\/no\/wp-json\/wp\/v2\/posts"}],"about":[{"href":"https:\/\/www.europesays.com\/no\/wp-json\/wp\/v2\/types\/post"}],"author":[{"embeddable":true,"href":"https:\/\/www.europesays.com\/no\/wp-json\/wp\/v2\/users\/2"}],"replies":[{"embeddable":true,"href":"https:\/\/www.europesays.com\/no\/wp-json\/wp\/v2\/comments?post=131568"}],"version-history":[{"count":0,"href":"https:\/\/www.europesays.com\/no\/wp-json\/wp\/v2\/posts\/131568\/revisions"}],"wp:featuredmedia":[{"embeddable":true,"href":"https:\/\/www.europesays.com\/no\/wp-json\/wp\/v2\/media\/131569"}],"wp:attachment":[{"href":"https:\/\/www.europesays.com\/no\/wp-json\/wp\/v2\/media?parent=131568"}],"wp:term":[{"taxonomy":"category","embeddable":true,"href":"https:\/\/www.europesays.com\/no\/wp-json\/wp\/v2\/categories?post=131568"},{"taxonomy":"post_tag","embeddable":true,"href":"https:\/\/www.europesays.com\/no\/wp-json\/wp\/v2\/tags?post=131568"}],"curies":[{"name":"wp","href":"https:\/\/api.w.org\/{rel}","templated":true}]}}