{"id":131570,"date":"2026-01-07T22:07:13","date_gmt":"2026-01-07T22:07:13","guid":{"rendered":"https:\/\/www.europesays.com\/no\/131570\/"},"modified":"2026-01-07T22:07:13","modified_gmt":"2026-01-07T22:07:13","slug":"city-smell-pa-hjemmebane-ekspert-reagerer-pa-haaland-duell","status":"publish","type":"post","link":"https:\/\/www.europesays.com\/no\/131570\/","title":{"rendered":"City-smell p\u00e5 hjemmebane &#8211; ekspert reagerer p\u00e5 Haaland-duell"},"content":{"rendered":"<p>Erling Braut Haaland har aldri tidligere spilt fire Premier League-kamper fra start p\u00e5 rad uten \u00e5 score.\u00a0<\/p>\n<p>F\u00f8r kampen mot Brighton hjemme p\u00e5 Etihad hadde j\u00e6rbuen g\u00e5tt tre kamper uten \u00e5 sende ballen i nettet.\u00a0<\/p>\n<p>Like f\u00f8r pause mot Brighton ble nordmannens skumle rekke brutt.<\/p>\n<p>        <img class=\"image__img lazyload\" itemprop=\"image\" title=\"Foto: Mike Egerton \/ Pa Photos \/ NTB\" alt=\"JUBLET: Erling Braut Haaland sv\u00e6rt forn\u00f8yd med straffesparket. Foto: Mike Egerton \/ Pa Photos \/ NTB\" width=\"675\" height=\"379\" bad-src=\"https:\/\/www.europesays.com\/no\/wp-content\/uploads\/2026\/01\/18442090.webp.jpeg\" fetchpriority=\"auto\" \/><\/p>\n<p>      JUBLET: Erling Braut Haaland sv\u00e6rt forn\u00f8yd med straffesparket.<br \/>\n         Foto: Mike Egerton \/ Pa Photos \/ NTB<\/p>\n<p>Etter 40 minutter satte Jeremy Doku fart og stormet inn i Brightons boks. Diego Gomez satte venstrefoten langt ut, felte City-spilleren og skaffet straffespark til hjemmelaget.<\/p>\n<p>P\u00e5 straffesparket trillet Haaland enkelt ballen til sin h\u00f8yre og s\u00f8rget for 1-0 til Manchester City. M\u00e5let er 25-\u00e5ringens 150. m\u00e5l for de lysebl\u00e5.<\/p>\n<p class=\"bold m-bold\" data-lab-font_weight=\"bold\">\u2013 Det er et iskaldt straffespark av Haaland, <a href=\"https:\/\/www.bbc.com\/sport\/football\/live\/c4g40gy1y57t?page=2\" rel=\"nofollow noopener\" target=\"_blank\">skrev tidligere Manchester City-spiller Andy Hinchcliffe for Sky Sports.<\/a><\/p>\n<p data-lab-font_weight=\"\">Etter 64 minutter stilnet\u00a0Kaoru Mitoma Etihad Stadium. Den japanske spilleren curlet ballen forbi Gianluigi Donnarumma og utlignet for Brighton.<\/p>\n<p>        <img class=\"image__img lazyload\" itemprop=\"image\" title=\"Foto: Mike Egerton \/ Pa Photos \/ NTB\" alt=\"M\u00c5LSCORER: Kaoru Mitoma utlignet for de gule i Manchester. Foto: Mike Egerton \/ Pa Photos \/ NTB\" width=\"978\" height=\"551\" bad-src=\"https:\/\/www.europesays.com\/no\/wp-content\/uploads\/2026\/01\/18442157.webp.jpeg\" fetchpriority=\"auto\" \/><\/p>\n<p>      M\u00c5LSCORER: Kaoru Mitoma utlignet for de gule i Manchester.<br \/>\n         Foto: Mike Egerton \/ Pa Photos \/ NTB<\/p>\n<p data-lab-font_weight=\"\">En tydelig frustrert Haaland kjempet frem sjanser til siste slutt. Like f\u00f8r fulltid produserte han flere store muligheter, uten \u00e5 helt lykkes.\u00a0<\/p>\n<p data-lab-font_weight=\"\">Kampen ender dermed 1-1, og kun ett poeng til Haalands City.<\/p>\n<p>Ekspert reagerte:\u00a0\u2013 Idiotisk<\/p>\n<p>Haaland fikk r\u00f8ff behandling ved flere anledninger av Brightons Jan Paul van Hecke. I starten av andre omgang endte dette med gult kort til nederlenderen.<\/p>\n<p>At van Hecke ikke ble straffet hardere i de andre duellene fikk flere til \u00e5 reagere.<\/p>\n<p>Manchester City-korrespondent Sam Lee mener Haaland blir straffet p\u00e5 grunn av st\u00f8rrelsen.<\/p>\n<p>\u2013 Fordi han er s\u00e5 sv\u00e6r lar dommerne forsvarspillerne klatre p\u00e5 ham,\u00a0<a href=\"https:\/\/x.com\/samlee\/status\/2008992286252921274?s=46&amp;t=Nyv7iTZv6EQrE4_WCV0wQw\" rel=\"nofollow\">skriver Lee p\u00e5 X.<\/a><\/p>\n<p>        <img class=\"image__img lazyload\" itemprop=\"image\" title=\"Foto: Chris Radburn \/ Reuters \/ NTB\" alt=\"KLATRESTATIV: Den nederlandske forsvarsspilleren til Brighton ga alt i duellene mot Haaland. Foto: Chris Radburn \/ Reuters \/ NTB\" width=\"675\" height=\"379\" bad-src=\"https:\/\/www.europesays.com\/no\/wp-content\/uploads\/2026\/01\/18442144.webp.jpeg\" fetchpriority=\"auto\" \/><\/p>\n<p>      KLATRESTATIV: Den nederlandske forsvarsspilleren til Brighton ga alt i duellene mot Haaland.<br \/>\n         Foto: Chris Radburn \/ Reuters \/ NTB<\/p>\n<p>\u2013 Den er jo i grenseland, men samtidig slipper han tidsnok til at det er mer irriterende enn stygt, sier TV 2s fotballekspert Simen Stams\u00f8-M\u00f8ller om den voldsomme duellen i f\u00f8rste omgang.<\/p>\n<p class=\"bold m-bold\" data-lab-font_weight=\"bold\">\u2013 Men det er jo idiotisk \u00e5 terge Haaland. De fleste som gj\u00f8r det f\u00e5r et m\u00e5l eller to i mot ganske fort.\u00a0<\/p>\n<p>        <img class=\"image__img lazyload\" itemprop=\"image\" title=\"Foto: Chris Radburn \/ Reuters \/ NTB\" alt=\"REAGERTE P\u00c5 DETTE: Flere mente van Hecke slapp billig unna. Foto: Chris Radburn \/ Reuters \/ NTB\" width=\"675\" height=\"500\" bad-src=\"https:\/\/www.europesays.com\/no\/wp-content\/uploads\/2026\/01\/18442146.webp.jpeg\" fetchpriority=\"auto\" \/><\/p>\n<p>      REAGERTE P\u00c5 DETTE: Flere mente van Hecke slapp billig unna.<br \/>\n         Foto: Chris Radburn \/ Reuters \/ NTB<\/p>\n<p>Titteltr\u00f8bbel<\/p>\n<p data-lab-font_weight=\"\">Denne gangen slapp van Hecke unna med ett m\u00e5l imot etter den t\u00f8ffe duellen. 1-1 kan ogs\u00e5 bety City-tr\u00f8bbel i tittelkampen i Premier League.\u00a0<\/p>\n<p data-lab-font_weight=\"\">Skulle ligaleder Arsenal sl\u00e5 Liverpool torsdag, vil de v\u00e6re \u00e5tte poeng bak.\u00a0<\/p>\n","protected":false},"excerpt":{"rendered":"Erling Braut Haaland har aldri tidligere spilt fire Premier League-kamper fra start p\u00e5 rad uten \u00e5 score.\u00a0 F\u00f8r&hellip;\n","protected":false},"author":2,"featured_media":131571,"comment_status":"","ping_status":"","sticky":false,"template":"","format":"standard","meta":{"footnotes":""},"categories":[5],"tags":[20,21,24,25,15,19,22,23,17,18,13,30,28,29,14,16,26,27],"class_list":{"0":"post-131570","1":"post","2":"type-post","3":"status-publish","4":"format-standard","5":"has-post-thumbnail","7":"category-overskrifter","8":"tag-breaking-news","9":"tag-breakingnews","10":"tag-featured-news","11":"tag-featurednews","12":"tag-headlines","13":"tag-hovedoppslag","14":"tag-latest-news","15":"tag-latestnews","16":"tag-main-news","17":"tag-mainnews","18":"tag-news","19":"tag-no","20":"tag-norge","21":"tag-norway","22":"tag-nyheter","23":"tag-overskrifter","24":"tag-top-stories","25":"tag-topstories"},"share_on_mastodon":{"url":"https:\/\/pubeurope.com\/@no\/115856096817312988","error":""},"_links":{"self":[{"href":"https:\/\/www.europesays.com\/no\/wp-json\/wp\/v2\/posts\/131570","targetHints":{"allow":["GET"]}}],"collection":[{"href":"https:\/\/www.europesays.com\/no\/wp-json\/wp\/v2\/posts"}],"about":[{"href":"https:\/\/www.europesays.com\/no\/wp-json\/wp\/v2\/types\/post"}],"author":[{"embeddable":true,"href":"https:\/\/www.europesays.com\/no\/wp-json\/wp\/v2\/users\/2"}],"replies":[{"embeddable":true,"href":"https:\/\/www.europesays.com\/no\/wp-json\/wp\/v2\/comments?post=131570"}],"version-history":[{"count":0,"href":"https:\/\/www.europesays.com\/no\/wp-json\/wp\/v2\/posts\/131570\/revisions"}],"wp:featuredmedia":[{"embeddable":true,"href":"https:\/\/www.europesays.com\/no\/wp-json\/wp\/v2\/media\/131571"}],"wp:attachment":[{"href":"https:\/\/www.europesays.com\/no\/wp-json\/wp\/v2\/media?parent=131570"}],"wp:term":[{"taxonomy":"category","embeddable":true,"href":"https:\/\/www.europesays.com\/no\/wp-json\/wp\/v2\/categories?post=131570"},{"taxonomy":"post_tag","embeddable":true,"href":"https:\/\/www.europesays.com\/no\/wp-json\/wp\/v2\/tags?post=131570"}],"curies":[{"name":"wp","href":"https:\/\/api.w.org\/{rel}","templated":true}]}}