{"id":131572,"date":"2026-01-07T22:14:13","date_gmt":"2026-01-07T22:14:13","guid":{"rendered":"https:\/\/www.europesays.com\/no\/131572\/"},"modified":"2026-01-07T22:14:13","modified_gmt":"2026-01-07T22:14:13","slug":"meningsmaling-jonas-gahr-store-maling-store-langt-bak-listhaug","status":"publish","type":"post","link":"https:\/\/www.europesays.com\/no\/131572\/","title":{"rendered":"Meningsm\u00e5ling, Jonas Gahr St\u00f8re | M\u00e5ling: St\u00f8re langt bak Listhaug"},"content":{"rendered":"\n<p>LILLESTR\u00d8M (Nettavisen): Ap-leder Jonas Gahr St\u00f8re vant stortingsvalget for fire m\u00e5neder siden, men siden har oppslutningen p\u00e5 m\u00e5lingene falt.<\/p>\n<p>I Nettavisens ferske januarm\u00e5ling fra InFact, f\u00e5r Arbeiderpartiet 21,3 prosent. Dette er et fall p\u00e5 hele 6,7 prosentpoeng siden valget, da partiet fikk 28 prosent av stemmene.<\/p>\n<p>Endringene sammenlignet med forrige m\u00e5ling i desember er imidlertid marginale.<\/p>\n<p>\u2013 En del av Ap-velgerne g\u00e5r til gjerdet, og s\u00e5 mister de velgere til h\u00f8yresiden, til b\u00e5de H\u00f8yre og Frp, sier valgforsker Jonas Stein ved Universitetet i Troms\u00f8 til Nettavisen.<\/p>\n<p><b>Gunnar Stavrum: <\/b><a class=\"simple-relation related-teaser article--c-eRUmMG article--c-eRUmMG-fZoQSp-design-nettavisen article--c-eRUmMG-gwthdJ-cv\" href=\"https:\/\/www.nettavisen.no\/sylvi-listhaug-har-aldri-vart-narmere-a-bli-statsminister\/s\/5-95-2812282\" rel=\"nofollow noopener\" target=\"_blank\">Sylvi Listhaug har aldri v\u00e6rt n\u00e6rmere \u00e5 bli statsminister<\/a><\/p>\n<p>St\u00f8re: \u2013 Vi har en plan<\/p>\n<p>St\u00f8re m\u00e5 se seg sl\u00e5tt av Frp-leder Sylvi Listhaug, som i m\u00e5lingen ligger langt foran ham.<\/p>\n<p>Frp g\u00e5r fram 4 prosentpoeng fra desember, <a href=\"https:\/\/www.nettavisen.no\/nyheter\/frp-far-31-9-prosent-i-ny-maling\/s\/5-95-2811386\" rel=\"Follow nofollow noopener\" target=\"_blank\">til et rekordresultat p\u00e5 31,9 prosent<\/a>.Dette er en framgang p\u00e5 hele 8 prosentpoeng siden valget.<\/p>\n<p>\u2013 Det er en voldsom framgang p\u00e5 Frp, konstaterer Stein.<\/p>\n<p>En del av velgerne tas fra Arbeiderpartiet, men klart flest kommer fra H\u00f8yre. 1 av 5 H\u00f8yre-velgere har g\u00e5tt til Frp etter valget.<\/p>\n<p>St\u00f8re kommenterer m\u00e5lingen fra NHOs \u00e5rskonferanse p\u00e5 Lillestr\u00f8m.<\/p>\n<p>\u2013 Hvorfor g\u00e5r det d\u00e5rlig for Arbeiderpartiet n\u00e5?<\/p>\n<p>\u2013 Det synes jeg er vanskelig \u00e5 kommentere. Vi er etter et valg og st\u00e5r i en tid som krever omstillinger hos mange. Vi har en plan for Norge for \u00e5 trygge arbeid, for \u00e5 trygge vekst i hele landet og mener vi har de beste l\u00f8sningene for det, sier St\u00f8re.<\/p>\n<p><b>Les ogs\u00e5: <\/b><a class=\"simple-relation related-teaser article--c-eRUmMG article--c-eRUmMG-fZoQSp-design-nettavisen article--c-eRUmMG-gwthdJ-cv\" href=\"https:\/\/www.nettavisen.no\/store-om-trump-det-ansvaret-kjenner-han\/s\/5-95-2812037\" rel=\"nofollow noopener\" target=\"_blank\">St\u00f8re om Trump: \u2013 Det ansvaret kjenner han<\/a><\/p>\n<p>\u2013 For svake tall<\/p>\n<p>Mot slutten av 2025 stormet det rundt regjeringen under budsjettforhandlingene med de andre r\u00f8dgr\u00f8nne partiene. De fem partier ble til slutt enige.<\/p>\n<p>\u2013 Dette er for svake tall for Arbeiderpartiet. Vi har akkurat lagt frem regjeringens plan for Norge og jobber med \u00e5 levere konkrete forbedringer i hverdagen. Vi lever i en usikker tid og for Arbeiderpartiet er det viktig \u00e5 ta ansvar for Norges trygghet, sier Ap-nestleder Jan Christian Vestre til Nettavisen om m\u00e5lingen.<\/p>\n<p>   <img decoding=\"async\" width=\"9504\" height=\"6336\" fetchpriority=\"low\"  loading=\"lazy\"  src=\"https:\/\/www.europesays.com\/no\/wp-content\/uploads\/2026\/01\/NTB_PmrrWxqK1eg.jpg\" alt=\"Oslo 20250731. &#10;Helseminister Jan Christian Vestre (Ap) bes\u00f8ker Rikshospitalet og Nevrokirurgisk avdeling.&#10;Foto: Ole Berg-Rusten \/ NTB\" class=\"brick-c-cFOWSL\" style=\"--brick-image-ratio: 9504 \/ 6336;\"\/><\/p>\n<p>      SVAKT: Ap-nestleder Jan Christian Vestre sier resultatet er for d\u00e5rlig.<br \/>\n      Foto: Ole Berg-Rusten\n    <\/p>\n<p>Det er ogs\u00e5 borgerlig flertall i m\u00e5lingen. Frp og H\u00f8yre f\u00e5r til sammen 83 mandater, og er kun to mandater unna flertall p\u00e5 Stortinget (85 gir flertall). De trenger st\u00f8tte fra enten Venstre eller KrF for \u00e5 f\u00e5 flertall.<\/p>\n<p>Totalt f\u00e5r de fire borgerlige partiene 92 mandater, mens de r\u00f8dgr\u00f8nne partiene f\u00e5r 77 mandater.<\/p>\n<p>\u2013 Mye som kan skje<\/p>\n<p>Stein p\u00e5peker at det er lenge til neste stortingsvalg, og at det politiske landskapet kan endres. <\/p>\n<p>\u2013 Det er fortsatt veldig lenge til valget, og mellom det skal det v\u00e6re et kommunevalg, s\u00e5 det er veldig mye som kan skje, sier han.<\/p>\n","protected":false},"excerpt":{"rendered":"LILLESTR\u00d8M (Nettavisen): Ap-leder Jonas Gahr St\u00f8re vant stortingsvalget for fire m\u00e5neder siden, men siden har oppslutningen p\u00e5 m\u00e5lingene&hellip;\n","protected":false},"author":2,"featured_media":131318,"comment_status":"","ping_status":"","sticky":false,"template":"","format":"standard","meta":{"footnotes":""},"categories":[10],"tags":[20,21,24,25,15,22,23,13,30,28,29,14,16,26,27],"class_list":{"0":"post-131572","1":"post","2":"type-post","3":"status-publish","4":"format-standard","5":"has-post-thumbnail","7":"category-norge","8":"tag-breaking-news","9":"tag-breakingnews","10":"tag-featured-news","11":"tag-featurednews","12":"tag-headlines","13":"tag-latest-news","14":"tag-latestnews","15":"tag-news","16":"tag-no","17":"tag-norge","18":"tag-norway","19":"tag-nyheter","20":"tag-overskrifter","21":"tag-top-stories","22":"tag-topstories"},"share_on_mastodon":{"url":"https:\/\/pubeurope.com\/@no\/115856124351603668","error":""},"_links":{"self":[{"href":"https:\/\/www.europesays.com\/no\/wp-json\/wp\/v2\/posts\/131572","targetHints":{"allow":["GET"]}}],"collection":[{"href":"https:\/\/www.europesays.com\/no\/wp-json\/wp\/v2\/posts"}],"about":[{"href":"https:\/\/www.europesays.com\/no\/wp-json\/wp\/v2\/types\/post"}],"author":[{"embeddable":true,"href":"https:\/\/www.europesays.com\/no\/wp-json\/wp\/v2\/users\/2"}],"replies":[{"embeddable":true,"href":"https:\/\/www.europesays.com\/no\/wp-json\/wp\/v2\/comments?post=131572"}],"version-history":[{"count":0,"href":"https:\/\/www.europesays.com\/no\/wp-json\/wp\/v2\/posts\/131572\/revisions"}],"wp:featuredmedia":[{"embeddable":true,"href":"https:\/\/www.europesays.com\/no\/wp-json\/wp\/v2\/media\/131318"}],"wp:attachment":[{"href":"https:\/\/www.europesays.com\/no\/wp-json\/wp\/v2\/media?parent=131572"}],"wp:term":[{"taxonomy":"category","embeddable":true,"href":"https:\/\/www.europesays.com\/no\/wp-json\/wp\/v2\/categories?post=131572"},{"taxonomy":"post_tag","embeddable":true,"href":"https:\/\/www.europesays.com\/no\/wp-json\/wp\/v2\/tags?post=131572"}],"curies":[{"name":"wp","href":"https:\/\/api.w.org\/{rel}","templated":true}]}}