{"id":131573,"date":"2026-01-07T22:15:15","date_gmt":"2026-01-07T22:15:15","guid":{"rendered":"https:\/\/www.europesays.com\/no\/131573\/"},"modified":"2026-01-07T22:15:15","modified_gmt":"2026-01-07T22:15:15","slug":"tragisk-hendelse-nrk-trondelag-lokale-nyheter-tv-og-radio","status":"publish","type":"post","link":"https:\/\/www.europesays.com\/no\/131573\/","title":{"rendered":"\u2013 Tragisk hendelse \u2013 NRK Tr\u00f8ndelag \u2013 Lokale nyheter, TV og radio"},"content":{"rendered":"<p><strong>\u2013 Det er en tragisk nyhet, og det minner oss p\u00e5 at det er folk der ute som g\u00e5r p\u00e5 jobb som er farlig, for din og min sikkerhet, sier statsminister Jonas Gahr St\u00f8re til <a href=\"https:\/\/www.dagbladet.no\/nyheter\/tragisk\/84065360\" ec-id=\"https:\/\/www.dagbladet.no\/nyheter\/tragisk\/84065360\" ec-name=\"Dagbladet\" rel=\"nofollow noopener\" target=\"_blank\">Dagbladet<\/a>.<\/strong><\/p>\n<p>To brannkonstabler gikk inn i et brennende hus i Verdal natt til onsdag. De kom aldri ut igjen.<\/p>\n<p>\u2013 Dette g\u00e5r sterkt inn p\u00e5 familie og kolleger, som g\u00e5r inn for \u00e5 redde oss n\u00e5r det er fare, sier St\u00f8re.<\/p>\n<p>De p\u00e5r\u00f8rende er varsla om at de to brannfolka er antatt omkommet, bekrefter politiet til NRK.<\/p>\n<p><img decoding=\"async\"   src=\"data:image\/gif;base64,R0lGODlhAQABAIAAAAAAAP\/\/\/yH5BAEAAAAALAAAAAABAAEAAAIBRAA7\" loading=\"eager\" alt=\"Den ukrainske presidenten Volodymyr Zelenskyj er p\u00e5 plass i Norge for \u00e5 m\u00f8te statsminister Jonas Gahr St\u00f8re (Ap).\" title=\"Foto: H\u00e5kon Benjaminsen \/ NRK\"\/><\/p>\n<p class=\"\">Statsminister Jonas Gahr St\u00f8re sier hendelsen i Verdal er tragisk.<\/p>\n<p>Foto: H\u00e5kon Benjaminsen \/ NRK<\/p>\n<p>\u2013 Gj\u00f8r en uvurderlig jobb<\/p>\n<p>\u2013 Det gj\u00f8r stort inntrykk \u00e5 h\u00f8re at to r\u00f8ykdykkere fra brannvesenet er antatt omkommet etter brannen i Verdal i natt, sier justis- og beredskapsminister Astri Aas-Hansen (Ap) i en uttalelse til NTB.<\/p>\n<p><strong>\u2013 Min dypeste medf\u00f8lelse g\u00e5r til deres n\u00e6rmeste, p\u00e5r\u00f8rende og kollegaer.<\/strong><\/p>\n<p><strong>\u2013 Brannvesenet gj\u00f8r en uvurderlig innsats for samfunnet, og det er vondt n\u00e5r tjenestepersoner som er p\u00e5 jobb for \u00e5 redde andre, selv mister livet, sier statsr\u00e5den.<\/strong><\/p>\n<p>Verdal kommune er i beredskap og f\u00f8lger opp med \u00e5 st\u00f8tte de som er ber\u00f8rt.<\/p>\n<p>\u2013 Vi v\u00e5knet opp til en fryktelig tragisk hendelse her p\u00e5 Verdal i natt, sier ordf\u00f8rer Knut Snorre Sandnes (H) p\u00e5 en pressekonferanse onsdag.<\/p>\n<p><strong>\u2013 Det er to gode brannmenn som er antatt omkommet og den hendelsen som har skjedd ber\u00f8rer oss alle veldig og vil prege oss i kommunen i lang tid.<\/strong><\/p>\n<p><img decoding=\"async\"   src=\"data:image\/gif;base64,R0lGODlhAQABAIAAAAAAAP\/\/\/yH5BAEAAAAALAAAAAABAAEAAAIBRAA7\" loading=\"eager\" alt=\"Brann i enebolig i Verdal\" title=\"Foto: Julie Haugen Egge \/ NRK\"\/><\/p>\n<p class=\"\">Onsdag formiddag foreg\u00e5r det etterslukking p\u00e5 stedet.<\/p>\n<p>Foto: Julie Haugen Egge \/ NRK<\/p>\n<p>Huset som brant er totalskadd. \u00c9n beboer i huset evakuerte seg selv. I tillegg ble fire personer i nabohuset evakuert.<\/p>\n<p>Politiet vil foreta kriminaltekniske unders\u00f8kelser n\u00e5r \u00e5stedet er slukket og nedkj\u00f8lt.<\/p>\n<p>\u2013 Ber\u00f8rer hele brann-Norge<\/p>\n<p><strong>\u2013 Det ber\u00f8rer hele brann-Norge \u00e5 h\u00f8re at to r\u00f8ykdykkere fra Brann Midt IKS er antatt omkommet etter nattens brann i Verdal.<\/strong><\/p>\n<p>Det sier direkt\u00f8r i Direktoratet for samfunnssikkerhet og beredskap (DSB), Elisabeth Aars\u00e6ther.<\/p>\n<p>\u2013 Som \u00f8verste brannmyndighet i Norge vil jeg og alle i DSB sende v\u00e5r dypeste medf\u00f8lelse til r\u00f8ykdykkernes familier, p\u00e5r\u00f8rende, kollegaer og lokalsamfunnet.<\/p>\n<p>Hun forteller at de har hatt kontakt med ledelsen i Brann Midt.<\/p>\n<p>\u2013 Hver eneste dag g\u00e5r brann- og redningspersonell over hele landet p\u00e5 jobb \u2013 for \u00e5 hjelpe andre. For \u00e5 redde liv.<\/p>\n<p><strong>\u2013 Vi har ingen \u00e5 miste \u2013 dette er bare fryktelig vondt. <\/strong><\/p>\n<p><img decoding=\"async\"   src=\"data:image\/gif;base64,R0lGODlhAQABAIAAAAAAAP\/\/\/yH5BAEAAAAALAAAAAABAAEAAAIBRAA7\" loading=\"eager\" alt=\"To personer st\u00e5r ved en brannskadet bygning, hvor r\u00f8yken fortsatt siver. Den ene personen har p\u00e5 seg en jakke med teksten &quot;Kriminaltekniker,&quot; mens den andre er kledd i politiuniform med en gr\u00f8nn vest. Det er isklumper i omgivelsene, tegn p\u00e5 kulde, og spor av \u00f8delagte materialer er synlige. Bakgrunnen viser en vinterlig landskap med sn\u00f8 og fjerne bygninger. (Bildebeskrivelsen er laget av en KI-tjeneste)\" title=\"Foto: Eivind Aabakken \/ NRK\"\/><\/p>\n<p class=\"\">Onsdag formiddag er krimteknikere p\u00e5 plass for \u00e5 gj\u00f8re unders\u00f8kelser p\u00e5 brannstedet. <\/p>\n<p>Foto: Eivind Aabakken \/ NRK<\/p>\n<p>\u2013 Stor tragedie<\/p>\n<p>Leder i Fagforbundet, Helene Harsvik Skeibrok, forteller at de har mottatt budskapet om at to brannfolk er antatt omkommet med stor sorg.<\/p>\n<p><strong>\u2013 Det er forferdelig vondt n\u00e5r de som er p\u00e5 jobb for \u00e5 hjelpe andre, selv mister livet. V\u00e5re tanker g\u00e5r til familie og kollegaer.<\/strong><\/p>\n<p>Fagforbundet har rundt 5500 medlemmer innenfor brann- og redning, i tillegg til deltidsansatte brannfolk.<\/p>\n<p><img decoding=\"async\"   src=\"data:image\/gif;base64,R0lGODlhAQABAIAAAAAAAP\/\/\/yH5BAEAAAAALAAAAAABAAEAAAIBRAA7\" loading=\"eager\" alt=\"Brannmannskap slukker en brann i et hus med betydelig skade. En brannmann er sett knele n\u00e6r en brannslange, mens en annen st\u00e5r i n\u00e6rheten. Omgivelsene er dekket av sn\u00f8, og et boligomr\u00e5de kan sees i bakgrunnen. R\u00f8yk stiger fra det brente taket, og det er tydelige spor etter brannen. (Bildebeskrivelsen er laget av en KI-tjeneste)\" title=\"Foto: Vegard Woll \/ NRK\"\/><\/p>\n<p class=\"\">En beboer evakuerte seg selv fra det brennende huset. Fire personer ble evakuert fra nabohuset. <\/p>\n<p>Foto: Vegard Woll \/ NRK<\/p>\n<p>\u2013 Det er dypt tragisk. V\u00e5re tanker g\u00e5r til familie og kollegaer av de to som er savna. Det er ikke noe annet \u00e5 si enn at det er en stor tragedie, sier leder i Brannforbundet i Delta, Trond Busterud.<\/p>\n<p>Han forteller at det ikke er veldig mange brannfolk i Norge.<\/p>\n<p>\u2013 Det er ikke s\u00e5 voldsomt stort milj\u00f8. Mange kjenner mange rundt om i hele Norge.<\/p>\n<p><strong>\u2013 Og vi er egentlig som en stor familie. Det g\u00e5r inn p\u00e5 oss n\u00e5r s\u00e5nne ting skjer.<\/strong><\/p>\n<p>Busterud forteller at det er sv\u00e6rt sjelden det oppst\u00e5r hendelser i forbindelse med r\u00f8ykdykking.<\/p>\n<p><strong>\u2013 Jeg kan ikke huske at det har v\u00e6rt s\u00e5 alvorlig hendelse som dette i min tid, i hvert fall.<\/strong><\/p>\n<p>Anders L\u00f8berg, leder i Norsk brannfaglig landsforbund sier det er en trist dag.<\/p>\n<p>\u2013 V\u00e5re varmeste tanker g\u00e5r til de p\u00e5r\u00f8rende og alle som er ber\u00f8rt. Hele brann-Norge st\u00e5r samlet om \u00e5 st\u00f8tte de involverte i denne vanskelige tiden.<\/p>\n<p>R\u00f8ykdykking er en av de mest risikofylte oppgavene i tjenesten, if\u00f8lge L\u00f8berg.<\/p>\n<p>\u2013 Brann- og redningspersonell utf\u00f8rer et risikofylt arbeid med h\u00f8y risiko for \u00e5 redde liv og verdier hver eneste dag.<\/p>\n<p>\u2013 Sikkerheten til mannskapet har alltid h\u00f8yest prioritet, men s\u00e5 m\u00e5 vi ogs\u00e5 erkjenne at ulykker kan skje. Til tross for at vi har strenge prosedyrer, utdanning og regelmessige \u00f8velser.<\/p>\n<p><img decoding=\"async\"   src=\"data:image\/gif;base64,R0lGODlhAQABAIAAAAAAAP\/\/\/yH5BAEAAAAALAAAAAABAAEAAAIBRAA7\" loading=\"eager\" alt=\"Skjermbilde \" title=\"Foto: Skjermbilde\"\/><\/p>\n<p class=\"\">Flere av kollegene til brannvesenet i Verdal g\u00e5r ut Facebook og viser sin st\u00f8tte.<\/p>\n<p>Foto: Skjermbilde<\/p>\n<p>\u2013 Fryktelig trist<\/p>\n<p>\u2013 Vi synes selvf\u00f8lgelig at dette er fryktelig trist, sier direkt\u00f8r i Samfunnsbedriftene, \u00d8istein Gjelberg Karlsen.<\/p>\n<p><strong>\u2013 Alle er klar over at det kan v\u00e6re en risiko med den jobben man gj\u00f8r. Men n\u00e5r folk blir skadd eller i verste fall omkommer, s\u00e5 er jo dette veldig trist. <\/strong><\/p>\n<p>Karlsen forteller at de vil ta kontakt med brannvesenet for \u00e5 tilby st\u00f8tte og bistand.<\/p>\n<p>\u2013 Akkurat n\u00e5 er det prim\u00e6rt det \u00e5 vise at vi er der og vil kunne stille opp hvis det er behov. S\u00e5 vil jo utviklingen vise om det vil v\u00e6re et behov for bistanden videre framover for brannvesenet.<\/p>\n<p>Publisert<\/p>\n<p>07.01.2026, kl. 10.08<\/p>\n<p>Oppdatert<\/p>\n<p>07.01.2026, kl. 13.18<\/p>\n","protected":false},"excerpt":{"rendered":"\u2013 Det er en tragisk nyhet, og det minner oss p\u00e5 at det er folk der ute som&hellip;\n","protected":false},"author":2,"featured_media":131574,"comment_status":"","ping_status":"","sticky":false,"template":"","format":"standard","meta":{"footnotes":""},"categories":[5],"tags":[20,21,24,25,15,19,22,23,17,18,13,30,28,29,14,16,26,27],"class_list":{"0":"post-131573","1":"post","2":"type-post","3":"status-publish","4":"format-standard","5":"has-post-thumbnail","7":"category-overskrifter","8":"tag-breaking-news","9":"tag-breakingnews","10":"tag-featured-news","11":"tag-featurednews","12":"tag-headlines","13":"tag-hovedoppslag","14":"tag-latest-news","15":"tag-latestnews","16":"tag-main-news","17":"tag-mainnews","18":"tag-news","19":"tag-no","20":"tag-norge","21":"tag-norway","22":"tag-nyheter","23":"tag-overskrifter","24":"tag-top-stories","25":"tag-topstories"},"share_on_mastodon":{"url":"https:\/\/pubeurope.com\/@no\/115856128252266419","error":""},"_links":{"self":[{"href":"https:\/\/www.europesays.com\/no\/wp-json\/wp\/v2\/posts\/131573","targetHints":{"allow":["GET"]}}],"collection":[{"href":"https:\/\/www.europesays.com\/no\/wp-json\/wp\/v2\/posts"}],"about":[{"href":"https:\/\/www.europesays.com\/no\/wp-json\/wp\/v2\/types\/post"}],"author":[{"embeddable":true,"href":"https:\/\/www.europesays.com\/no\/wp-json\/wp\/v2\/users\/2"}],"replies":[{"embeddable":true,"href":"https:\/\/www.europesays.com\/no\/wp-json\/wp\/v2\/comments?post=131573"}],"version-history":[{"count":0,"href":"https:\/\/www.europesays.com\/no\/wp-json\/wp\/v2\/posts\/131573\/revisions"}],"wp:featuredmedia":[{"embeddable":true,"href":"https:\/\/www.europesays.com\/no\/wp-json\/wp\/v2\/media\/131574"}],"wp:attachment":[{"href":"https:\/\/www.europesays.com\/no\/wp-json\/wp\/v2\/media?parent=131573"}],"wp:term":[{"taxonomy":"category","embeddable":true,"href":"https:\/\/www.europesays.com\/no\/wp-json\/wp\/v2\/categories?post=131573"},{"taxonomy":"post_tag","embeddable":true,"href":"https:\/\/www.europesays.com\/no\/wp-json\/wp\/v2\/tags?post=131573"}],"curies":[{"name":"wp","href":"https:\/\/api.w.org\/{rel}","templated":true}]}}