{"id":131577,"date":"2026-01-07T22:20:06","date_gmt":"2026-01-07T22:20:06","guid":{"rendered":"https:\/\/www.europesays.com\/no\/131577\/"},"modified":"2026-01-07T22:20:06","modified_gmt":"2026-01-07T22:20:06","slug":"colombias-utenriksminister-til-nrk-om-donald-trumps-trusler-mot-colombia-og-andre-land-nrk-urix-utenriksnyheter-og-dokumentarer","status":"publish","type":"post","link":"https:\/\/www.europesays.com\/no\/131577\/","title":{"rendered":"Colombias utenriksminister til NRK om Donald Trumps trusler mot Colombia og andre land \u2013 NRK Urix \u2013 Utenriksnyheter og -dokumentarer"},"content":{"rendered":"<p>Saka oppsummert:<\/p>\n<ul>\n<li>USA har trua Colombia og fleire andre land etter \u00e5taket mot Venezuela, noko som har skapt sterke reaksjonar fr\u00e5 colombianske styresmakter.<\/li>\n<li>Colombias utanriksminister meiner USAs handlingar set b\u00e5de regional og global fred i fare.<\/li>\n<li>Colombia fryktar vald fr\u00e5 v\u00e6pna grupper og f\u00f8rebur seg p\u00e5 ein mogleg flyktningstraum fr\u00e5 Venezuela.<\/li>\n<li>If\u00f8lge utanriksministeren bur det rundt 4 millionar colombianarar i Venezuela, som \u00f2g kan verta p\u00e5virka av situasjonen.<\/li>\n<\/ul>\n<p>Oppsummeringa er laga av ei KI-teneste fr\u00e5 OpenAI. Innhaldet er kvalitetssikra av NRK sine journalistar f\u00f8r publisering.<\/p>\n<p>Etter <a href=\"https:\/\/www.nrk.no\/urix\/eksplosjoner-hort_i-venezuelas-hovedstad-caracas-1.17712416\" ec-id=\"pp:article:1.17712416\" ec-name=\"\u00e5taket mot Venezuela i helga\" rel=\"nofollow noopener\" target=\"_blank\">\u00e5taket mot Venezuela i helga<\/a> har USA allereie rokke \u00e5 trua fleire andre land.<\/p>\n<p>Eitt av dei er nabolandet Colombia.<\/p>\n<p>\u2013 Colombia er ogs\u00e5 sv\u00e6rt sjukt, styrt av ein sjuk mann som likar \u00e5 laga kokain og selja det til USA. Han kjem ikkje til \u00e5 gjera det s\u00e6rleg lenge, <a href=\"https:\/\/www.nrk.no\/nyheter\/trump_-operasjon-colombia-er-en-god-ide-1.17713741\" ec-id=\"pp:article:1.17713741\" ec-name=\"sa president Donald Trump sundag kveld\" rel=\"nofollow noopener\" target=\"_blank\">sa president Donald Trump sundag kveld<\/a>.<\/p>\n<p>Truslane har ikkje falle i god jord hj\u00e5 politikarane i Colombia.<\/p>\n<p><strong>\u2013 Det er uakseptabelt, seier utanriksminister Rosa Yolanda Villavicencio i eit eksklusivt intervju med NRK.<\/strong><\/p>\n<p><img decoding=\"async\"   src=\"data:image\/gif;base64,R0lGODlhAQABAIAAAAAAAP\/\/\/yH5BAEAAAAALAAAAAABAAEAAAIBRAA7\" loading=\"eager\" alt=\"En person sitter med ryggen til kameraet, og ser p\u00e5 en videosamtale p\u00e5 en mobiltelefon festet til et stativ. P\u00e5 skjermen er det en annen person som sitter p\u00e5 et kontor.\" title=\"Foto: Rolf Petter Olaisen \/ NRK\"\/><\/p>\n<p class=\"\">NRK intervjua utanriksminister Rosa Yolanda Villavicencio via Zoom.<\/p>\n<p>Foto: Rolf Petter Olaisen \/ NRK<\/p>\n<p>Ho meiner Trump har trua landet mellom anna fordi dei har vore kritiske til \u00e5taket og til administrasjonen hans.<\/p>\n<p><strong>\u2013 Det set freden p\u00e5 denne halvkula i fare. Det set \u00f2g verdsfreden og heile verdas tryggleik i fare, seier utanriksministeren.<\/strong><\/p>\n<p>Colombias president Gustavo Petro har tidlegare sagt at han er klar til \u00e5 ty til v\u00e5pen viss Trump gjer alvor av truslane sine.<\/p>\n<p>    Dette m\u00e5 du vite om situasjonen i Venezuela<\/p>\n<ul aria-labelledby=\"ca1f762b-bd91-4083-9e2d-be1480b6b301\" role=\"list\">\n<li>Hvorfor gikk USA til angrep?\n<p>USAs president Donald Trump har sagt at m\u00e5let med angrepet var \u00e5 f\u00e5 kontroll p\u00e5 Venezuelas president Nicol\u00e1s Maduro.<\/p>\n<p>I USA er Maduro blant annet tiltalt for \u00abnarkoterrorisme\u00bb, og Trump hevder at Maduro leder et narkokartell som er terrorstemplet i USA.<\/p>\n<p>Maduro avviser beskyldningene, og har tidligere uttalt at Trumps \u00abkrig mot narkotika\u00bb er et p\u00e5skudd for \u00e5 f\u00e5 kontroll over Venezuelas olje og \u00e5 avsette ham som president.<\/p>\n<\/li>\n<li>Har USA lov til \u00e5 gj\u00f8re dette?\n<p>Nei, mener alle ekspertene som NRK har snakket med i etterkant av angrepet.<\/p>\n<p>Folkeretten, som alle FN-land plikter \u00e5 f\u00f8lge, sl\u00e5r fast at bruk av v\u00e6pnet makt overfor en annen stat ikke er lov. Det finnes to unntak: Ved selvforsvar, eller ved \u00e5 f\u00e5 tillatelse fra FNs sikkerhetsr\u00e5d.<\/p>\n<p>I tillegg krenker milit\u00e6roperasjonen med folkerettens prinsipp om statsoverhoders immunitet. Dette prinsippet inneb\u00e6rer at en sittende statsleder er beskyttet mot rettslig forf\u00f8lgelse og arrestasjon av andre land. <\/p>\n<p>USA argumenterer for at de ikke anser Nicol\u00e1s Maduro som den rettmessige statslederen, og at han dermed ikke har immunitet, men det er fortsatt et brudd, if\u00f8lge ekspertene.<\/p>\n<p>USA forsvarer handlingen som en legitim politiaksjon st\u00f8ttet av milit\u00e6re midler, og hevder at presidenten har konstitusjonell myndighet til \u00e5 handle mot trusler mot rikets sikkerhet. <\/p>\n<\/li>\n<li>Hva vil USA med Venezuela?\n<p>Trump har varslet at USA vil styre landet \u00abinntil videre\u00bb og at amerikanske selskaper skal ta kontroll over oljeressursene slik at de \u00abflyter som de skal\u00bb. <\/p>\n<p>Venezuelas visepresident, Delcy Rodr\u00edguez, mener uttalelsene om olje beviser at angrepet aldri handlet om demokrati, men om et rent ressursran, og uttaler at \u00abalt n\u00e5 er avsl\u00f8rt\u00bb. <\/p>\n<p>Eksperter peker p\u00e5 at Trumps m\u00e5l er \u00e5 forme en ny regjering som sikrer amerikanske interesser og fjerner russisk og kinesisk innflytelse i regionen.<\/p>\n<\/li>\n<li>Hva skjer videre?\n<p>Trump har truet fungerende president Delcy Rodr\u00edguez med at hun vil betale en \u00abenda h\u00f8yere pris\u00bb enn Nicol\u00e1s Maduro, dersom hun ikke gir etter for amerikanske krav.<\/p>\n<p>Hun har p\u00e5 sin side bedt folket samle seg for \u00e5 forsvare Venezuela og landets naturressurser. Eksperter peker p\u00e5 at Trump potensielt har forpliktet USA til en langvarig krig.\u00a0<\/p>\n<p>Midt i maktkampen er den humanit\u00e6re bekymringen akutt; etter ti \u00e5r med \u00f8konomisk kollaps og \u00e5tte millioner p\u00e5 flukt, frykter man at \u00f8kt vold og politisk kaos vil f\u00f8re til en forverret humanit\u00e6r krise. <\/p>\n<\/li>\n<\/ul>\n<p>\u2013 Ekstremt alvorleg<\/p>\n<p>Colombia er eit av fleire land som tidleg bad FNs tryggleiksr\u00e5d om \u00e5 kalla inn til m\u00f8te om \u00e5taket mot Venezuela.<\/p>\n<p>Det var viktig for \u00e5 ikkje \u00abnormalisera\u00bb \u00e5taket, som utanriksministeren kallar ekstremt alvorleg.<\/p>\n<p>\u2013 Sj\u00f8lvsagt fryktar me at kva som helst kan skje, ein form for aggresjon, fordi avgjerdene til USAs president er ganske uf\u00f8reseielege, seier Villavicencia.<\/p>\n<p>C\u00facuta ligg i Colombia, rett ved grensa til Venezuela. NRK og fleire nordiske medium har valt \u00e5 halda seg p\u00e5 colombiansk side av grensa p\u00e5 grunn av tryggleik.<\/p>\n<p>Difor har det vore viktig for Colombia \u00e5 danna alliansar med andre land, seier Villavicencio, og nemner Spania, Chile og Brasil som d\u00f8me.<\/p>\n<p>Ho vonar at verdssamfunnet tar til motm\u00e6le mot handlingane til Trump.<\/p>\n<p>\u2013 Me vonar at det internasjonale samfunnet hever stemma si s\u00e5 me kan stoppa denne eskaleringa. Fordi i denne augeblinken er det veldig farleg, seier ho.<\/p>\n<p>Ventar mogleg flyktningstraum<\/p>\n<p>Etter \u00e5taket mot Venezuela har Colombia sendt milit\u00e6ret sitt til grensa.<\/p>\n<p>Innbyggarar i grensebyen C\u00facuta seier til NRK at dei aldri har sett like mykje milit\u00e6re i byen f\u00f8r. Det trass i at byen i fleire \u00e5r har slite med kriminelle gjengar og geriljagrupper.<\/p>\n<p>No er det b\u00e5de tanks og fleire soldatar p\u00e5 grensa.<\/p>\n<p>\u00c5rsaka er mellom anna at Colombia fryktar vald fr\u00e5 v\u00e6pna grupper som vil hemna seg p\u00e5 det amerikanske \u00e5taket mot Venezuela.<\/p>\n<p><strong>Men \u00f2g fordi styresmaktene forventar ein mogleg straum av menneske som vil r\u00f8mma fr\u00e5 Venezuela og uvissa der.<\/strong><\/p>\n<p>\u2013 Det er ein moglegheit me f\u00f8rebur oss p\u00e5, seier utanriksministeren til NRK.<\/p>\n<p><img decoding=\"async\"   src=\"data:image\/gif;base64,R0lGODlhAQABAIAAAAAAAP\/\/\/yH5BAEAAAAALAAAAAABAAEAAAIBRAA7\" loading=\"eager\" alt=\"Flere personer st\u00e5r foran en milit\u00e6rkj\u00f8ret\u00f8y p\u00e5 en gate. En kvinne tar et bilde med mobiltelefon, mens to menn snakker sammen. I bakgrunnen er det en stor plakat med teksten &quot;Vuelve pronto Colombia te espera&quot;. Omgivelsene inkluderer gr\u00f8nne tr\u00e6r og andre kj\u00f8ret\u00f8y. (Bildebeskrivelsen er laget av en KI-tjeneste)\" title=\"Foto: Rolf Petter Olaisen \/ NRK\"\/><\/p>\n<p class=\"\">P\u00e5 grensa mellom Colombia og Venezuela er det no b\u00e5de tanks og soldatar, i tillegg til internasjonale journalistar og vanlege reisande.<\/p>\n<p>Foto: Rolf Petter Olaisen \/ NRK<\/p>\n<p>Villavicencio peikar p\u00e5 at enn s\u00e5 lenge har fungerande president Delcy Rodr\u00edguez styring over milit\u00e6ret. Men det kan fort endra seg viss ho ikkje gjer som USA vil.<\/p>\n<p>\u2013 D\u00e5 kan dei rokka ved stabiliteten. Det kan f\u00f8ra til ei folkevandring, noko me ser som ei moglegheit, seier ho.<\/p>\n<p><strong>Dei siste \u00e5ra har fleire millionar venezuelanarar forlate landet p\u00e5 jakt etter eit betre liv.<\/strong><\/p>\n<p>Men denne gongen m\u00e5 colombianske styresmakter \u00f2g tenka p\u00e5 ei anna gruppe: colombianarar som bur i Venezuela. If\u00f8lge Villavicencio er det om lag 4 millionar menneske.<\/p>\n<p>Venezuelanske flyktningar<\/p>\n<p>If\u00f8lge <a href=\"http:\/\/www.iom.int\/es\/respuesta-la-situacion-de-los-migrantes-y-refugiados-venezolanos\" ec-id=\"http:\/\/www.iom.int\/es\/respuesta-la-situacion-de-los-migrantes-y-refugiados-venezolanos\" ec-name=\"FN\" rel=\"nofollow noopener\" target=\"_blank\">FN<\/a> er det om lag 7,9 millionar venezuelanske flyktningar og emigrantar p\u00e5 verdsbasis.<\/p>\n<p>Det er ein enorm auke fr\u00e5 rundt 700.000 personar i 2015.<\/p>\n<p>Dei aller fleste av desse, om lag 6,9 millionar, bur i Latin-Amerika og Karibia, if\u00f8lge <a href=\"http:\/\/www.r4v.info\/en\" ec-id=\"http:\/\/www.r4v.info\/en\" ec-name=\"paraplyorganisasjonen R4V\" rel=\"nofollow noopener\" target=\"_blank\">paraplyorganisasjonen R4V<\/a> som jobbar med venezuelanske flyktningar.<\/p>\n<p>\u2013 Dei kan \u00f2g verta del av denne folkevandringa, seier ho.<\/p>\n<p>Varsla demonstrasjonar<\/p>\n<p>F\u00f8rebels er det ganske roleg i grensebyen C\u00facuta. Fleire enn vanleg kjem over grensa for \u00e5 handla inn matvarer og andre ting dei treng, men dei fleste reiser heim igjen.<\/p>\n<p>Seinare onsdag er det mogleg at det ikkje vert like roleg, iallfall ikkje i hovudstaden Bogot\u00e1.<\/p>\n<p><strong>Det er det varsla ein stor demonstrasjon mot det amerikanske \u00e5taket p\u00e5 Venezuela.<\/strong><\/p>\n<p>\u2013 Eg trur det er ein domino-effekt av det som skjer i andre land, der folk har g\u00e5tt ut i gatene i store mengder for \u00e5 protestera mot denne aggresjonen, seier Villavicencio.<\/p>\n<p><img decoding=\"async\"   src=\"data:image\/gif;base64,R0lGODlhAQABAIAAAAAAAP\/\/\/yH5BAEAAAAALAAAAAABAAEAAAIBRAA7\" loading=\"eager\" alt=\"En gruppe mennesker deltar i en demonstrasjon med venezuelanske flagg. De uttrykker st\u00f8tte for en fri Venezuela, synliggjort gjennom flagg og plakat som heises. Bakgrunnen viser en bygning med statuer under en delvis skyet himmel. Folkemengden ser engasjert ut, og handlingen skjer utend\u00f8rs. (Bildebeskrivelsen er laget av en KI-tjeneste)\" title=\"Foto: LUIS ACOSTA \/ AFP \/ NTB\"\/><\/p>\n<p class=\"\">Onsdag er det venta demonstrasjonar i Bogot\u00e1 mot det amerikanske \u00e5taket p\u00e5 Venezuela. Men laurdag var det fleire i same by som feira det same \u00e5taket.<\/p>\n<p>Foto: LUIS ACOSTA \/ AFP \/ NTB<\/p>\n<p>Feiring kan straffast<\/p>\n<p>Nokre mil over p\u00e5 venezuelansk side, i byen San Crist\u00f3bal, er det \u00f2g roleg f\u00f8rebels.<\/p>\n<p>Det er fellesferie og l\u00e5gare tempo i byen, trass i dei dramatiske hendingane dei siste dagane.<\/p>\n<p>NRK har samarbeida med lokale journalistar for \u00e5 h\u00f8yra om kva vanlege venezuelanarar tenker om situasjonen. Fleire vil ikkje seia noko p\u00e5 kamera.<\/p>\n<p>\u2013 Du blandar deg inn i ting som eg ikkje kan svara p\u00e5, seier ein kj\u00f8pmann til teamet.<\/p>\n<p>Det er heller ikkje noko openljos feiring i gatene. Ikkje demonstrasjonar heller, for den saks skuld.<\/p>\n<p>Kanskje ikkje s\u00e5 rart. If\u00f8lge Juan Carlos Palcencia har det kome strenge f\u00f8ringar fr\u00e5 styresmaktene:<\/p>\n<p><strong>\u2013 Det er eit dekret om unntakstilstand som underforst\u00e5tt seier at den som feirar Maduros avgang eller handlingane til USA, kan verta fengsla eller tiltalt for landsforr\u00e6deri.<\/strong><\/p>\n<p>Interessert i kva som skjer i verda? H\u00f8yr p\u00e5 utanriksredaksjonens podkast:<\/p>\n<p>Publisert<\/p>\n<p>07.01.2026, kl. 22.55<\/p>\n","protected":false},"excerpt":{"rendered":"Saka oppsummert: USA har trua Colombia og fleire andre land etter \u00e5taket mot Venezuela, noko som har skapt&hellip;\n","protected":false},"author":2,"featured_media":131578,"comment_status":"","ping_status":"","sticky":false,"template":"","format":"standard","meta":{"footnotes":""},"categories":[12],"tags":[20,21,24,25,15,22,23,13,30,28,29,14,16,26,27,42,43,44,45],"class_list":{"0":"post-131577","1":"post","2":"type-post","3":"status-publish","4":"format-standard","5":"has-post-thumbnail","7":"category-verden","8":"tag-breaking-news","9":"tag-breakingnews","10":"tag-featured-news","11":"tag-featurednews","12":"tag-headlines","13":"tag-latest-news","14":"tag-latestnews","15":"tag-news","16":"tag-no","17":"tag-norge","18":"tag-norway","19":"tag-nyheter","20":"tag-overskrifter","21":"tag-top-stories","22":"tag-topstories","23":"tag-verden","24":"tag-world","25":"tag-world-news","26":"tag-worldnews"},"share_on_mastodon":{"url":"https:\/\/pubeurope.com\/@no\/115856148142365312","error":""},"_links":{"self":[{"href":"https:\/\/www.europesays.com\/no\/wp-json\/wp\/v2\/posts\/131577","targetHints":{"allow":["GET"]}}],"collection":[{"href":"https:\/\/www.europesays.com\/no\/wp-json\/wp\/v2\/posts"}],"about":[{"href":"https:\/\/www.europesays.com\/no\/wp-json\/wp\/v2\/types\/post"}],"author":[{"embeddable":true,"href":"https:\/\/www.europesays.com\/no\/wp-json\/wp\/v2\/users\/2"}],"replies":[{"embeddable":true,"href":"https:\/\/www.europesays.com\/no\/wp-json\/wp\/v2\/comments?post=131577"}],"version-history":[{"count":0,"href":"https:\/\/www.europesays.com\/no\/wp-json\/wp\/v2\/posts\/131577\/revisions"}],"wp:featuredmedia":[{"embeddable":true,"href":"https:\/\/www.europesays.com\/no\/wp-json\/wp\/v2\/media\/131578"}],"wp:attachment":[{"href":"https:\/\/www.europesays.com\/no\/wp-json\/wp\/v2\/media?parent=131577"}],"wp:term":[{"taxonomy":"category","embeddable":true,"href":"https:\/\/www.europesays.com\/no\/wp-json\/wp\/v2\/categories?post=131577"},{"taxonomy":"post_tag","embeddable":true,"href":"https:\/\/www.europesays.com\/no\/wp-json\/wp\/v2\/tags?post=131577"}],"curies":[{"name":"wp","href":"https:\/\/api.w.org\/{rel}","templated":true}]}}