{"id":131583,"date":"2026-01-07T22:27:10","date_gmt":"2026-01-07T22:27:10","guid":{"rendered":"https:\/\/www.europesays.com\/no\/131583\/"},"modified":"2026-01-07T22:27:10","modified_gmt":"2026-01-07T22:27:10","slug":"mann-domt-for-a-advare-mot-drapssiktede-vilma-andersson","status":"publish","type":"post","link":"https:\/\/www.europesays.com\/no\/131583\/","title":{"rendered":"Mann d\u00f8mt for \u00e5 advare mot drapssiktede Vilma Andersson"},"content":{"rendered":"\n<p class=\"_lead_o9xde_2 _lead_xtcu6_50 layout-component text-serif-m layout-normal text-serif-l layout-component layout-wide layout-padded _wide_17hqh_1 layout-padded\">M\u00e5tte betale 15.000 kroner i erstatning til den n\u00e5 drapssiktede svenske mannen.<\/p>\n<p><img alt=\"Vilma Andersson. Foto: Skjermdump Linkedin\" class=\"_image_qp4xg_65 layout-component layout-wide\" data-fullscreen- data-track-element-type=\"Article image fullscreen\" data-track-name=\"ImageFullscreen\" fetchpriority=\"high\" decoding=\"sync\" loading=\"eager\" height=\"800\" itemprop=\"image\"  src=\"https:\/\/www.europesays.com\/no\/wp-content\/uploads\/2026\/01\/15f2de5c-6469-498c-8a53-b7234d6b2730.jpeg\"  style=\"object-position:0% 0%\" width=\"799\"\/>Vilma Andersson. Foto: Skjermdump Linkedin<\/p>\n<ul aria-hidden=\"true\" class=\"_images_ntbth_112\">\n<li><a class=\"_link_ntbth_117\" href=\"https:\/\/www.vg.no\/forfatter\/joern-e-kaalstad\" style=\"z-index:1\" title=\"J\u00f8rn E. Kaalstad\" rel=\"nofollow noopener\" target=\"_blank\"><img alt=\"Bilde av J\u00f8rn E. Kaalstad\" class=\"_image_ntbth_93\" fetchpriority=\"low\" loading=\"lazy\" decoding=\"async\" itemprop=\"image\"  src=\"https:\/\/www.europesays.com\/no\/wp-content\/uploads\/2026\/01\/1767824828_994_669373df-e8fd-4864-880f-5035f6f30b0b.jpeg\"  width=\"480\"\/><\/a><\/li>\n<\/ul>\n<p> Oppdatert onsdag 7. januar kl. 23:24    <\/p>\n<ul class=\"_list_o9xde_3 _list_64s2r_85 _unordered_o9xde_106 text-sans-m\">\n<li class=\"_item_o9xde_30\">En mann ble d\u00f8mt for \u00e6rekrenkelse etter \u00e5 ha advart mot Vilma Andersson p\u00e5 Facebook.<\/li>\n<li class=\"_item_o9xde_30\">Andersson er n\u00e5 siktet for drap og partering av en kvinne i R\u00f6nninge.<\/li>\n<li class=\"_item_o9xde_30\">Faren m\u00e5tte betale 15.000 kroner i erstatning til Andersson.<\/li>\n<li class=\"_item_o9xde_30\">Drapet har rystet Sverige, og over 2,5 millioner kroner er samlet inn til offerets familie.<\/li>\n<\/ul>\n<p>Vis mer <\/p>\n<p class=\"_paragraph_o9xde_4 _paragraph_xtcu6_10 layout-component text-serif-m layout-normal text-serif-m layout-padded\">En mann som advarte mot Vilma Andersson (26) p\u00e5 Facebook ble d\u00f8mt for \u00e6rekrenkelse og m\u00e5tte betale erstatning til Andersson, som n\u00e5 er siktet for \u00e5 ha drept og partert en ung kvinne i R\u00f6nninge i Sverige natt til 2. juledag i 2025, if\u00f8lge den svenske avisen <a href=\"https:\/\/www.expressen.se\/nyheter\/sverige\/mannens-larm-om-vilma-andersson-domdes-for-fortal\/\" class=\"_link_o9xde_39\" rel=\"nofollow noopener\" target=\"_blank\">Expressen<\/a>. som f\u00f8rst skrev om saken. <\/p>\n<p class=\"_paragraph_o9xde_4 _paragraph_xtcu6_10 layout-component text-serif-m layout-normal text-serif-m layout-padded\">Parteringsdrapet har vakt stor sorg og sinne i Sverige, og en <a href=\"https:\/\/www.vg.no\/nyheter\/i\/GxGqBx\/drapet-i-ronninge-har-samlet-inn-over-en-million-til-de-etterlatte\" data-track-element-type=\"Link\" data-track-id=\"link:GxGqBx\" class=\"_link_o9xde_39\" rel=\"nofollow noopener\" target=\"_blank\">innsamling til den drepte kvinnens familie<\/a> har s\u00e5 langt f\u00e5tt inn over 2,5 millioner kroner. <\/p>\n<p class=\"_paragraph_o9xde_4 _paragraph_xtcu6_10 layout-component text-serif-m layout-normal text-serif-m layout-padded\">Her kan du lese mer om den grusomme drapssiktelsen:<\/p>\n<p class=\"_paragraph_o9xde_4 _paragraph_xtcu6_10 layout-component text-serif-m layout-normal layout-padded\"><strong class=\"_strong_o9xde_25\">Les ogs\u00e5:<\/strong> <a href=\"https:\/\/www.vg.no\/i\/8pmoj1\" data-track-element-type=\"Link\" data-track-id=\"link:8pmoj1\" class=\"_link_o9xde_39\" rel=\"nofollow noopener\" target=\"_blank\">Vilma Andersson siktet etter parteringsdrap: \u2013 Et stort sjokk<\/a><\/p>\n<p class=\"_paragraph_o9xde_4 _paragraph_xtcu6_10 layout-component text-serif-m layout-normal text-serif-m layout-padded\">Mens den drapssiktede Vilma Andersson sitter i varetekt, kommer det n\u00e5 frem opplysninger fra en rettssak fra tiden etter at han ble l\u00f8slatt fra en tidligere dom.<\/p>\n<p class=\"_paragraph_o9xde_4 _paragraph_xtcu6_10 layout-component text-serif-m layout-normal text-serif-m layout-padded\">Dette er bakgrunnen: <br \/>I 2019 ble Andersson d\u00f8mt til fengsel i to \u00e5r og fire m\u00e5neder for kidnappingsfors\u00f8k og besittelse av grove overgrepsbilder av barn.<\/p>\n<p class=\"_paragraph_o9xde_4 _paragraph_xtcu6_10 layout-component text-serif-m layout-normal text-serif-m layout-padded\">Da <a href=\"https:\/\/www.vg.no\/nyheter\/i\/L4Aq7J\/drapsmistenkt-mann-i-salem-i-sverige-tidligere-doemt-for-kidnappingsforsoek-45-aaring-loeslatt\" data-track-element-type=\"Link\" data-track-id=\"link:L4Aq7J\" class=\"_link_o9xde_39\" rel=\"nofollow noopener\" target=\"_blank\">hadde han fors\u00f8kt \u00e5 kidnappe en 10 \u00e5r gammel jente<\/a>\u00a0p\u00e5 Eker\u00f6 utenfor Stockholm.<\/p>\n<p class=\"_paragraph_o9xde_4 _paragraph_xtcu6_10 layout-component text-serif-m layout-normal text-serif-m layout-padded\">I forbindelse med kidnappingssaken ble det avsl\u00f8rt at PC-en hans inneholdt titusenvis av filmer og bilder av grove overgrep av barn og en mengde bilder av d\u00f8de og nakne kvinnekropper.<\/p>\n<p>Ble gjenkjent<\/p>\n<p class=\"_paragraph_o9xde_4 _paragraph_xtcu6_10 layout-component text-serif-m layout-normal text-serif-m layout-padded\">I 2021 ble han l\u00f8slatt fra fengsel, men da han flyttet tilbake til samme omr\u00e5de, skal beboere p\u00e5 Eker\u00f6 ha blitt redde, if\u00f8lge Expressen som skriver at pamfletter med Andersons bilde og teksten \u00abD\u00f8mt pedofil \u2013 fantaserer om mord og \u00e5 kidnappe barn\u00bb ble delt ut i postkasser. <\/p>\n<p class=\"_paragraph_o9xde_4 _paragraph_xtcu6_10 layout-component text-serif-m layout-normal text-serif-m layout-padded\">Opplysningene i Anderssons sak var unntatt offentlighet da han ble l\u00f8slatt fra fengselet i 2021. Ingen kunne spore ham opp gjennom offentlige registre eller s\u00f8kemotorer.<\/p>\n<p class=\"_paragraph_o9xde_4 _paragraph_xtcu6_10 layout-component text-serif-m layout-normal text-serif-m layout-padded\">Men folk p\u00e5 Eker\u00f6 skal ha gjenkjent ham da han kom tilbake i 2021.<\/p>\n<p><img alt=\"Minnemarkeringen ved R\u00f6nninge torg i Stockholm etter at en kvinne ble funnet drept 2. juledag i fjor.  Foto: Nils Petter Nilsson\/TT NYHETSBYR\u00c5N\" class=\"_image_qp4xg_65 layout-component layout-normal\" data-fullscreen- data-track-element-type=\"Article image fullscreen\" data-track-name=\"ImageFullscreen\" decoding=\"async\" loading=\"lazy\" height=\"5464\" itemprop=\"image\"  src=\"https:\/\/www.europesays.com\/no\/wp-content\/uploads\/2026\/01\/9a79cc88-b4f6-4b8b-9c11-36fcd3cb33bd.png\"  style=\"object-position:0% 0%\" width=\"8192\"\/>Minnemarkeringen ved R\u00f6nninge torg i Stockholm etter at en kvinne ble funnet drept 2. juledag i fjor.  Foto: Nils Petter Nilsson\/TT NYHETSBYR\u00c5N<\/p>\n<p class=\"_paragraph_o9xde_4 _paragraph_xtcu6_10 layout-component text-serif-m layout-normal text-serif-m layout-padded\">Expressen skriver at en far tok bilde av pamfletten og la den ut i en lukket Facebook-gruppe med 200 medlemmer.<\/p>\n<p class=\"_paragraph_o9xde_4 _paragraph_xtcu6_10 layout-component text-serif-m layout-normal text-serif-m layout-padded\"><strong class=\"_strong_o9xde_25\">\u2013 Vet ikke hvem som st\u00e5r bak dette, men bra jobbet! L\u00e5 i postkassen min!, skrev faren i kommentarfeltet, if\u00f8lge Expressen.<\/strong><\/p>\n<p class=\"_paragraph_o9xde_4 _paragraph_xtcu6_10 layout-component text-serif-m layout-normal text-serif-m layout-padded\">Det han ikke visste var at Andersson selv var medlem av gruppen, under falskt navn. Andersson s\u00e5 innlegget, fotograferte det og politianmeldte mannen.<\/p>\n<p>\u2013 Ydmykelse og skam<\/p>\n<p class=\"_paragraph_o9xde_4 _paragraph_xtcu6_10 layout-component text-serif-m layout-normal text-serif-m layout-padded\"><strong class=\"_strong_o9xde_25\">I 2023 ble faren d\u00f8mt av Solna tingrett og m\u00e5tte betale 15 000 kroner i erstatning til Andersson.<\/strong><\/p>\n<p class=\"_paragraph_o9xde_4 _paragraph_xtcu6_10 layout-component text-serif-m layout-normal text-serif-m layout-padded\">Andersson hadde krevd 50 000 kroner i erstatning.<\/p>\n<p class=\"_paragraph_o9xde_4 _paragraph_xtcu6_10 layout-component text-serif-m layout-normal text-serif-m layout-padded\">\u2013 De kommentarene som finnes p\u00e5 pamfletten kan ikke oppfattes p\u00e5 annen m\u00e5te enn som egnet til \u00e5 peke ut og miskreditere forn\u00e6rmede, skrev retten if\u00f8lge Expressen.<\/p>\n<p class=\"_paragraph_o9xde_4 _paragraph_xtcu6_10 layout-component text-serif-m layout-normal text-serif-m layout-padded\">\u2013 Erstatningen skal kompensere f\u00f8lelser som handlingen har fremkalt, som frykt, ydmykelse, skam og lignende, skrev Solna tingrett.<\/p>\n<p>    <img decoding=\"async\" alt=\"Tips oss illustrasjon\" src=\"https:\/\/www.europesays.com\/no\/wp-content\/uploads\/2025\/10\/pssst-small.webp.webp\"\/>    <\/p>\n<p class=\"title-serif-s\">Har du tips?<\/p>\n<p class=\"text-sans-m\">Send oss informasjon, bilder eller video.<\/p>\n<p>  <a href=\"https:\/\/www.vg.no\/tips-oss\" rel=\"nofollow noopener\" target=\"_blank\"> Tips oss <\/a>      <\/p>\n","protected":false},"excerpt":{"rendered":"M\u00e5tte betale 15.000 kroner i erstatning til den n\u00e5 drapssiktede svenske mannen. Vilma Andersson. Foto: Skjermdump Linkedin Oppdatert&hellip;\n","protected":false},"author":2,"featured_media":131584,"comment_status":"","ping_status":"","sticky":false,"template":"","format":"standard","meta":{"footnotes":""},"categories":[12],"tags":[31,20,21,24,25,15,22,23,13,30,28,29,14,16,26,27,42,43,44,45],"class_list":{"0":"post-131583","1":"post","2":"type-post","3":"status-publish","4":"format-standard","5":"has-post-thumbnail","7":"category-verden","8":"tag-breaking","9":"tag-breaking-news","10":"tag-breakingnews","11":"tag-featured-news","12":"tag-featurednews","13":"tag-headlines","14":"tag-latest-news","15":"tag-latestnews","16":"tag-news","17":"tag-no","18":"tag-norge","19":"tag-norway","20":"tag-nyheter","21":"tag-overskrifter","22":"tag-top-stories","23":"tag-topstories","24":"tag-verden","25":"tag-world","26":"tag-world-news","27":"tag-worldnews"},"share_on_mastodon":{"url":"https:\/\/pubeurope.com\/@no\/115856175544745552","error":""},"_links":{"self":[{"href":"https:\/\/www.europesays.com\/no\/wp-json\/wp\/v2\/posts\/131583","targetHints":{"allow":["GET"]}}],"collection":[{"href":"https:\/\/www.europesays.com\/no\/wp-json\/wp\/v2\/posts"}],"about":[{"href":"https:\/\/www.europesays.com\/no\/wp-json\/wp\/v2\/types\/post"}],"author":[{"embeddable":true,"href":"https:\/\/www.europesays.com\/no\/wp-json\/wp\/v2\/users\/2"}],"replies":[{"embeddable":true,"href":"https:\/\/www.europesays.com\/no\/wp-json\/wp\/v2\/comments?post=131583"}],"version-history":[{"count":0,"href":"https:\/\/www.europesays.com\/no\/wp-json\/wp\/v2\/posts\/131583\/revisions"}],"wp:featuredmedia":[{"embeddable":true,"href":"https:\/\/www.europesays.com\/no\/wp-json\/wp\/v2\/media\/131584"}],"wp:attachment":[{"href":"https:\/\/www.europesays.com\/no\/wp-json\/wp\/v2\/media?parent=131583"}],"wp:term":[{"taxonomy":"category","embeddable":true,"href":"https:\/\/www.europesays.com\/no\/wp-json\/wp\/v2\/categories?post=131583"},{"taxonomy":"post_tag","embeddable":true,"href":"https:\/\/www.europesays.com\/no\/wp-json\/wp\/v2\/tags?post=131583"}],"curies":[{"name":"wp","href":"https:\/\/api.w.org\/{rel}","templated":true}]}}